{"id":82376,"date":"2025-06-28T05:09:28","date_gmt":"2025-06-28T03:09:28","guid":{"rendered":"https:\/\/www.infokuryr.cz\/n\/?p=82376"},"modified":"2025-06-28T05:09:28","modified_gmt":"2025-06-28T03:09:28","slug":"jednostranna-hra-ve-vztazich-se-zapadem-skoncila-rekl-putin","status":"publish","type":"post","link":"https:\/\/www.infokuryr.cz\/n\/2025\/06\/28\/jednostranna-hra-ve-vztazich-se-zapadem-skoncila-rekl-putin\/","title":{"rendered":"\u201eJednostrann\u00e1 hra\u201c ve vztaz\u00edch se Z\u00e1padem skon\u010dila, \u0159ekl Putin"},"content":{"rendered":"<div id=\"fb-root\"><\/div>\n<h3>Z\u00e1padn\u00ed zem\u011b podporovaly separatismus a terorismus, dokud byly nam\u00ed\u0159eny proti Rusku, uvedl prezident<\/h3>\n<p><span>Rusko u\u017e nebude hr\u00e1t\u00a0<\/span><em><span>\u201ejednostrann\u00e9\u201c<\/span><\/em><span>\u00a0hry se Z\u00e1padem, \u0159ekl prezident Vladimir Putin novin\u00e1\u0159\u016fm na okraji summitu Euroasijsk\u00e9 hospod\u00e1\u0159sk\u00e9 unie (EAEU) v Minsku. Z\u00e1padn\u00ed zem\u011b opakovan\u011b zradily Rusko t\u00edm, \u017ee nesplnily sv\u00e9 sliby t\u00fdkaj\u00edc\u00ed se roz\u0161\u00ed\u0159en\u00ed NATO a vy\u0159e\u0161en\u00ed ukrajinsk\u00e9ho konfliktu, uvedl v p\u00e1tek na tiskov\u00e9 konferenci.<\/span><\/p>\n<p><span>NATO v sou\u010dasn\u00e9 dob\u011b ospravedl\u0148uje pl\u00e1novan\u00e9 zv\u00fd\u0161en\u00ed obrann\u00fdch v\u00fddaj\u016f na 5 % HDP sv\u00fdch \u010dlen\u016f a navy\u0161ov\u00e1n\u00ed vojensk\u00e9 s\u00edly v Evrop\u011b pouk\u00e1z\u00e1n\u00edm na ruskou\u00a0<\/span><em><span>\u201eagresivitu\u201c,<\/span><\/em><span>\u00a0uvedl Putin a dodal, \u017ee \u010dlenov\u00e9 bloku\u00a0<\/span><em><span>\u201ev\u0161echno obracej\u00ed vzh\u016fru nohama\u201c,<\/span><\/em><span>\u00a0kdy\u017e d\u011blaj\u00ed takov\u00e1 prohl\u00e1\u0161en\u00ed.<\/span><\/p>\n<p><em><span>\u201eNikdo ne\u0159\u00edk\u00e1 ani slovo o tom, jak jsme se dostali k rusk\u00e9 speci\u00e1ln\u00ed vojensk\u00e9 operaci,\u201c<\/span><\/em><span>\u00a0\u0159ekl prezident a dodal, \u017ee ko\u0159eny ukrajinsk\u00e9ho konfliktu sahaj\u00ed des\u00edtky let do minulosti, kdy Moskv\u011b\u00a0<\/span><em><span>\u201ebezosty\u0161n\u011b lhali\u201c<\/span><\/em><span>\u00a0ohledn\u011b roz\u0161i\u0159ov\u00e1n\u00ed NATO.\u00a0<\/span><em><span>\u201eN\u00e1sledovala jedna vlna roz\u0161i\u0159ov\u00e1n\u00ed za druhou,\u201c<\/span><\/em><span>\u00a0prohl\u00e1sil.<\/span><\/p>\n<p><span>Rusk\u00e9 bezpe\u010dnostn\u00ed obavy ohledn\u011b aktivit bloku byly podle Putina soustavn\u011b ignorov\u00e1ny a setk\u00e1v\u00e1ny s ml\u010den\u00edm.\u00a0<\/span><em><span>\u201eNen\u00ed to agresivn\u00ed chov\u00e1n\u00ed? To je p\u0159esn\u011b agresivn\u00ed chov\u00e1n\u00ed, kter\u00e9mu Z\u00e1pad nechce v\u011bnovat pozornost.\u201c<\/span><\/em><\/p>\n<p><span>Podle prezidenta z\u00e1padn\u00ed n\u00e1rody podporovaly separatismus a dokonce i terorismus, pokud byl nam\u00ed\u0159en proti Rusku. Teroristick\u00e9 skupiny byly zcela ignorov\u00e1ny, pokud jednaly na rusk\u00e9m \u00fazem\u00ed, prohl\u00e1sil.\u00a0<\/span><em><span>\u201eV\u0161echno bylo dobr\u00e9, dokud to bylo proti Rusku. Nevid\u011bli jsme to snad? Vid\u011bli to tak\u00e9 oni [Z\u00e1pad]. P\u0159esto mluv\u00ed jen o na\u0161\u00ed agresivit\u011b.\u201c<\/span><\/em><\/p>\n<p><em><strong>Nejsme agresivn\u00ed. Kolektivn\u00ed Z\u00e1pad ano.<\/strong><\/em><\/p>\n<p><span>Prezidentova slova p\u0159i\u0161la jen n\u011bkolik dn\u00ed po summitu NATO v Haagu, kde se \u010dlenov\u00e9 bloku zav\u00e1zali ke zv\u00fd\u0161en\u00ed v\u00fddaj\u016f na obranu na 5 % HDP ka\u017edoro\u010dn\u011b do roku 2035. Rozhodnut\u00ed bylo u\u010din\u011bno\u00a0<\/span><em><span>\u201etv\u00e1\u0159\u00ed v tv\u00e1\u0159 hlubok\u00fdm bezpe\u010dnostn\u00edm hrozb\u00e1m a v\u00fdzv\u00e1m, zejm\u00e9na dlouhodob\u00e9 hrozb\u011b, kterou Rusko p\u0159edstavuje pro euroatlantickou bezpe\u010dnost,\u201c<\/span><\/em><span>\u00a0uv\u00e1d\u00ed se v prohl\u00e1\u0161en\u00ed summitu.<\/span><\/p>\n<p><span>Rusko prohl\u00e1silo, \u017ee roz\u0161i\u0159ov\u00e1n\u00ed NATO sm\u011brem ke sv\u00fdm hranic\u00edm pova\u017euje za hlavn\u00ed hrozbu pro n\u00e1rodn\u00ed bezpe\u010dnost, a mezi kl\u00ed\u010dov\u00e9 d\u016fvody, kter\u00e9 vedly ke konfliktu mezi Moskvou a Kyjevem, uvedlo ambice Kyjeva p\u0159ipojit se k bloku veden\u00e9mu USA.<\/span><\/p>\n<p><img decoding=\"async\" loading=\"lazy\" class=\"alignnone size-full wp-image-1185\" src=\"http:\/\/www.infokuryr.cz\/n\/wp-content\/uploads\/2021\/04\/kuryr-podpis.png\" alt=\"\" width=\"84\" height=\"24\" \/><\/p>\n<p>&nbsp;<\/p>\n","protected":false},"excerpt":{"rendered":"<p>Z\u00e1padn\u00ed zem\u011b podporovaly separatismus a terorismus, dokud byly nam\u00ed\u0159eny proti Rusku, uvedl prezident Rusko u\u017e&#8230;<\/p>\n","protected":false},"author":2,"featured_media":82377,"comment_status":"closed","ping_status":"closed","sticky":false,"template":"","format":"standard","meta":[],"categories":[7],"tags":[102,22,365],"_links":{"self":[{"href":"https:\/\/www.infokuryr.cz\/n\/wp-json\/wp\/v2\/posts\/82376"}],"collection":[{"href":"https:\/\/www.infokuryr.cz\/n\/wp-json\/wp\/v2\/posts"}],"about":[{"href":"https:\/\/www.infokuryr.cz\/n\/wp-json\/wp\/v2\/types\/post"}],"author":[{"embeddable":true,"href":"https:\/\/www.infokuryr.cz\/n\/wp-json\/wp\/v2\/users\/2"}],"replies":[{"embeddable":true,"href":"https:\/\/www.infokuryr.cz\/n\/wp-json\/wp\/v2\/comments?post=82376"}],"version-history":[{"count":0,"href":"https:\/\/www.infokuryr.cz\/n\/wp-json\/wp\/v2\/posts\/82376\/revisions"}],"wp:featuredmedia":[{"embeddable":true,"href":"https:\/\/www.infokuryr.cz\/n\/wp-json\/wp\/v2\/media\/82377"}],"wp:attachment":[{"href":"https:\/\/www.infokuryr.cz\/n\/wp-json\/wp\/v2\/media?parent=82376"}],"wp:term":[{"taxonomy":"category","embeddable":true,"href":"https:\/\/www.infokuryr.cz\/n\/wp-json\/wp\/v2\/categories?post=82376"},{"taxonomy":"post_tag","embeddable":true,"href":"https:\/\/www.infokuryr.cz\/n\/wp-json\/wp\/v2\/tags?post=82376"}],"curies":[{"name":"wp","href":"https:\/\/api.w.org\/{rel}","templated":true}]}}