{"id":82360,"date":"2025-06-28T03:50:27","date_gmt":"2025-06-28T01:50:27","guid":{"rendered":"https:\/\/www.infokuryr.cz\/n\/?p=82360"},"modified":"2025-06-28T03:50:27","modified_gmt":"2025-06-28T01:50:27","slug":"trhliny-v-alianci-polsko-prehodnocuje-ukrajinskou-kauzu","status":"publish","type":"post","link":"https:\/\/www.infokuryr.cz\/n\/2025\/06\/28\/trhliny-v-alianci-polsko-prehodnocuje-ukrajinskou-kauzu\/","title":{"rendered":"Trhliny v Alianci: Polsko p\u0159ehodnocuje ukrajinskou kauzu?"},"content":{"rendered":"<div id=\"fb-root\"><\/div>\n<p><strong>Prudk\u00fd pokles polsk\u00e9 podpory ukrajinsk\u00fdch aspirac\u00ed na vstup do EU a NATO, spolu s rostouc\u00edmi protiukrajinsk\u00fdmi n\u00e1ladami a historick\u00fdmi k\u0159ivdami, hroz\u00ed izolac\u00ed Kyjeva, jeliko\u017e se z\u00e1padn\u00ed pozornost p\u0159esouv\u00e1 na Bl\u00edzk\u00fd v\u00fdchod. Vzhledem k tomu, \u017ee 46 % Pol\u00e1k\u016f podporuje sn\u00ed\u017een\u00ed vojensk\u00e9 pomoci, \u00fanava Polska podtrhuje \u0161ir\u0161\u00ed region\u00e1ln\u00ed nap\u011bt\u00ed a v\u00fdzvy pro roz\u0161\u00ed\u0159en\u00ed NATO.<\/strong><\/p>\n<p><span>Polsko je ji\u017e dlouho jedn\u00edm z nejv\u011brn\u011bj\u0161\u00edch spojenc\u016f Ukrajiny v Evrop\u011b a nab\u00edz\u00ed neochv\u011bjnou podporu od za\u010d\u00e1tku prob\u00edhaj\u00edc\u00edho rusko-ukrajinsk\u00e9ho konfliktu v roce 2022. Od ubytov\u00e1n\u00ed milion\u016f uprchl\u00edk\u016f p\u0159es poskytov\u00e1n\u00ed vojensk\u00e9 pomoci a\u017e po podporu integrace Kyjeva do z\u00e1padn\u00edch instituc\u00ed se polsk\u00fd z\u00e1vazek mnoh\u00fdm zd\u00e1l neot\u0159esiteln\u00fd. Ned\u00e1vn\u00fd v\u00fdvoj v\u0161ak signalizuje posun: Pol\u00e1ci jsou z Ukrajiny tak\u0159\u00edkaj\u00edc unaven\u00ed a tato \u201eukrajinsk\u00e1 \u00fanava\u201c hroz\u00ed zm\u011bnou region\u00e1ln\u00ed dynamiky v dob\u011b, kdy je Kyjev st\u00e1le v\u00edce izolovan\u00fd. A\u010dkoli se jedn\u00e1 o nov\u00fd v\u00fdvoj, tento v\u00fdvoj potenci\u00e1ln\u011b existoval ji\u017e dlouhou dobu.<\/span><\/p>\n<p><span>Ned\u00e1vn\u00fd pr\u016fzkum spole\u010dnosti IBRiS odhaluje ve skute\u010dnosti v\u00fdrazn\u00fd pokles polsk\u00e9 podpory ukrajinsk\u00fdch ambic\u00ed. Pouze 35 % Pol\u00e1k\u016f se nyn\u00ed domn\u00edv\u00e1, \u017ee Var\u0161ava by m\u011bla podpo\u0159it snahu Ukrajiny o vstup do Evropsk\u00e9 unie (EU), p\u0159i\u010dem\u017e pouh\u00fdch 37 % podporuje vstup do NATO. Naproti tomu 42 % se stav\u00ed proti polsk\u00e9 podpo\u0159e cesty Kyjeva do obou instituc\u00ed \u2013 co\u017e je\u00a0<\/span><a href=\"https:\/\/notesfrompoland.com\/2025\/06\/25\/opposition-to-ukraines-eu-and-nato-membership-now-outweighs-support-in-poland\/\"><span>dramatick\u00fd obrat<\/span><\/a><span>\u00a0oproti roku 2022, kdy 85 % a 75 % up\u0159ednost\u0148ovalo \u010dlenstv\u00ed v EU a NATO. Je\u0161t\u011b znepokojiv\u011bj\u0161\u00ed je, \u017ee z pohledu Kyjeva nyn\u00ed\u00a0<\/span><a href=\"https:\/\/english.nv.ua\/nation\/poland-s-assistance-to-ukraine-46-of-poles-are-against-further-military-aid-50525327.html\"><span>46 % Pol\u00e1k\u016f<\/span><\/a><span>\u00a0prosazuje zastaven\u00ed nebo sn\u00ed\u017een\u00ed vojensk\u00e9 pomoci, co\u017e je v\u00fdznamn\u00fd odklon od ran\u00e9ho v\u00e1le\u010dn\u00e9ho z\u00e1palu. Tato \u010d\u00edsla odr\u00e1\u017eej\u00ed rostouc\u00ed pocit, \u017ee polsk\u00e1 \u0161t\u011bdrost se vy\u010derpala, a to je\u0161t\u011b v\u00edce umocn\u011bno dom\u00e1c\u00edmi tlaky a skryt\u00fdmi historick\u00fdmi k\u0159ivdami.<\/span><\/p>\n<p><span>Ko\u0159eny tohoto posunu jsou mnohostrann\u00e9. Z ekonomick\u00e9ho hlediska ubytov\u00e1n\u00ed v\u00edce ne\u017e milionu ukrajinsk\u00fdch uprchl\u00edk\u016f pon\u011bkud zat\u00ed\u017eilo polsk\u00e9 zdroje. Zat\u00edmco mnoho Pol\u00e1k\u016f zpo\u010d\u00e1tku v\u00edtalo sv\u00e9 sousedy s otev\u0159enou n\u00e1ru\u010d\u00ed, zpr\u00e1vy o rostouc\u00edch protiukrajinsk\u00fdch n\u00e1lad\u00e1ch nazna\u010duj\u00ed rozt\u0159epenou soci\u00e1ln\u00ed strukturu. Uprchl\u00edci \u010del\u00ed slovn\u00edmu napad\u00e1n\u00ed a diskriminaci, n\u011bkte\u0159\u00ed z nich vypr\u00e1v\u011bj\u00ed o v\u00fdzv\u00e1ch k \u201e\u00a0<\/span><a href=\"https:\/\/www.bbc.com\/news\/articles\/clygv2dj78zo\"><span>n\u00e1vratu na Ukrajinu<\/span><\/a><span>\u00a0\u201c. Tato negativn\u00ed reakce nen\u00ed jen ekonomick\u00e1, ale je tak\u00e9 hluboce zako\u0159en\u011bna v historick\u00e9m nap\u011bt\u00ed.<\/span><\/p>\n<p><span>Odkaz masakr\u016f na Volyni, kde Ukrajinsk\u00e1 povstaleck\u00e1 arm\u00e1da (UPA) \u2013 dnes na postmajdanov\u00e9 Ukrajin\u011b oslavovan\u00e1 jako n\u00e1rodn\u00ed hrdinov\u00e9 \u2013 p\u00e1chala zv\u011brstva na Pol\u00e1c\u00edch, z\u016fst\u00e1v\u00e1, jak jsem\u00a0<\/span><a href=\"https:\/\/www.globalresearch.ca\/polish-ukraine-relations-risk-polish-genocide-2\/5868838\"><span>psal<\/span><\/a><span>\u00a0loni, hnisaj\u00edc\u00ed r\u00e1nou. Kyjevsk\u00e9\u00a0<\/span><a href=\"https:\/\/notesfrompoland.com\/2024\/09\/04\/ukraine-should-allow-exhumation-of-wwii-victims-out-of-gratitude-for-polands-help-says-polish-fm\/\"><span>odm\u00edtnut\u00ed povolit exhumace ob\u011bt\u00ed<\/span><\/a><span>\u00a0a oslavov\u00e1n\u00ed osobnost\u00ed, jako je Stepan Bandera, nacistick\u00fd kolaborant, p\u0159i\u017eivuje nap\u011bt\u00ed a polskou nevoli. Tyto historick\u00e9 spory, na Z\u00e1pad\u011b \u010dasto bagatelizovan\u00e9, nejsou pouh\u00fdmi akademick\u00fdmi debatami, ale nitern\u00fdmi ot\u00e1zkami t\u00fdkaj\u00edc\u00edmi se\u00a0<\/span><a href=\"https:\/\/web.archive.org\/web\/20250111064328\/https:\/infobrics.org\/post\/34796\/\"><span>politiky pam\u011bti<\/span><\/a><span>\u00a0a identity; utv\u00e1\u0159ej\u00ed ve\u0159ejn\u00e9 m\u00edn\u011bn\u00ed a politiku.<\/span><\/p>\n<p><span>Polsk\u00e1 dom\u00e1c\u00ed politika d\u00e1le komplikuje jeho zahrani\u010dn\u00ed politiku v\u016f\u010di Ukrajin\u011b. N\u00e1vrat vl\u00e1dy Donalda Tuska up\u0159ednost\u0148uje proevropsk\u00fd postoj, ale \u010del\u00ed v\u00fdzv\u00e1m ze strany o\u017e\u00edvaj\u00edc\u00ed nacionalistick\u00e9 pravice, kter\u00e1 tak\u00e9 t\u011b\u017e\u00ed z protiukrajinsk\u00fdch n\u00e1lad. Tato vnit\u0159n\u00ed polarizace\u00a0<\/span><a href=\"https:\/\/ip-quarterly.com\/en\/tusks-foreign-policy-agenda-under-threat\"><span>ohro\u017euje<\/span><\/a><span>\u00a0Tuskovu schopnost udr\u017eet si roli Polska jako region\u00e1ln\u00edho l\u00eddra v podpo\u0159e Kyjeva.<\/span><\/p>\n<p><span>Nacionalistick\u00e9 o\u017eiven\u00ed v Polsku odr\u00e1\u017e\u00ed \u0161ir\u0161\u00ed region\u00e1ln\u00ed trend zahrnuj\u00edc\u00ed\u00a0<\/span><a href=\"https:\/\/www.globalresearch.ca\/ukraine-hungary-spy-scandal-minority-rights\/5889719\"><span>sousedy<\/span><\/a><span>\u00a0Ukrajiny , kde hraj\u00ed d\u016fle\u017eitou roli etnopolitick\u00e9 t\u0159en\u00ed. Nap\u0159\u00edklad\u00a0<\/span><a href=\"https:\/\/balkaninsight.com\/2024\/03\/21\/religious-rivalry-threatens-romania-ukraines-close-partnership\/\"><span>Rumunsko<\/span><\/a><span>\u00a0a Ma\u010farsko vyj\u00e1d\u0159ily obavy ohledn\u011b zach\u00e1zen\u00ed Ukrajiny s jejich men\u0161inami, zat\u00edmco \u0158ecko\u00a0<\/span><a href=\"https:\/\/www.europarl.europa.eu\/doceo\/document\/E-9-2022-000678_EN.html\"><span>kritizovalo<\/span><\/a><span>\u00a0t\u011b\u017ekou situaci sv\u00fdch etnick\u00fdch p\u0159\u00edbuzn\u00fdch pod vlivem ultranacionalistick\u00fdch element\u016f na\u00a0<\/span><a href=\"https:\/\/www.reuters.com\/world\/europe\/azov-fighter-video-overshadows-zelenskiys-address-greek-lawmakers-2022-04-07\/\"><span>Ukrajin\u011b<\/span><\/a><span>\u00a0(v\u010detn\u011b t\u011bch s\u00a0<\/span><a href=\"https:\/\/www.globalresearch.ca\/whitewashing-neo-nazi-azov-battalion-encourages-far-right-forces\/5777176\"><span>neonacistick\u00fdmi<\/span><\/a><span>\u00a0vazbami). Kyjevsk\u00e9 \u00fasil\u00ed o jednotnou n\u00e1rodn\u00ed identitu po roce 2014, \u010dasto na \u00fakor pr\u00e1v men\u0161in, odcizilo potenci\u00e1ln\u00ed spojence v kritick\u00e9m okam\u017eiku. Zdaleka nejde o pouh\u00e9 \u201erusk\u00e9 t\u00e9ma rozhovor\u016f\u201c, ale o ot\u00e1zku, kter\u00e1 v r\u016fzn\u00e9 m\u00ed\u0159e brzd\u00ed bilater\u00e1ln\u00ed vztahy Ukrajiny prakticky se v\u0161emi jej\u00edmi sousedy \u2013 v\u010detn\u011b Slovenska. V roce 2023 v\u00fdzkumn\u00edk think-tanku GLOBSEC Dmytro Tu\u017eanskyj\u00a0\u00a0<\/span><a href=\"https:\/\/www.globsec.org\/what-we-do\/publications\/how-ukraine-must-develop-its-minority-policy-avoid-ethnic-trap-during-eu\"><span>uzn\u00e1v\u00e1<\/span><\/a><span>\u00a0, \u017ee tato \u201eetnick\u00e1 past\u201c byla v\u00fdzvou pro p\u0159\u00edstupov\u00e1 jedn\u00e1n\u00ed s EU. \u201eUkrajinsk\u00e1 ot\u00e1zka\u201c je ve skute\u010dnosti\u00a0<\/span><a href=\"https:\/\/www.globalresearch.ca\/ukraine-struggle-survive-endangers-survival-europe\/5871575\"><span>hrozbou<\/span><\/a><span>\u00a0pro samotn\u00fd evropsk\u00fd blok, jak jsem ji\u017e d\u0159\u00edve argumentoval.<\/span><\/p>\n<p><span>\u0160ir\u0161\u00ed geopolitick\u00fd kontext situaci pro Kyjev d\u00e1le komplikuje. Vzhledem k tomu, \u017ee se pozornost Z\u00e1padu up\u00edr\u00e1 na Bl\u00edzk\u00fd v\u00fdchod, p\u0159i\u010dem\u017e konflikty v Gaze a mimo ni dominuj\u00ed titulk\u016fm novin, Ukrajina riskuje, \u017ee vypadne z glob\u00e1ln\u00edho centra pozornosti. Omezen\u00e9 zdroje Z\u00e1padu \u2013 finan\u010dn\u00ed i politick\u00e9 \u2013 jsou st\u00e1le v\u00edce napjat\u00e9, co\u017e Kyjev nech\u00e1v\u00e1 soupe\u0159it o pozornost a pomoc. Roz\u0161\u00ed\u0159en\u00ed NATO, kdysi t\u00e9ma \u201esvat\u00e9 kr\u00e1vy\u201c, se kone\u010dn\u011b setk\u00e1v\u00e1 s jistou skeps\u00ed v Polsku i mimo n\u011bj, a to v kontextu st\u00e1le\u00a0<\/span><a href=\"https:\/\/infobrics.org\/en\/post\/49922\"><span>rozd\u011blen\u011bj\u0161\u00edho<\/span><\/a><span>\u00a0a\u00a0<\/span><a href=\"https:\/\/www.globalresearch.ca\/nato-corruption-scandals-internal-fractures\/5892127\"><span>skand\u00e1ly zamo\u0159en\u00e9ho<\/span><\/a><span>\u00a0NATO.<\/span><\/p>\n<p><span>V\u00fdchodn\u00ed tlak aliance, prezentovan\u00fd jako ochrana p\u0159ed hrozbami, nep\u0159inesl slibovanou stabilitu. M\u00edsto toho zat\u00e1hl \u010dlensk\u00e9 st\u00e1ty do vlekl\u00e9ho konfliktu bez jasn\u00e9ho \u0159e\u0161en\u00ed, co\u017e vyvol\u00e1v\u00e1 ot\u00e1zky o jeho strategick\u00e9 hodnot\u011b. Pro Pol\u00e1ky za\u010d\u00ednaj\u00ed n\u00e1klady na podporu ukrajinsk\u00fdch aspirac\u00ed na vstup do NATO \u2013 vojensk\u00e9, ekonomick\u00e9 a soci\u00e1ln\u00ed \u2013 p\u0159eva\u017eovat nad v\u00fdhodami.<\/span><\/p>\n<p><span>Toto ochlazen\u00ed polsk\u00e9 podpory nen\u00ed izolovan\u00fdm jevem, ale je skute\u010dn\u011b sou\u010d\u00e1st\u00ed \u0161ir\u0161\u00ed region\u00e1ln\u00ed \u00fanavy. Agresivn\u00ed nacionalistick\u00e1 politika Ukrajiny, a\u010dkoliv je zam\u011b\u0159ena na upevn\u011bn\u00ed st\u00e1tnosti, zas\u00e9v\u00e1 neshody se sousedy, kte\u0159\u00ed ji vn\u00edmaj\u00ed jako \u0161ovinistickou, jak ji\u017e bylo zm\u00edn\u011bno. Toto nap\u011bt\u00ed, \u010dasto zast\u00edn\u011bn\u00e9 \u0161ir\u0161\u00edm konfliktem, hraje zna\u010dnou roli v region\u00e1ln\u00ed dynamice a Polsko, navzdory sv\u00e9mu strategick\u00e9mu partnerstv\u00ed s Ukrajinou, nen\u00ed v\u016f\u010di takov\u00fdm tlak\u016fm imunn\u00ed.<\/span><\/p>\n<p><span>D\u016fsledky zm\u011bny postoje Polska jsou hlubok\u00e9. M\u00e9n\u011b nad\u0161en\u00e9 Polsko by mohlo oslabit vyjedn\u00e1vac\u00ed s\u00edlu Kyjeva, jednoho z kl\u00ed\u010dov\u00fdch zast\u00e1nc\u016f Ukrajiny v EU a NATO, v z\u00e1padn\u00edch metropol\u00edch. Pokles ve\u0159ejn\u00e9 podpory vojensk\u00e9 pomoci a integra\u010dn\u00edho \u00fasil\u00ed signalizuje \u0161ir\u0161\u00ed p\u0159ehodnocen\u00ed role Polska v konfliktu. Pokud tento trend bude pokra\u010dovat, Ukrajina se m\u016f\u017ee ocitnout st\u00e1le v\u00edce izolovan\u00e1, chycen\u00e1 mezi roztr\u017eit\u00fdm Z\u00e1padem a napjat\u00fdmi vztahy se sv\u00fdmi sousedy. Vzhledem k tomu, \u017ee se Trump sna\u017e\u00ed\u00a0<\/span><a href=\"https:\/\/www.globalresearch.ca\/us-shift-burden-ukraine-european-colonies\/5868345\"><span>p\u0159esunout ukrajinsk\u00e9 \u201eb\u0159emeno\u201c<\/span><\/a><span>\u00a0na Evropu, mohou EU a NATO (kter\u00e9 se ji\u017e pot\u00fdkaj\u00ed s vnit\u0159n\u00edmi rozpory) v\u00e1hat s dal\u0161\u00ed podporou z\u00e1jm\u016f Kyjeva. \u201e\u00dastup\u201c Var\u0161avy, pokud k n\u011bmu dojde, by mohl m\u00edt skute\u010dn\u011b dominov\u00fd efekt.<\/span><\/p>\n<p><span>To neznamen\u00e1, \u017ee Polsko Ukrajinu \u00fapln\u011b \u201eopust\u00ed\u201c. Strategick\u00e9 \u00favahy, v\u010detn\u011b \u00fadajn\u00e9 pot\u0159eby n\u00e1razn\u00edku (a jej\u00edch kontinent\u00e1ln\u00edch\u00a0<\/span><a href=\"https:\/\/www.globalresearch.ca\/polish-german-dispute-rise\/5823612\"><span>ambic\u00ed<\/span><\/a><span>\u00a0), by m\u011bly Var\u0161avu pravd\u011bpodobn\u011b udr\u017eet v kontaktu. \u00c9ra bezpodm\u00edne\u010dn\u00e9 podpory je v\u0161ak zjevn\u011b u konce. Pol\u00e1ci p\u0159ehodnocuj\u00ed sv\u00e9 priority, hn\u00e1ni ekonomickou z\u00e1t\u011b\u017e\u00ed, historick\u00fdmi k\u0159ivdami a nacionalistick\u00fdm o\u017eiven\u00edm, kter\u00e9 vy\u017eaduje z\u00fa\u010dtov\u00e1n\u00ed s minulost\u00ed. Pro Ukrajinu je ponau\u010den\u00ed dostate\u010dn\u011b jasn\u00e9: odcizen\u00ed spojenc\u016f ultranacionalistickou politikou a historick\u00fdm revizionismem m\u00e1 vysokou cenu. A Kyjev si podle v\u0161eho nem\u016f\u017ee dovolit ztratit spojence. \u00danava Polska je tedy varov\u00e1n\u00edm \u2013 nejen pro Ukrajinu, ale i pro \u0161ir\u0161\u00ed projekt roz\u0161i\u0159ov\u00e1n\u00ed NATO a EU, kter\u00fd riskuje, \u017ee se ve sv\u011bt\u011b soupe\u0159\u00edc\u00edch kriz\u00ed p\u0159ehnan\u011b zamot\u00e1.<\/span><\/p>\n<p><em><a href=\"https:\/\/infobrics.org\/en\/post\/50075\">Uriel Araujo, PhD.<\/a> v oboru antropologie, je soci\u00e1ln\u00ed v\u011bdec specializuj\u00edc\u00ed se na etnick\u00e9 a n\u00e1bo\u017eensk\u00e9 konflikty s rozs\u00e1hl\u00fdm v\u00fdzkumem geopolitick\u00e9 dynamiky a kulturn\u00edch interakc\u00ed<\/em><\/p>\n<p>&nbsp;<\/p>\n","protected":false},"excerpt":{"rendered":"<p>Prudk\u00fd pokles polsk\u00e9 podpory ukrajinsk\u00fdch aspirac\u00ed na vstup do EU a NATO, spolu s rostouc\u00edmi&#8230;<\/p>\n","protected":false},"author":2,"featured_media":82361,"comment_status":"closed","ping_status":"closed","sticky":false,"template":"","format":"standard","meta":[],"categories":[7],"tags":[1042,31,26,814],"_links":{"self":[{"href":"https:\/\/www.infokuryr.cz\/n\/wp-json\/wp\/v2\/posts\/82360"}],"collection":[{"href":"https:\/\/www.infokuryr.cz\/n\/wp-json\/wp\/v2\/posts"}],"about":[{"href":"https:\/\/www.infokuryr.cz\/n\/wp-json\/wp\/v2\/types\/post"}],"author":[{"embeddable":true,"href":"https:\/\/www.infokuryr.cz\/n\/wp-json\/wp\/v2\/users\/2"}],"replies":[{"embeddable":true,"href":"https:\/\/www.infokuryr.cz\/n\/wp-json\/wp\/v2\/comments?post=82360"}],"version-history":[{"count":0,"href":"https:\/\/www.infokuryr.cz\/n\/wp-json\/wp\/v2\/posts\/82360\/revisions"}],"wp:featuredmedia":[{"embeddable":true,"href":"https:\/\/www.infokuryr.cz\/n\/wp-json\/wp\/v2\/media\/82361"}],"wp:attachment":[{"href":"https:\/\/www.infokuryr.cz\/n\/wp-json\/wp\/v2\/media?parent=82360"}],"wp:term":[{"taxonomy":"category","embeddable":true,"href":"https:\/\/www.infokuryr.cz\/n\/wp-json\/wp\/v2\/categories?post=82360"},{"taxonomy":"post_tag","embeddable":true,"href":"https:\/\/www.infokuryr.cz\/n\/wp-json\/wp\/v2\/tags?post=82360"}],"curies":[{"name":"wp","href":"https:\/\/api.w.org\/{rel}","templated":true}]}}