{"id":82358,"date":"2025-06-28T03:43:32","date_gmt":"2025-06-28T01:43:32","guid":{"rendered":"https:\/\/www.infokuryr.cz\/n\/?p=82358"},"modified":"2025-06-28T03:43:32","modified_gmt":"2025-06-28T01:43:32","slug":"marek-adam-budou-taborsti-radni-vyvesovat-rovnez-srbske-palestinske-ci-iranske-vlajky","status":"publish","type":"post","link":"https:\/\/www.infokuryr.cz\/n\/2025\/06\/28\/marek-adam-budou-taborsti-radni-vyvesovat-rovnez-srbske-palestinske-ci-iranske-vlajky\/","title":{"rendered":"Marek Adam: Budou t\u00e1bor\u0161t\u00ed radn\u00ed vyv\u011b\u0161ovat rovn\u011b\u017e srbsk\u00e9, palestinsk\u00e9 \u010di \u00edr\u00e1nsk\u00e9 vlajky?"},"content":{"rendered":"<div id=\"fb-root\"><\/div>\n<p><strong>V minul\u00e9m \u010d\u00edsle region\u00e1ln\u00edho t\u00fdden\u00edku\u00a0<em>T\u00e1borsko<\/em>\u00a0se objevila polemika ohledn\u011b vyv\u011b\u0161ov\u00e1n\u00ed ukrajinsk\u00e9 vlajky jako &#8222;symbolu solidarity s napadenou zem\u00ed&#8220;. Tak nev\u00edm.<\/strong><\/p>\n<p>M\u00e1m mezi ukrajinsk\u00fdmi lidmi p\u0159\u00e1tele a jsem p\u0159esv\u011bd\u010den o tom, \u017ee mnoz\u00ed z b\u011b\u017en\u00fdch Ukrajinc\u016f nejsou str\u016fjci toho, co se na Ukrajin\u011b v posledn\u00edch desetilet\u00edch odehr\u00e1v\u00e1.<\/p>\n<p>Hovo\u0159\u00edm-li t\u0159eba s pravoslavn\u00fdmi Ukrajinci, kte\u0159\u00ed byli nuceni opustit svou zemi ji\u017e p\u0159ed rokem 2022, tak je jim sp\u00ed\u0161e smutno z toho, \u017ee je adorov\u00e1n tzv. kyjevsk\u00fd re\u017eim, kter\u00fd je v mnoha ohledech fa\u0161istick\u00fd, zkorumpovan\u00fd, prohnil\u00fd, a kter\u00fd je pr\u00e1v\u011b on\u00edm d\u016fvodem, pro\u010d z Ukrajiny ode\u0161li.<\/p>\n<p>Na tragick\u00e9m p\u0159\u00edkladu Ukrajiny je vid\u011bt, jak to dopadne s n\u00e1rodem, kter\u00fd se v r\u00e1mci tzv. proxy v\u00e1lky (v\u00e1lky v zastoupen\u00ed) nech\u00e1 zneu\u017e\u00edt a zat\u00e1hnout do bratrovra\u017eedn\u00e9 v\u00e1lky za jin\u00e9 ne\u017e za sv\u00e9 vlastn\u00ed z\u00e1jmy.<\/p>\n<p>Kladu si ot\u00e1zku, jestli t\u00e1bor\u0161t\u00ed radn\u00ed jsou stejn\u011b tak z\u00e1sadov\u00ed p\u0159i projevov\u00e1n\u00ed solidarity i s dal\u0161\u00edmi zem\u011bmi, v nich\u017e ciz\u00ed voj\u00e1ci prov\u00e1d\u011bli \u010di prov\u00e1d\u011bj\u00ed vojensk\u00e9 operace v rozporu s mezin\u00e1rodn\u00edm pr\u00e1vem. Se Srbskem, s \u00cdr\u00e1nem, Palestinou, Liby\u00ed a s mnoha dal\u0161\u00edmi.<\/p>\n<p><strong>Nebo snad plat\u00ed, \u017ee kdy\u017e dva d\u011blaj\u00ed tot\u00e9\u017e, nen\u00ed to v\u017edy tot\u00e9\u017e?<\/strong><\/p>\n<p>Podstatn\u00e9 je, \u017ee ve v\u00e1lce bohatnou zbroja\u0159i a um\u00edraj\u00ed oby\u010dejn\u00ed lid\u00e9.<\/p>\n<p>Nem\u011bla by t\u00e1borsk\u00e1 radnice tedy vyv\u011bsit (pro klid a m\u00edr v\u0161ech) rad\u011bji vlajku s holubic\u00ed m\u00edru?<\/p>\n<p><em><strong>Mgr. Marek ADAM<\/strong><br \/>\n\u010dlen \u010cesk\u00e9ho m\u00edrov\u00e9ho hnut\u00ed<br \/>\nm\u00edstop\u0159edseda J\u010c KV KS\u010cM\u00a0<\/em><\/p>\n<p>&nbsp;<\/p>\n","protected":false},"excerpt":{"rendered":"<p>V minul\u00e9m \u010d\u00edsle region\u00e1ln\u00edho t\u00fdden\u00edku\u00a0T\u00e1borsko\u00a0se objevila polemika ohledn\u011b vyv\u011b\u0161ov\u00e1n\u00ed ukrajinsk\u00e9 vlajky jako &#8222;symbolu solidarity s&#8230;<\/p>\n","protected":false},"author":2,"featured_media":82359,"comment_status":"closed","ping_status":"closed","sticky":false,"template":"","format":"standard","meta":[],"categories":[6],"tags":[2253,6375,5511,2279],"_links":{"self":[{"href":"https:\/\/www.infokuryr.cz\/n\/wp-json\/wp\/v2\/posts\/82358"}],"collection":[{"href":"https:\/\/www.infokuryr.cz\/n\/wp-json\/wp\/v2\/posts"}],"about":[{"href":"https:\/\/www.infokuryr.cz\/n\/wp-json\/wp\/v2\/types\/post"}],"author":[{"embeddable":true,"href":"https:\/\/www.infokuryr.cz\/n\/wp-json\/wp\/v2\/users\/2"}],"replies":[{"embeddable":true,"href":"https:\/\/www.infokuryr.cz\/n\/wp-json\/wp\/v2\/comments?post=82358"}],"version-history":[{"count":0,"href":"https:\/\/www.infokuryr.cz\/n\/wp-json\/wp\/v2\/posts\/82358\/revisions"}],"wp:featuredmedia":[{"embeddable":true,"href":"https:\/\/www.infokuryr.cz\/n\/wp-json\/wp\/v2\/media\/82359"}],"wp:attachment":[{"href":"https:\/\/www.infokuryr.cz\/n\/wp-json\/wp\/v2\/media?parent=82358"}],"wp:term":[{"taxonomy":"category","embeddable":true,"href":"https:\/\/www.infokuryr.cz\/n\/wp-json\/wp\/v2\/categories?post=82358"},{"taxonomy":"post_tag","embeddable":true,"href":"https:\/\/www.infokuryr.cz\/n\/wp-json\/wp\/v2\/tags?post=82358"}],"curies":[{"name":"wp","href":"https:\/\/api.w.org\/{rel}","templated":true}]}}