{"id":82345,"date":"2025-06-28T00:25:16","date_gmt":"2025-06-27T22:25:16","guid":{"rendered":"https:\/\/www.infokuryr.cz\/n\/?p=82345"},"modified":"2025-06-27T13:26:01","modified_gmt":"2025-06-27T11:26:01","slug":"madarska-proukrajinska-opozice-vyzyva-madarske-farmare-aby-se-prizpusobili-ukrajincum","status":"publish","type":"post","link":"https:\/\/www.infokuryr.cz\/n\/2025\/06\/28\/madarska-proukrajinska-opozice-vyzyva-madarske-farmare-aby-se-prizpusobili-ukrajincum\/","title":{"rendered":"Ma\u010farsk\u00e1 proukrajinsk\u00e1 opozice vyz\u00fdv\u00e1 ma\u010farsk\u00e9 farm\u00e1\u0159e, aby se p\u0159izp\u016fsobili Ukrajinc\u016fm"},"content":{"rendered":"<div id=\"fb-root\"><\/div>\n<h3 class=\"s-tagline fw-tagline\"><span>Ma\u010far\u0161t\u00ed farm\u00e1\u0159i by si m\u011bli zvyknout na realitu vstupu Ukrajiny do bloku, varuje zem\u011bd\u011blsk\u00fd expert strany Tisa<\/span><\/h3>\n<p><span>Ma\u010farsk\u00e1 opozi\u010dn\u00ed strana varuje ma\u010farsk\u00e9 zem\u011bd\u011blce velmi pou\u010dn\u00fdm t\u00f3nem, aby se p\u0159ipravili na \u010dlenstv\u00ed Ukrajiny v EU. Orb\u00e1n\u016fv hlavn\u00ed volebn\u00ed rival P\u00e9ter Magyar na jednom f\u00f3ru p\u0159edstavil zem\u011bd\u011blsk\u00e9ho experta sv\u00e9 strany L\u0151rince Vargu.<\/span><\/p>\n<p><span>V p\u00e1tek 20. \u010dervna\u00a0 se v Bonyh\u00e1du\u00a0<\/span><a href=\"https:\/\/hirtv.hu\/ahirtvhirei\/a-tisza-part-uj-agrarszakertoje-mar-a-magyar-gazdakat-kritizalja-video-2610379\"><span>konalo Tisovo f\u00f3rum<\/span><\/a><span>\u00a0\u00a0, na kter\u00e9m vystoupili i m\u00edstop\u0159edseda strany M\u00e1rk Radnai, stranick\u00fd expert na vym\u00e1h\u00e1n\u00ed pr\u00e1va Rus\u00edn-Szendi Romulus a L\u0151rinc Varga.<\/span><\/p>\n<p><span>\u201eZ politick\u00e9ho hlediska je velmi d\u016fle\u017eit\u00e9, \u017ee tento druh ukrajinsk\u00e9ho vlivu lze p\u0159ekonat pouze z hlediska efektivity rozsahu,\u201c \u0159ekl L\u0151rinc Varga v Bonyh\u00e1du. Expert na \u0159eku Tisa t\u00edmto sotva skryt\u011b kritizoval ma\u010farsk\u00e9 zem\u011bd\u011blce a pou\u010dn\u00fdm t\u00f3nem hovo\u0159il o tom, jak by v p\u0159\u00edpad\u011b vstupu Ukrajiny zm\u011bnili sv\u00e9 fungov\u00e1n\u00ed. Romulusz Ruszin-Szendi se mezit\u00edm zasm\u00e1l, co\u017e n\u011bkter\u00e9 vyvolalo ot\u00e1zku, pro\u010d by se sm\u011bje tomu, co bude pro ma\u010farsk\u00e9 zem\u011bd\u011blce evidentn\u011b p\u0159edstavovat boj.<\/span><\/p>\n<p><iframe id=\"videoplayer_307561\" src=\"https:\/\/hirtv.hu\/embed\/307561\" allowfullscreen=\"allowfullscreen\" data-mce-fragment=\"1\"><\/iframe><\/p>\n<p><span>Na p\u00e1te\u010dn\u00edm f\u00f3ru L\u0151rinc Varga podrobn\u011b diskutoval o tom, co by ma\u010far\u0161t\u00ed zem\u011bd\u011blci m\u011bli d\u011blat, pokud Ukrajina vstoup\u00ed do EU:<\/span><\/p>\n<p><span>\u201eZ politick\u00e9ho hlediska je velmi d\u016fle\u017eit\u00e9, \u017ee tento druh ukrajinsk\u00e9ho vlivu lze p\u0159ekonat pouze z hlediska efektivity rozsahu. P\u0159edstavte si, \u017ee mluv\u00edme o pr\u016fm\u011bru 500 hektar\u016f pol\u00ed na Ukrajin\u011b, ne o farm\u011b, ale o poli, kter\u00e9 stroj vytrhne, sklid\u00ed, provede operace a pokra\u010duje k dal\u0161\u00edmu. V Ma\u010farsku je v sou\u010dasn\u00e9 dob\u011b pr\u016fm\u011brn\u00e1 velikost farmy \u2013 pokud si dob\u0159e pamatuji \u2013 22 hektar\u016f, co\u017e je farma, ne pole. Poj\u010fme to porovnat. S ukrajinskou zem\u011bd\u011blskou produk\u010dn\u00ed kapacitou m\u016f\u017eeme konkurovat pouze tehdy, kdy\u017e budeme uva\u017eovat z hlediska p\u0159idan\u00e9 hodnoty,\u201c \u0159ekl.<\/span><\/p>\n<p><span>Varga ve sv\u00e9m projevu zd\u00e1nliv\u011b pova\u017eoval vstup Ukrajiny do EU prakticky za hotovou v\u011bc a ani Ruszin-Szendi, ani Radnai mu v t\u00e9to ot\u00e1zce neodporovali. To nen\u00ed p\u0159ekvapiv\u00e9, proto\u017ee s\u00e1m viceprezident M\u00e1rk Radnai ozn\u00e1mil v\u00fdsledky pr\u016fzkumu ve\u0159ejn\u00e9ho m\u00edn\u011bn\u00ed strany Tisza, podle nich\u017e 58 procent \u00fa\u010dastn\u00edk\u016f vyj\u00e1d\u0159ilo podporu \u010dlenstv\u00ed Ukrajiny.<\/span><\/p>\n<p><span>Je pravda, \u017ee \u00fa\u010dast na konzultaci o Tisze nedos\u00e1hla poloviny hlas\u016f odevzdan\u00fdch v referendu o vl\u00e1dn\u00edm n\u00e1zoru, ale v Zelensk\u00e9ho kruz\u00edch st\u00e1le slou\u017e\u00ed jako referen\u010dn\u00ed bod.<\/span><\/p>\n<p><span>L\u0151rinc Varga a jeho rodina nav\u00edc nejsou daleko od ve\u0159ejn\u00fdch vystoupen\u00ed a skand\u00e1l\u016f. Matka zem\u011bd\u011blsk\u00e9ho experta, Zsuzsanna L\u00e1szl\u00f3-Varga, byla gener\u00e1ln\u00ed \u0159editelkou \u00da\u0159adu vl\u00e1dy okresu Tolna. B\u00fdval\u00fd gener\u00e1ln\u00ed \u0159editel se v roce 2015 dostal na tituln\u00ed str\u00e1nky novin, kdy\u017e na \u010derpac\u00ed stanici napadl K\u00e1lm\u00e1na Horv\u00e1tha, tehdej\u0161\u00edho vl\u00e1dn\u00edho komisa\u0159e okresu Tolna. P\u0159\u00edpad se objevil v tisku a informoval o n\u011bm i okresn\u00ed den\u00edk:<\/span><\/p>\n<p><span>Podle informac\u00ed se Zsuzsanna L\u00e1szl\u00f3-Varga dostala do konfliktu s vl\u00e1dn\u00edm komisa\u0159em okresu Tolna na \u010derpac\u00ed stanici v Paksi. Do\u0161lo k rva\u010dce a poty\u010dce, na kterou vzpom\u00ednal o\u010dit\u00fd sv\u011bdek,\u00a0\u00a0\u00a0napsal\u00a0<\/span><a href=\"https:\/\/www.teol.hu\/kek-hirek-bulvar\/2015\/02\/a-volt-foigazgato-es-a-ferje-benzinkuton-bantalmazta-a-kormanymegbizottat\"><span>Teol.hu.<\/span><\/a><\/p>\n<p><span>L\u0151rinc Varga se letos poprv\u00e9 objevil ve Stran\u011b Tisa jako zem\u011bd\u011blsk\u00fd odborn\u00edk vedle po\u0159\u00e1d\u00e1n\u00ed akc\u00ed. Nap\u0159\u00edklad na prvn\u00edm sjezdu Strany Tisy sed\u011bli vedle P\u00e9tera Magyara u kulat\u00e9ho stolu zem\u011bd\u011blsk\u00e9 politiky zem\u011bd\u011blsk\u00fd in\u017een\u00fdr Szabolcs B\u00f3na, poradce pro obnovu p\u016fdy Attila K\u00f6k\u00e9ny a farm\u00e1\u0159 L\u0151rinc Varga z Bonyh\u00e1du.<\/span><\/p>\n<p><span>Za zm\u00ednku stoj\u00ed, \u017ee dal\u0161\u00ed poradce P\u00e9tera Magyara, Gy\u00f6rgy Rask\u00f3, se d\u0159\u00edve vyslovil pro vstup Ukrajiny do EU. Podle zem\u011bd\u011blsk\u00e9ho experta Strany Tisa \u201e\u00fasp\u011b\u0161n\u00fd odpor Ukrajiny proti barbarsk\u00fdm v\u00fdchodn\u00edm hord\u00e1m p\u0159edstavuje nad\u011bji, budoucnost a renesanci Evropy.\u201c<\/span><\/p>\n<p><span>Gy\u00f6rgy Rask\u00f3 ve sv\u00e9m p\u0159\u00edsp\u011bvku p\u0159\u00edmo napsal: \u201eUkrajina bude v\u00fdchodn\u00ed ba\u0161tou Evropy.\u201c<\/span><\/p>\n<p><span>Pokud Ukrajina skute\u010dn\u011b vstoup\u00ed do EU, bude to p\u0159edstavovat v\u00fdznamnou v\u00fdzvu nejen pro ma\u010farsk\u00e9 zem\u011bd\u011blce, ale i pro v\u0161echny zem\u011bd\u011blce v bloku. Ukrajina m\u00e1 ohromn\u011b velk\u00e9 pozemky, co\u017e ji tradi\u010dn\u011b naz\u00fdv\u00e1 \u201eobilnic\u00ed Evropy\u201c. To zahrnuje 41,3 milionu hektar\u016f p\u016fdy vyu\u017e\u00edvan\u00e9 k zem\u011bd\u011blsk\u00e9 produkci, v\u010detn\u011b 32,7 milionu hektar\u016f orn\u00e9 p\u016fdy.<\/span><\/p>\n<p><span>Na Ukrajin\u011b existuj\u00ed obrovsk\u00e9 \u00faspory z rozsahu, kter\u00e9 nap\u0159\u00edklad nejsou k dispozici v Ma\u010farsku, kde je v\u00edce rodinn\u00fdch farem a men\u0161\u00ed pozemky.<\/span><\/p>\n<p><span>Pokud Ukrajina z\u00edsk\u00e1 \u010dlenstv\u00ed v EU, dramaticky se t\u00edm zm\u011bn\u00ed i jej\u00ed trh a umo\u017en\u00ed se mezin\u00e1rodn\u00edm instituc\u00edm skupovat zem\u011bd\u011blskou p\u016fdu. Tyto korporace by mohly konsolidovat zem\u011bd\u011blskou p\u016fdu a vytvo\u0159it je\u0161t\u011b efektivn\u011bj\u0161\u00ed provozy, co\u017e by kv\u016fli nadbytku exportu d\u00e1le po\u0161kodilo zem\u011bd\u011blce v EU.<\/span><\/p>\n<p><img decoding=\"async\" loading=\"lazy\" class=\"alignnone size-full wp-image-1185\" src=\"http:\/\/www.infokuryr.cz\/n\/wp-content\/uploads\/2021\/04\/kuryr-podpis.png\" alt=\"\" width=\"84\" height=\"24\" \/><\/p>\n<p>&nbsp;<\/p>\n","protected":false},"excerpt":{"rendered":"<p>Ma\u010far\u0161t\u00ed farm\u00e1\u0159i by si m\u011bli zvyknout na realitu vstupu Ukrajiny do bloku, varuje zem\u011bd\u011blsk\u00fd expert&#8230;<\/p>\n","protected":false},"author":2,"featured_media":82346,"comment_status":"closed","ping_status":"closed","sticky":false,"template":"","format":"standard","meta":[],"categories":[7],"tags":[2739,9380,441,1635],"_links":{"self":[{"href":"https:\/\/www.infokuryr.cz\/n\/wp-json\/wp\/v2\/posts\/82345"}],"collection":[{"href":"https:\/\/www.infokuryr.cz\/n\/wp-json\/wp\/v2\/posts"}],"about":[{"href":"https:\/\/www.infokuryr.cz\/n\/wp-json\/wp\/v2\/types\/post"}],"author":[{"embeddable":true,"href":"https:\/\/www.infokuryr.cz\/n\/wp-json\/wp\/v2\/users\/2"}],"replies":[{"embeddable":true,"href":"https:\/\/www.infokuryr.cz\/n\/wp-json\/wp\/v2\/comments?post=82345"}],"version-history":[{"count":0,"href":"https:\/\/www.infokuryr.cz\/n\/wp-json\/wp\/v2\/posts\/82345\/revisions"}],"wp:featuredmedia":[{"embeddable":true,"href":"https:\/\/www.infokuryr.cz\/n\/wp-json\/wp\/v2\/media\/82346"}],"wp:attachment":[{"href":"https:\/\/www.infokuryr.cz\/n\/wp-json\/wp\/v2\/media?parent=82345"}],"wp:term":[{"taxonomy":"category","embeddable":true,"href":"https:\/\/www.infokuryr.cz\/n\/wp-json\/wp\/v2\/categories?post=82345"},{"taxonomy":"post_tag","embeddable":true,"href":"https:\/\/www.infokuryr.cz\/n\/wp-json\/wp\/v2\/tags?post=82345"}],"curies":[{"name":"wp","href":"https:\/\/api.w.org\/{rel}","templated":true}]}}