{"id":82311,"date":"2025-06-27T06:58:24","date_gmt":"2025-06-27T04:58:24","guid":{"rendered":"https:\/\/www.infokuryr.cz\/n\/?p=82311"},"modified":"2025-06-27T06:58:24","modified_gmt":"2025-06-27T04:58:24","slug":"nejsussi-poust-na-svete-byla-pokryta-snehem","status":"publish","type":"post","link":"https:\/\/www.infokuryr.cz\/n\/2025\/06\/27\/nejsussi-poust-na-svete-byla-pokryta-snehem\/","title":{"rendered":"Nejsu\u0161\u0161\u00ed pou\u0161\u0165 na sv\u011bt\u011b byla pokryta sn\u011bhem"},"content":{"rendered":"<div id=\"fb-root\"><\/div>\n<p class=\"lead\"><strong>Chilsk\u00e1 pou\u0161\u0165 Atacama, pova\u017eovan\u00e1 za nejsu\u0161\u0161\u00ed na sv\u011bt\u011b, byla ve \u010dtvrtek pokryta sn\u011bhem, informovala tamn\u00ed observato\u0159 ALMA.<\/strong><\/p>\n<p><em>&#8222;Neuv\u011b\u0159iteln\u00e9! Pou\u0161\u0165 Atacama, nejsu\u0161\u0161\u00ed na sv\u011bt\u011b, je pokryt\u00e1 sn\u011bhem!&#8220;<span class=\"after-quote\">\u00a0\u2014 uvedla observato\u0159 ve\u00a0<a href=\"https:\/\/x.com\/almaobs\/status\/1938230396333822397\" target=\"_blank\" rel=\"noopener\">zpr\u00e1v\u011b<\/a>\u00a0na soci\u00e1ln\u00ed s\u00edti X.<\/span><\/em><\/p>\n<p><span>Jak poznamen\u00e1vaj\u00ed noviny Mercurio, meteorologov\u00e9 ji\u017e d\u0159\u00edve p\u0159edpov\u00eddali siln\u00e9 de\u0161t\u011b a bou\u0159ky v regionu.<\/span><\/p>\n<p><img decoding=\"async\" loading=\"lazy\" class=\"alignnone size-full wp-image-1185\" src=\"http:\/\/www.infokuryr.cz\/n\/wp-content\/uploads\/2021\/04\/kuryr-podpis.png\" alt=\"\" width=\"84\" height=\"24\" \/><\/p>\n<p>&nbsp;<\/p>\n","protected":false},"excerpt":{"rendered":"<p>Chilsk\u00e1 pou\u0161\u0165 Atacama, pova\u017eovan\u00e1 za nejsu\u0161\u0161\u00ed na sv\u011bt\u011b, byla ve \u010dtvrtek pokryta sn\u011bhem, informovala tamn\u00ed&#8230;<\/p>\n","protected":false},"author":2,"featured_media":82312,"comment_status":"closed","ping_status":"closed","sticky":false,"template":"","format":"standard","meta":[],"categories":[7],"tags":[1183,873,9377,5447],"_links":{"self":[{"href":"https:\/\/www.infokuryr.cz\/n\/wp-json\/wp\/v2\/posts\/82311"}],"collection":[{"href":"https:\/\/www.infokuryr.cz\/n\/wp-json\/wp\/v2\/posts"}],"about":[{"href":"https:\/\/www.infokuryr.cz\/n\/wp-json\/wp\/v2\/types\/post"}],"author":[{"embeddable":true,"href":"https:\/\/www.infokuryr.cz\/n\/wp-json\/wp\/v2\/users\/2"}],"replies":[{"embeddable":true,"href":"https:\/\/www.infokuryr.cz\/n\/wp-json\/wp\/v2\/comments?post=82311"}],"version-history":[{"count":0,"href":"https:\/\/www.infokuryr.cz\/n\/wp-json\/wp\/v2\/posts\/82311\/revisions"}],"wp:featuredmedia":[{"embeddable":true,"href":"https:\/\/www.infokuryr.cz\/n\/wp-json\/wp\/v2\/media\/82312"}],"wp:attachment":[{"href":"https:\/\/www.infokuryr.cz\/n\/wp-json\/wp\/v2\/media?parent=82311"}],"wp:term":[{"taxonomy":"category","embeddable":true,"href":"https:\/\/www.infokuryr.cz\/n\/wp-json\/wp\/v2\/categories?post=82311"},{"taxonomy":"post_tag","embeddable":true,"href":"https:\/\/www.infokuryr.cz\/n\/wp-json\/wp\/v2\/tags?post=82311"}],"curies":[{"name":"wp","href":"https:\/\/api.w.org\/{rel}","templated":true}]}}