{"id":82309,"date":"2025-06-27T06:56:05","date_gmt":"2025-06-27T04:56:05","guid":{"rendered":"https:\/\/www.infokuryr.cz\/n\/?p=82309"},"modified":"2025-06-27T06:56:05","modified_gmt":"2025-06-27T04:56:05","slug":"usa-nabizeji-iranu-30-miliard-dolaru-za-zastaveni-obohacovani-uranu","status":"publish","type":"post","link":"https:\/\/www.infokuryr.cz\/n\/2025\/06\/27\/usa-nabizeji-iranu-30-miliard-dolaru-za-zastaveni-obohacovani-uranu\/","title":{"rendered":"USA nab\u00edzej\u00ed \u00cdr\u00e1nu 30 miliard dolar\u016f za zastaven\u00ed obohacov\u00e1n\u00ed uranu"},"content":{"rendered":"<div id=\"fb-root\"><\/div>\n<p class=\"lead\"><strong>Trumpova administrativa v r\u00e1mci snahy o n\u00e1vrat k jedn\u00e1n\u00edm s \u00cdr\u00e1nem diskutuje o mo\u017enosti poskytnout Teher\u00e1nu p\u0159\u00edstup k finan\u010dn\u00edm prost\u0159edk\u016fm a\u017e do v\u00fd\u0161e 30 miliard dolar\u016f na rozvoj m\u00edrov\u00e9ho jadern\u00e9ho programu, informuje CNN.<\/strong><\/p>\n<p><span>Teher\u00e1n se na opl\u00e1tku mus\u00ed vzd\u00e1t obohacov\u00e1n\u00ed uranu; tento bod je \u201enevyjedn\u00e1vateln\u00fd\u201c, uv\u00e1d\u00ed televizn\u00ed kan\u00e1l.<\/span><\/p>\n<p><span>Zdroje uvedly, \u017ee USA v posledn\u00edch dvou t\u00fddnech jednaj\u00ed o investic\u00edch se zem\u011bmi Bl\u00edzk\u00e9ho v\u00fdchodu uprost\u0159ed dal\u0161\u00edho vzplanut\u00ed konfliktu mezi \u00cdr\u00e1nem a Izraelem. O\u010dek\u00e1v\u00e1 se, \u017ee pen\u00edze poch\u00e1zej\u00ed z arabsk\u00fdch zem\u00ed, nikoli z USA.<\/span><\/p>\n<p><em>\u201eUSA jsou p\u0159ipraveny v\u00e9st tato jedn\u00e1n\u00ed. A n\u011bkdo bude muset zaplatit za realizaci jadern\u00e9ho programu, ale my na sebe takov\u00e9 z\u00e1vazky nep\u0159ijmeme,\u201c<span class=\"after-quote\">\u00a0\u2013 uvedl z\u00e1stupce administrativy.<\/span><\/em><\/p>\n<p><span>Ameri\u010dt\u00ed p\u0159edstavitel\u00e9 uvedli, \u017ee bylo p\u0159edlo\u017eeno n\u011bkolik dal\u0161\u00edch n\u00e1vrh\u016f. Mezi n\u011b pat\u0159ilo potenci\u00e1ln\u00ed zru\u0161en\u00ed n\u011bkter\u00fdch sankc\u00ed v\u016f\u010di \u00cdr\u00e1nu a poskytnut\u00ed p\u0159\u00edstupu k aktiv\u016fm zmrazen\u00fdm na zahrani\u010dn\u00edch bankovn\u00edch \u00fa\u010dtech v hodnot\u011b 6 miliard dolar\u016f.<\/span><\/p>\n<p><span>Dal\u0161\u00edm n\u00e1padem je, aby spojenci Spojen\u00fdch st\u00e1t\u016f v Persk\u00e9m z\u00e1livu zaplatili za infrastrukturu, kter\u00e1 by nahradila jadern\u00e9 za\u0159\u00edzen\u00ed Fordow po\u0161kozen\u00e9 americk\u00fdmi \u00fadery, rovn\u011b\u017e bez mo\u017enosti obohacovat uran.<\/span><\/p>\n<p><span>Trump\u016fv zvl\u00e1\u0161tn\u00ed vyslanec pro Bl\u00edzk\u00fd v\u00fdchod\u00a0<\/span><strong><span>Steve Witkoff<\/span><\/strong><span>\u00a0v p\u0159edve\u010der televizn\u00ed stanice CNBC uvedl, \u017ee USA usiluj\u00ed o uzav\u0159en\u00ed \u201ekomplexn\u00ed m\u00edrov\u00e9 dohody\u201c. Prezidentsk\u00e1 administrativa zd\u016fraznila, \u017ee v\u0161echny n\u00e1vrhy maj\u00ed za c\u00edl zabr\u00e1nit \u00cdr\u00e1nu v z\u00edsk\u00e1n\u00ed jadern\u00fdch zbran\u00ed. B\u00edl\u00fd d\u016fm douf\u00e1, \u017ee po ud\u00e1lostech posledn\u00edch dvou t\u00fddn\u016f \u2013 v\u00fdm\u011bn\u011b \u00fader\u016f s Izraelem a \u00fatoku USA na \u00edr\u00e1nsk\u00e1 jadern\u00e1 centra \u2013 Teher\u00e1n s podm\u00ednkami Washingtonu souhlas\u00ed.<\/span><\/p>\n<p><span>Podle \u00edr\u00e1nsk\u00fdch expert\u016f v\u0161ak budou \u00fa\u0159ady zem\u011b naopak p\u0159esv\u011bd\u010deny, \u017ee zem\u011b jadern\u00e9 zbran\u011b pot\u0159ebuje, informuje CNN. \u00cdr\u00e1nsk\u00fd parlament za\u010d\u00e1tkem tohoto t\u00fddne schv\u00e1lil pozastaven\u00ed spolupr\u00e1ce s MAAE. Je\u0161t\u011b p\u0159ed \u00fatokem USA v noci na 22. \u010dervna \u00edr\u00e1nsk\u00e9 \u00fa\u0159ady v\u00fdrazn\u011b omezily p\u0159\u00edstup agentury do jej\u00edch za\u0159\u00edzen\u00ed.<\/span><\/p>\n<p><span>Podle MAAE m\u011bl \u00cdr\u00e1n k polovin\u011b kv\u011btna t\u00e9m\u011b\u0159 409 kg vysoce obohacen\u00e9ho uranu. Teoreticky to sta\u010d\u00ed k v\u00fdrob\u011b deseti jadern\u00fdch hlavic, napsala agentura Bloomberg. Gener\u00e1ln\u00ed \u0159editel agentury\u00a0<\/span><strong><span>Rafael Grossi<\/span><\/strong><span>\u00a0uvedl, \u017ee um\u00edst\u011bn\u00ed l\u00e1tky nen\u00ed zn\u00e1mo. \u00cdr\u00e1n tvrd\u00ed, \u017ee z\u00e1soby uranu z napaden\u00fdch m\u00edst p\u0159edem odstranil. MAAE p\u0159ipou\u0161t\u00ed, \u017ee zna\u010dn\u00e1 \u010d\u00e1st z nich p\u0159e\u017eila, up\u0159es\u0148uje RBK.<\/span><\/p>\n<p><img decoding=\"async\" loading=\"lazy\" class=\"alignnone size-full wp-image-1185\" src=\"http:\/\/www.infokuryr.cz\/n\/wp-content\/uploads\/2021\/04\/kuryr-podpis.png\" alt=\"\" width=\"84\" height=\"24\" \/><\/p>\n<p>&nbsp;<\/p>\n","protected":false},"excerpt":{"rendered":"<p>Trumpova administrativa v r\u00e1mci snahy o n\u00e1vrat k jedn\u00e1n\u00edm s \u00cdr\u00e1nem diskutuje o mo\u017enosti poskytnout&#8230;<\/p>\n","protected":false},"author":2,"featured_media":82310,"comment_status":"closed","ping_status":"closed","sticky":false,"template":"","format":"standard","meta":[],"categories":[7],"tags":[604,38,37],"_links":{"self":[{"href":"https:\/\/www.infokuryr.cz\/n\/wp-json\/wp\/v2\/posts\/82309"}],"collection":[{"href":"https:\/\/www.infokuryr.cz\/n\/wp-json\/wp\/v2\/posts"}],"about":[{"href":"https:\/\/www.infokuryr.cz\/n\/wp-json\/wp\/v2\/types\/post"}],"author":[{"embeddable":true,"href":"https:\/\/www.infokuryr.cz\/n\/wp-json\/wp\/v2\/users\/2"}],"replies":[{"embeddable":true,"href":"https:\/\/www.infokuryr.cz\/n\/wp-json\/wp\/v2\/comments?post=82309"}],"version-history":[{"count":0,"href":"https:\/\/www.infokuryr.cz\/n\/wp-json\/wp\/v2\/posts\/82309\/revisions"}],"wp:featuredmedia":[{"embeddable":true,"href":"https:\/\/www.infokuryr.cz\/n\/wp-json\/wp\/v2\/media\/82310"}],"wp:attachment":[{"href":"https:\/\/www.infokuryr.cz\/n\/wp-json\/wp\/v2\/media?parent=82309"}],"wp:term":[{"taxonomy":"category","embeddable":true,"href":"https:\/\/www.infokuryr.cz\/n\/wp-json\/wp\/v2\/categories?post=82309"},{"taxonomy":"post_tag","embeddable":true,"href":"https:\/\/www.infokuryr.cz\/n\/wp-json\/wp\/v2\/tags?post=82309"}],"curies":[{"name":"wp","href":"https:\/\/api.w.org\/{rel}","templated":true}]}}