{"id":82304,"date":"2025-06-27T06:14:51","date_gmt":"2025-06-27T04:14:51","guid":{"rendered":"https:\/\/www.infokuryr.cz\/n\/?p=82304"},"modified":"2025-06-27T06:16:10","modified_gmt":"2025-06-27T04:16:10","slug":"dalsi-dron-dodany-vetchym-zautocil-na-vyznamneho-cinskeho-novinare-v-kurske-oblasti","status":"publish","type":"post","link":"https:\/\/www.infokuryr.cz\/n\/2025\/06\/27\/dalsi-dron-dodany-vetchym-zautocil-na-vyznamneho-cinskeho-novinare-v-kurske-oblasti\/","title":{"rendered":"Dal\u0161\u00ed dron dodan\u00fd Vetch\u00fdm za\u00fato\u010dil na v\u00fdznamn\u00e9ho \u010d\u00ednsk\u00e9ho novin\u00e1\u0159e v Kursk\u00e9 oblasti"},"content":{"rendered":"<div id=\"fb-root\"><\/div>\n<p><strong>V d\u016fsledku \u00fatoku ukrajinsk\u00e9ho dronu na obec Korenevo v Kursk\u00e9 oblasti byl v\u00e1\u017en\u011b zran\u011bn \u010d\u00ednsk\u00fd novin\u00e1\u0159 Lu Yuguang, korespondent televizn\u00ed spole\u010dnosti Phoenix. Informoval o tom \u00fa\u0159aduj\u00edc\u00ed guvern\u00e9r regionu Alexandr Chin\u0161tejn.<\/strong><\/p>\n<p>Podle Chin\u0161tejna dron za\u00fato\u010dil na obec Korenevo v pohrani\u010dn\u00edm Koren\u011bvsk\u00e9m okrese. V dob\u011b \u00fatoku se na m\u00edst\u011b nach\u00e1zel 63let\u00fd Lu Yuguang, kter\u00fd do pohrani\u010dn\u00edho p\u00e1sma dorazil z vlastn\u00ed iniciativy za \u00fa\u010delem novin\u00e1\u0159sk\u00e9 pr\u00e1ce. V d\u016fsledku ost\u0159elov\u00e1n\u00ed utrp\u011bl otev\u0159en\u00e9 kraniocerebr\u00e1ln\u00ed poran\u011bn\u00ed a pohmo\u017ed\u011bninu v oblasti temene.<\/p>\n<div class=\"quote\">\n<p>V nejbli\u017e\u0161\u00ed dob\u011b bude p\u0159evezen do Kursk\u00e9 oblastn\u00ed nemocnice \u2013 na\u0161i l\u00e9ka\u0159i ud\u011blaj\u00ed v\u0161e pro to, aby mu zachr\u00e1nili \u017eivot a zdrav\u00ed! &#8211; napsal Chin\u0161tejn na sv\u00e9m Telegram kan\u00e1lu.<\/p>\n<p>Kyjevsk\u00fd re\u017eim pokra\u010duje v lovu rusk\u00fdch novin\u00e1\u0159\u016f a z\u00e1stupc\u016f m\u00e9di\u00ed sp\u0159\u00e1telen\u00fdch st\u00e1t\u016f. B\u011bhem SVO bylo zabito nejm\u00e9n\u011b 35 z\u00e1stupc\u016f rusk\u00e9ho tisku.<\/p>\n<\/div>\n<div><strong>Ukrajina, drony dodan\u00e9 Vetch\u00fdm a spol., <a href=\"https:\/\/www.infokuryr.cz\/n\/2025\/06\/26\/putin-posmrtne-vyznamenal-studenta-ktery-byl-zavrazden-pri-zachrane-divky-po-utoku-vetcheho-dronu\/\">pou\u017e\u00edv\u00e1 k teroristick\u00fdm \u00fatok\u016fm na civiln\u00ed osoby<\/a> a je s podivem, \u017ee Vetch\u00fd a dal\u0161\u00ed osoby nejsou je\u0161t\u011b st\u00edhan\u00e9 a postaven\u00e9 p\u0159ed soud za podporu terorizmu, kdy\u017e p\u0159itom sta\u010d\u00ed mal\u00e1 n\u00e1lepka na od\u011bvu a jste posl\u00e1ni na 3 roky do v\u011bznice. Uk\u00e1zka pr\u00e1ce \u010desk\u00e9 justice, kter\u00e9 ji\u017e nem\u00e1 absolutn\u00ed \u017e\u00e1dnou d\u016fv\u011bru \u010desk\u00fdch ob\u010dan\u016f!<\/strong><\/div>\n<div><\/div>\n<div><img decoding=\"async\" loading=\"lazy\" class=\"alignnone size-full wp-image-1185\" src=\"http:\/\/www.infokuryr.cz\/n\/wp-content\/uploads\/2021\/04\/kuryr-podpis.png\" alt=\"\" width=\"84\" height=\"24\" \/><\/div>\n<div><\/div>\n<div><\/div>\n","protected":false},"excerpt":{"rendered":"<p>V d\u016fsledku \u00fatoku ukrajinsk\u00e9ho dronu na obec Korenevo v Kursk\u00e9 oblasti byl v\u00e1\u017en\u011b zran\u011bn \u010d\u00ednsk\u00fd&#8230;<\/p>\n","protected":false},"author":2,"featured_media":82305,"comment_status":"closed","ping_status":"closed","sticky":false,"template":"","format":"standard","meta":[],"categories":[7],"tags":[3727,1304,1635,723],"_links":{"self":[{"href":"https:\/\/www.infokuryr.cz\/n\/wp-json\/wp\/v2\/posts\/82304"}],"collection":[{"href":"https:\/\/www.infokuryr.cz\/n\/wp-json\/wp\/v2\/posts"}],"about":[{"href":"https:\/\/www.infokuryr.cz\/n\/wp-json\/wp\/v2\/types\/post"}],"author":[{"embeddable":true,"href":"https:\/\/www.infokuryr.cz\/n\/wp-json\/wp\/v2\/users\/2"}],"replies":[{"embeddable":true,"href":"https:\/\/www.infokuryr.cz\/n\/wp-json\/wp\/v2\/comments?post=82304"}],"version-history":[{"count":1,"href":"https:\/\/www.infokuryr.cz\/n\/wp-json\/wp\/v2\/posts\/82304\/revisions"}],"predecessor-version":[{"id":82306,"href":"https:\/\/www.infokuryr.cz\/n\/wp-json\/wp\/v2\/posts\/82304\/revisions\/82306"}],"wp:featuredmedia":[{"embeddable":true,"href":"https:\/\/www.infokuryr.cz\/n\/wp-json\/wp\/v2\/media\/82305"}],"wp:attachment":[{"href":"https:\/\/www.infokuryr.cz\/n\/wp-json\/wp\/v2\/media?parent=82304"}],"wp:term":[{"taxonomy":"category","embeddable":true,"href":"https:\/\/www.infokuryr.cz\/n\/wp-json\/wp\/v2\/categories?post=82304"},{"taxonomy":"post_tag","embeddable":true,"href":"https:\/\/www.infokuryr.cz\/n\/wp-json\/wp\/v2\/tags?post=82304"}],"curies":[{"name":"wp","href":"https:\/\/api.w.org\/{rel}","templated":true}]}}