{"id":82270,"date":"2025-06-27T00:22:08","date_gmt":"2025-06-26T22:22:08","guid":{"rendered":"https:\/\/www.infokuryr.cz\/n\/?p=82270"},"modified":"2025-06-26T13:51:34","modified_gmt":"2025-06-26T11:51:34","slug":"jiri-paroubek-vlady-zemi-zapadu-nezajimaji-problemy-lidi","status":"publish","type":"post","link":"https:\/\/www.infokuryr.cz\/n\/2025\/06\/27\/jiri-paroubek-vlady-zemi-zapadu-nezajimaji-problemy-lidi\/","title":{"rendered":"Ji\u0159\u00ed Paroubek: Vl\u00e1dy zem\u00ed Z\u00e1padu nezaj\u00edmaj\u00ed probl\u00e9my lid\u00ed"},"content":{"rendered":"<div id=\"fb-root\"><\/div>\n<p><strong>Vlastn\u011b se d\u00e1 \u0159\u00edci, \u017ee jsou jim z\u00e1jmy oby\u010dejn\u00fdch lid\u00ed zcela ukraden\u00e9. A pln\u00e9 v tomto duchu se neslo zased\u00e1n\u00ed NATO v Bruselu. Na n\u011bm p\u0159edstavitel\u00e9 NATO vedle oblig\u00e1tn\u00edho neplodn\u00e9ho \u017evan\u011bn\u00ed o Ukrajin\u011b, kter\u00e9 neslibuje t\u00e9to zemi ji\u017e nic konkr\u00e9tn\u00edho (ba ani m\u00edr), se vrhli do v\u00edru dramatick\u00e9ho zvy\u0161ov\u00e1n\u00ed v\u00fddaj\u016f na zbrojen\u00ed.<\/strong><\/p>\n<p style=\"font-weight: 400;\">Je to zvl\u00e1\u0161tn\u00ed, ale Z\u00e1pad si v\u017edy pot\u0159ebuje vytvo\u0159it n\u011bjak\u00e9ho vn\u011bj\u0161\u00edho nep\u0159\u00edtele (vnit\u0159n\u00ed nep\u0159\u00e1tele m\u00e1 v tzv. prorusk\u00fdch trollech) tak, aby zd\u016fvodnil obyvatelstvu, pro\u010d je pot\u0159eba krmit nenasytn\u00e9 papuly zbroja\u0159sk\u00fdch firem ob\u0159\u00edmi zak\u00e1zkami na dal\u0161\u00ed a dal\u0161\u00ed zbra\u0148ov\u00e9 syst\u00e9my, kter\u00e9 nepot\u0159ebujeme.<\/p>\n<p style=\"font-weight: 400;\">Pokud se vezme z\u00a0ofici\u00e1ln\u00edch \u010d\u00edsel z\u00e1padn\u00edch instituc\u00ed pom\u011br arm\u00e1dn\u00edch arzen\u00e1l\u016f Ruska a zem\u00ed EU a NATO, je to ji\u017e dnes p\u0159evaha EU a NATO v\u016f\u010di Rusku 3:1. K \u010demu bude pot\u0159ebovat NATO a zem\u011b t\u00e9to organizace p\u0159evahu 6:1 \u010di 7:1 v\u016f\u010di Rusku. Nech\u00e1pu to.<\/p>\n<p style=\"font-weight: 400;\">Donald Trump se tv\u00e1\u0159\u00ed jako m\u00edrov\u00fd prezident, ale chce se o americk\u00fd vojenskopr\u016fmyslov\u00fd komplex hezky postarat. Tento komplex by z\u0159ejm\u011b str\u00e1dal, pokud by nebyl v\u00a0chodu \u017e\u00e1dn\u00fd vojensk\u00fd konflikt, kam by bylo mo\u017en\u00e9 dod\u00e1vat zbran\u011b placen\u00e9 americkou vl\u00e1dou. Dod\u00e1v\u00e1m: \u010dasto p\u0159edra\u017een\u00e9 zbran\u011b placen\u00e9 americkou vl\u00e1dou. A tak se dnes l\u00edd\u0159i zem\u00ed NATO, aby se zavd\u011b\u010dili americk\u00e9mu prezidentovi, budou sna\u017eit p\u0159ijmout spole\u010dnou deklaraci o akceptov\u00e1n\u00ed 5 % hranice vojensk\u00fdch v\u00fddaj\u016f z\u00a0hodnoty vytvo\u0159en\u00e9ho HDP. To je v\u00a0na\u0161ich podm\u00ednk\u00e1ch 400 mld. K\u010d. P\u0159i velmi spor\u00e9m hospod\u00e1\u0159sk\u00e9m r\u016fstu, kter\u00fd ani letos nebude u n\u00e1s z\u0159ejm\u011b vy\u0161\u0161\u00ed ne\u017e \u00a0\u00a0\u00a01 % HDP, nen\u00ed pro takov\u00e9to navy\u0161ov\u00e1n\u00ed vojensk\u00fdch v\u00fddaj\u016f vlastn\u011b \u017e\u00e1dn\u00fd prostor. Anebo jen minim\u00e1ln\u00ed. P\u0159esto prezident Pavel a poda\u0159en\u00fd bakal\u00e1\u0159 zahrani\u010dn\u00edch v\u011bc\u00ed Lipavsk\u00fd s\u00a0nad\u0161en\u00edm p\u0159ijmou zv\u00fd\u0161en\u00ed vojensk\u00fdch v\u00fddaj\u016f na 5 %. Mus\u00ed se p\u0159eci zavd\u011b\u010dit. N\u011bkter\u00e9 vl\u00e1dy s\u00a0t\u00edmto nav\u00fd\u0161en\u00edm nesouhlas\u00ed. State\u010dn\u011b se chov\u00e1 slovensk\u00e1 a ma\u010farsk\u00e1 vl\u00e1da a tak\u00e9 vl\u00e1da \u0161pan\u011blsk\u00e1. Ve \u0160pan\u011blsku je \u010dlenem vl\u00e1dn\u00ed koalice se socialisty v\u00a0z\u00e1sad\u011b pacifistick\u00e1 levicov\u00e1 strana, kter\u00e1 si mysl\u00ed to co j\u00e1. A sice, \u017ee pen\u00edze vydan\u00e9 na n\u00e1kup zbran\u00ed jsou pen\u00edze vyh\u00e1zen\u00e9 z\u00a0okna.<\/p>\n<p style=\"font-weight: 400;\">Prost\u011b Evropa a jej\u00ed ekonomika se budou militarizovat. A mo\u017en\u00e1, kdyby Rusko bylo naivn\u00ed a p\u0159estalo zbrojit, \u017ee by dopadlo podobn\u011b jako ve dvan\u00e1ctidenn\u00ed v\u00e1lce \u00cdr\u00e1nu s\u00a0Izraelem.<\/p>\n<p style=\"font-weight: 400;\">Rusko je ale p\u0159eci jen jadern\u00e1 velmoc. A m\u00e1 oporu v\u00a0\u010c\u00edn\u011b, kter\u00e1 se bude nesporn\u011b tak\u00e9 c\u00edtit ohro\u017eena masivn\u00edm zbrojen\u00edm, kter\u00e9 Z\u00e1pad v\u00a0p\u0159\u00ed\u0161t\u00edch 8 a\u017e 10 letech rozpout\u00e1.<\/p>\n<p style=\"font-weight: 400;\">\u010ce\u0161t\u00ed vl\u00e1dn\u00ed \u010dinitel\u00e9 d\u011blaj\u00ed z\u00a0lid\u00ed \u00fapln\u00e9 hlup\u00e1ky, kdy\u017e jim tvrd\u00ed, \u017ee bude dost pen\u011bz nejen na zbrojen\u00ed, ale tak\u00e9 na v\u0161echny dosavadn\u00ed \u00a0\u2013 v\u00a0podm\u00ednk\u00e1ch \u010ceska jen spor\u00e9 \u2013 vymo\u017eenosti soci\u00e1ln\u00edho st\u00e1tu. Tedy jinak \u0159e\u010deno, \u017ee bude dost tak\u00e9 na zdravotnictv\u00ed, \u0161kolstv\u00ed, soci\u00e1ln\u00ed oblast, v\u00fdstavbu d\u00e1lnic a modern\u00edch rychlostn\u00edch \u017eeleznic. Prost\u011b, co se jak\u017etak\u017e da\u0159ilo dosud, se bude da\u0159it i nad\u00e1le a krom\u011b toho se budou d\u00e1vat astronomick\u00e9 \u010d\u00e1stky na zbrojen\u00ed. Za posledn\u00edch n\u011bkolik let \u010ce\u0161i za\u017eili propad sv\u00e9 \u017eivotn\u00ed \u00farovn\u011b. V\u00a0souhrnu let 2022 a 2023 vzrostla inflace a to p\u0159edev\u0161\u00edm v\u00a0segmentu potravin o neuv\u011b\u0159iteln\u00fdch 30 %. A inflace roste d\u00e1l a vl\u00e1da P. Fialy se tv\u00e1\u0159\u00ed jako by se nechumelilo a je\u0161t\u011b sama sebe chv\u00e1l\u00ed.<\/p>\n<p style=\"font-weight: 400;\">\u00a0V\u011bt\u0161\u00ed militarizace evropsk\u00e9 ekonomiky bude ve sv\u00fdch d\u016fsledc\u00edch znamenat dal\u0161\u00ed zaost\u00e1v\u00e1n\u00ed star\u00e9ho kontinentu za USA a \u010c\u00ednou. Bude znamenat dal\u0161\u00ed r\u016fst nerovnosti v evropsk\u00e9 spole\u010dnosti. A samoz\u0159ejm\u011b se to bude t\u00fdkat na prvn\u00edm m\u00edst\u011b \u010cesk\u00e9 republiky.<\/p>\n<p style=\"font-weight: 400;\">Hlavn\u00ed zpr\u00e1vou t\u011bchto dn\u016f vnitropoliticky nebyla bitcoinov\u00e1 af\u00e9ra, ani izraelsk\u00e9 a americk\u00e9 n\u00e1lety na \u00cdr\u00e1n, ale byla to zpr\u00e1va, \u017ee se v \u010cesku\u00a0rod\u00ed nejm\u00e9n\u011b d\u011bt\u00ed od dob Marie Terezie.<\/p>\n<p style=\"font-weight: 400;\">A co to zp\u016fsobuje? T\u011bch d\u016fvod\u016f je cel\u00e1 \u0159ada, ale mezi prvn\u00edmi je to dramatick\u00fd r\u016fst cen prakticky v\u0161eho, co je nutn\u00e9 pro \u017eivot.<\/p>\n<p style=\"font-weight: 400;\">D\u00e1le naprost\u00e1 nedostupnost cenov\u011b dostupn\u00e9ho n\u00e1jemn\u00edho bydlen\u00ed. Politick\u00e9 strany nejsou schopny v\u00a0t\u00e9to v\u011bci p\u0159ej\u00edt od slov k\u00a0\u010din\u016fm. A v\u00a0prvn\u00ed \u0159ad\u011b to prok\u00e1zala vl\u00e1da P. Fialy v\u010detn\u011b Pir\u00e1t\u016f, kte\u0159\u00ed se v\u00a0n\u00ed vyskytovali po t\u0159i roky. Prost\u011b mlad\u00ed lid\u00e9 nemaj\u00ed kde zalo\u017eit svou rodinu a tak dramaticky klesly po\u010dty nov\u011b narozen\u00fdch d\u011bt\u00ed. A \u0159e\u0161en\u00ed je v\u00a0nedohlednu.<\/p>\n<p style=\"font-weight: 400;\">Shrnuto a podtr\u017eeno: nikdy nebylo takov\u00e9 odtr\u017een\u00ed \u010desk\u00e9 a evropsk\u00e9 spole\u010dnosti od z\u00e1jm\u016f tzv. politick\u00fdch elit. Prost\u011b vl\u00e1dnouc\u00ed politick\u00e9 elity v\u00a0Evrop\u011b, a to v\u010detn\u011b \u010ceska, t\u011b\u017ek\u00fd \u017eivot oby\u010dejn\u00e9ho \u010dlov\u011bka v\u00a0jejich zem\u00edch v\u016fbec nezaj\u00edm\u00e1.<\/p>\n<p><a href=\"https:\/\/vasevec.info\/komentare\/vlady-zemi-zapadu-nezajimaji-problemy-lidi\">Ji\u0159\u00ed Paroubek<\/a><\/p>\n<p><img decoding=\"async\" loading=\"lazy\" class=\"alignnone size-medium wp-image-2342\" src=\"http:\/\/www.infokuryr.cz\/n\/wp-content\/uploads\/2021\/06\/paroubek-300x208.jpg\" alt=\"\" width=\"300\" height=\"208\" srcset=\"https:\/\/www.infokuryr.cz\/n\/wp-content\/uploads\/2021\/06\/paroubek-300x208.jpg 300w, https:\/\/www.infokuryr.cz\/n\/wp-content\/uploads\/2021\/06\/paroubek.jpg 318w\" sizes=\"(max-width: 300px) 100vw, 300px\" \/><\/p>\n<p>&nbsp;<\/p>\n","protected":false},"excerpt":{"rendered":"<p>Vlastn\u011b se d\u00e1 \u0159\u00edci, \u017ee jsou jim z\u00e1jmy oby\u010dejn\u00fdch lid\u00ed zcela ukraden\u00e9. A pln\u00e9 v&#8230;<\/p>\n","protected":false},"author":2,"featured_media":32757,"comment_status":"closed","ping_status":"closed","sticky":false,"template":"","format":"standard","meta":[],"categories":[6],"tags":[1503,940,2452,365],"_links":{"self":[{"href":"https:\/\/www.infokuryr.cz\/n\/wp-json\/wp\/v2\/posts\/82270"}],"collection":[{"href":"https:\/\/www.infokuryr.cz\/n\/wp-json\/wp\/v2\/posts"}],"about":[{"href":"https:\/\/www.infokuryr.cz\/n\/wp-json\/wp\/v2\/types\/post"}],"author":[{"embeddable":true,"href":"https:\/\/www.infokuryr.cz\/n\/wp-json\/wp\/v2\/users\/2"}],"replies":[{"embeddable":true,"href":"https:\/\/www.infokuryr.cz\/n\/wp-json\/wp\/v2\/comments?post=82270"}],"version-history":[{"count":0,"href":"https:\/\/www.infokuryr.cz\/n\/wp-json\/wp\/v2\/posts\/82270\/revisions"}],"wp:featuredmedia":[{"embeddable":true,"href":"https:\/\/www.infokuryr.cz\/n\/wp-json\/wp\/v2\/media\/32757"}],"wp:attachment":[{"href":"https:\/\/www.infokuryr.cz\/n\/wp-json\/wp\/v2\/media?parent=82270"}],"wp:term":[{"taxonomy":"category","embeddable":true,"href":"https:\/\/www.infokuryr.cz\/n\/wp-json\/wp\/v2\/categories?post=82270"},{"taxonomy":"post_tag","embeddable":true,"href":"https:\/\/www.infokuryr.cz\/n\/wp-json\/wp\/v2\/tags?post=82270"}],"curies":[{"name":"wp","href":"https:\/\/api.w.org\/{rel}","templated":true}]}}