{"id":82222,"date":"2025-06-26T06:03:41","date_gmt":"2025-06-26T04:03:41","guid":{"rendered":"https:\/\/www.infokuryr.cz\/n\/?p=82222"},"modified":"2025-06-26T06:03:41","modified_gmt":"2025-06-26T04:03:41","slug":"stegerova-kritizuje-skandal-lgbt-neos-chce-poslapat-madarske-zakony","status":"publish","type":"post","link":"https:\/\/www.infokuryr.cz\/n\/2025\/06\/26\/stegerova-kritizuje-skandal-lgbt-neos-chce-poslapat-madarske-zakony\/","title":{"rendered":"Stegerov\u00e1 kritizuje skand\u00e1l LGBT: NEOS chce \u201epo\u0161lapat ma\u010farsk\u00e9 z\u00e1kony\u201c"},"content":{"rendered":"<div id=\"fb-root\"><\/div>\n<p><strong><span>Ma\u010farsk\u00fd premi\u00e9r Viktor Orb\u00e1n se zam\u011b\u0159uje sp\u00ed\u0161e na podporu rodin a ochranu d\u011bt\u00ed ne\u017e na duhovou ideologii: Podle ned\u00e1vno schv\u00e1len\u00e9ho \u00fastavn\u00edho dodatku je zak\u00e1z\u00e1n i \u201ePochod hrdosti\u201c v Budape\u0161ti. Stejn\u011b se m\u00e1 konat a n\u011bkte\u0159\u00ed politici se do n\u011bj r\u00e1di zapoj\u00ed. V \u010dele: strana NEOS, konkr\u00e9tn\u011b Henrike Brandst\u00f6tterov\u00e1, kter\u00e1 se p\u0159edem ozna\u010dila za \u201eOrbanovu no\u010dn\u00ed m\u016fru\u201c. Europoslankyn\u011b za Stranu svobody Petra Stegerov\u00e1 ost\u0159e kritizovala \u201ehlu\u010dn\u00e9 poslance\u201c.<\/span><\/strong><\/p>\n<p><span>V Ma\u010farsku jsou nyn\u00ed zak\u00e1z\u00e1na shrom\u00e1\u017ed\u011bn\u00ed propaguj\u00edc\u00ed genderovou a transgenderovou posedlost. To rozzu\u0159ilo levicov\u00e9 aktivisty: U p\u0159\u00edle\u017eitosti nadch\u00e1zej\u00edc\u00edho pr\u016fvodu Gay Pride v Budape\u0161ti v sobotu, kter\u00fd <\/span><a href=\"https:\/\/www.mdr.de\/nachrichten\/welt\/osteuropa\/politik\/ungarn-budapest-lgbtq-pride-csd-trotz-verbot-orban-100.html\"><span>se m\u00e1 konat<\/span><\/a><span>\u00a0navzdory z\u00e1kazu , ji\u017e\u00a0<\/span><a href=\"https:\/\/www.msn.com\/de-at\/nachrichten\/other\/budapest-neos-gr%C3%BCne-und-sp%C3%B6-bei-verbotener-pride\/ar-AA1HkJvS\" target=\"_blank\" rel=\"noreferrer noopener\"><span>n\u011bkolik poslanc\u016f parlamentu EU a rakousk\u00fdch politik\u016f<\/span><\/a><span> ozn\u00e1milo sv\u016fj z\u00e1m\u011br vyu\u017e\u00edt sv\u00e9 imunity k \u00fa\u010dasti na t\u011bchto \u201er\u016fznorod\u00fdch\u201c aktivit\u00e1ch.<\/span><\/p>\n<p><span>\u010clenka N\u00e1rodn\u00ed rady NEOS Henrike Brandst\u00f6tterov\u00e1 za\u0161la je\u0161t\u011b o krok d\u00e1l \u2013 prohl\u00e1\u0161en\u00edmi, v nich\u017e se ozna\u010dila za \u201eOrb\u00e1novu no\u010dn\u00ed m\u016fru\u201c a ozn\u00e1mila, \u017ee na pr\u016fvodu nebude nosit kontaktn\u00ed \u010do\u010dky, z\u0159ejm\u011b v o\u010dek\u00e1v\u00e1n\u00ed eskalace v\u010detn\u011b pou\u017eit\u00ed slzn\u00e9ho plynu ma\u010farskou polici\u00ed. Byla to skute\u010dn\u011b no\u010dn\u00ed m\u016fra pro Orb\u00e1na \u2013 nebo mo\u017en\u00e1 sp\u00ed\u0161e pro diplomacii a evropskou spolupr\u00e1ci?<\/span><\/p>\n<p><span>Europoslankyn\u011b za Stranu svobody Petra Stegerov\u00e1 ka\u017edop\u00e1dn\u011b\u00a0<\/span><a href=\"https:\/\/www.ots.at\/presseaussendung\/OTS_20250625_OTS0179\/fpoe-steger-zu-neos-radau-abgeordnete-treten-ungarische-gesetze-vorsaetzlich-mit-fuessen\" target=\"_blank\" rel=\"noreferrer noopener\"><span>ost\u0159e kritizuje<\/span><\/a><span>\u00a0\u201e\u00famysln\u00e9 po\u0161lap\u00e1v\u00e1n\u00ed\u201c ma\u010farsk\u00fdch z\u00e1kon\u016f: \u201eMa\u010farsk\u00e1 vl\u00e1da pod veden\u00edm premi\u00e9ra Viktora Orb\u00e1na up\u0159ednost\u0148uje ochranu d\u011bt\u00ed a rodin p\u0159ed st\u00e1le agresivn\u011bj\u0161\u00ed agendou probuzen\u00fdch hodnot.\u00a0<\/span><strong><span>\u00dastavn\u00ed dodatek demokraticky schv\u00e1len\u00fd v dubnu 2025, kter\u00fd zahrnuje z\u00e1kaz ve\u0159ejn\u00fdch akc\u00ed Pride a stanov\u00ed pokutu 500 eur za poru\u0161en\u00ed, je legitimn\u00edm projevem n\u00e1rodn\u00ed suverenity a m\u011bl by b\u00fdt respektov\u00e1n, zejm\u00e9na zahrani\u010dn\u00edmi politiky.\u201c<\/span><\/strong><\/p>\n<p><span>Ignorov\u00e1n\u00ed platn\u00fdch z\u00e1kon\u016f ze strany rakousk\u00fdch \u201ehlu\u010dn\u00fdch poslanc\u016f\u201c p\u0159edstavuje neuctiv\u00fd a troufal\u00fd \u010din, kter\u00fd po\u0161kozuje mezin\u00e1rodn\u00ed pov\u011bst Rakouska. Stegerov\u00e1 varuje: <\/span><strong><span>\u201eZd\u00e1 se, \u017ee jsou dokonce p\u0159ipraveni aktivn\u011b se br\u00e1nit o\u010dek\u00e1van\u00e9mu policejn\u00edmu rozehn\u00e1n\u00ed zak\u00e1zan\u00e9 akce<\/span><\/strong><span>\u00a0\u2013 p\u0159\u00edslu\u0161n\u00e1 opat\u0159en\u00ed jsou zjevn\u011b ji\u017e p\u0159ij\u00edm\u00e1na. Zat\u00edmco se objevuje takov\u00e1 c\u00edlen\u00e1 v\u00fdzva k \u00fa\u010dasti,\u00a0<\/span><strong><span>hlavn\u00ed akt\u00e9\u0159i se nakonec schov\u00e1vaj\u00ed za ochranu sv\u00e9 poslaneck\u00e9 imunity<\/span><\/strong><span> \u2013 privilegia, kter\u00e9 rozhodn\u011b nebylo vytvo\u0159eno k poru\u0161ov\u00e1n\u00ed z\u00e1kon\u016f v zahrani\u010d\u00ed a organizov\u00e1n\u00ed politick\u00fdch provokac\u00ed na ciz\u00ed p\u016fd\u011b.\u201c<\/span><\/p>\n<p><span>Poslanec Strany svobody tak\u00e9 poukazuje na konkr\u00e9tn\u00ed rozpor v levicov\u00e9 politice: \u201ePr\u00e1v\u011b ti poslanci, kte\u0159\u00ed se dnes prezentuj\u00ed jako \u00fadajn\u00ed bojovn\u00edci za toleranci, pat\u0159\u00ed ke stran\u00e1m, kter\u00e9\u00a0<\/span><strong><span>v posledn\u00edch letech v\u00fdznamn\u011b p\u0159isp\u011bly k masov\u00e9 imigraci z p\u0159ev\u00e1\u017en\u011b isl\u00e1msk\u00fdch zem\u00ed \u2013 a t\u00edm i ke skute\u010dn\u00e9 hrozb\u011b pro pr\u00e1v\u011b ty svobody, kter\u00e9 nyn\u00ed pokrytecky h\u00e1j\u00ed.\u201c<\/span><\/strong><\/p>\n<p><span>Stegerov\u00e1 a FP\u00d6 prosazuj\u00ed rozhodn\u00fd n\u00e1vrat k hodnot\u00e1m, kter\u00e9 po stalet\u00ed formovaly a sjednocovaly Evropu. Odm\u00edtaj\u00ed my\u0161lenku \u201evnucov\u00e1n\u00ed agendy diverzity, genderu a inkluze do v\u0161ech oblast\u00ed \u017eivota s ideologick\u00fdm z\u00e1palem\u201c.<\/span><\/p>\n<p><span>T\u00edmto zp\u016fsobem pravd\u011bpodobn\u011b promlouvaj\u00ed k srdc\u00edm v\u011bt\u0161iny populace:\u00a0<\/span><strong><span>To je patrn\u00e9 i z leto\u0161n\u00edho tich\u00e9ho \u201eM\u011bs\u00edce hrdosti\u201c. Zat\u00edmco firmy po cel\u00e9m sv\u011bt\u011b se obvykle c\u00edt\u00ed nuceny oslavovat LGBTQ komunitu v \u010dervnu,\u00a0<\/span><a href=\"https:\/\/edition.cnn.com\/2025\/06\/02\/business\/brands-pride-month-trump-lgbtq\" target=\"_blank\" rel=\"noreferrer noopener\"><span>letos se zdr\u017eely st\u00e1vkov\u00fdch kampan\u00ed<\/span><\/a><span>\u00a0. Ob\u00e1valy se odporu.<\/span><\/strong><span>\u00a0Dokonce i\u00a0<\/span><a href=\"https:\/\/www.n-tv.de\/wirtschaft\/Deutsche-Konzerne-fahren-Engagement-im-Pride-Month-zurueck-article25831919.html\" target=\"_blank\" rel=\"noreferrer noopener\"><span>v barevn\u00e9m N\u011bmecku<\/span><\/a><span>\u00a0se velk\u00e9 firmy zdr\u017eely za\u0159azov\u00e1n\u00ed duhy do sv\u00fdch profilov\u00fdch obr\u00e1zk\u016f a m\u00edsto toho se rozhodly pro nen\u00e1padn\u00e1 prohl\u00e1\u0161en\u00ed o za\u010dlen\u011bn\u00ed.<\/span><\/p>\n<p><img decoding=\"async\" loading=\"lazy\" class=\"alignnone size-full wp-image-1185\" src=\"http:\/\/www.infokuryr.cz\/n\/wp-content\/uploads\/2021\/04\/kuryr-podpis.png\" alt=\"\" width=\"84\" height=\"24\" \/><\/p>\n<p>&nbsp;<\/p>\n","protected":false},"excerpt":{"rendered":"<p>Ma\u010farsk\u00fd premi\u00e9r Viktor Orb\u00e1n se zam\u011b\u0159uje sp\u00ed\u0161e na podporu rodin a ochranu d\u011bt\u00ed ne\u017e na&#8230;<\/p>\n","protected":false},"author":2,"featured_media":82223,"comment_status":"closed","ping_status":"closed","sticky":false,"template":"","format":"standard","meta":[],"categories":[7],"tags":[206,71,78,720],"_links":{"self":[{"href":"https:\/\/www.infokuryr.cz\/n\/wp-json\/wp\/v2\/posts\/82222"}],"collection":[{"href":"https:\/\/www.infokuryr.cz\/n\/wp-json\/wp\/v2\/posts"}],"about":[{"href":"https:\/\/www.infokuryr.cz\/n\/wp-json\/wp\/v2\/types\/post"}],"author":[{"embeddable":true,"href":"https:\/\/www.infokuryr.cz\/n\/wp-json\/wp\/v2\/users\/2"}],"replies":[{"embeddable":true,"href":"https:\/\/www.infokuryr.cz\/n\/wp-json\/wp\/v2\/comments?post=82222"}],"version-history":[{"count":0,"href":"https:\/\/www.infokuryr.cz\/n\/wp-json\/wp\/v2\/posts\/82222\/revisions"}],"wp:featuredmedia":[{"embeddable":true,"href":"https:\/\/www.infokuryr.cz\/n\/wp-json\/wp\/v2\/media\/82223"}],"wp:attachment":[{"href":"https:\/\/www.infokuryr.cz\/n\/wp-json\/wp\/v2\/media?parent=82222"}],"wp:term":[{"taxonomy":"category","embeddable":true,"href":"https:\/\/www.infokuryr.cz\/n\/wp-json\/wp\/v2\/categories?post=82222"},{"taxonomy":"post_tag","embeddable":true,"href":"https:\/\/www.infokuryr.cz\/n\/wp-json\/wp\/v2\/tags?post=82222"}],"curies":[{"name":"wp","href":"https:\/\/api.w.org\/{rel}","templated":true}]}}