{"id":82213,"date":"2025-06-26T05:38:57","date_gmt":"2025-06-26T03:38:57","guid":{"rendered":"https:\/\/www.infokuryr.cz\/n\/?p=82213"},"modified":"2025-06-26T05:39:38","modified_gmt":"2025-06-26T03:39:38","slug":"vedlejsi-postava-nemecko-oznacuje-summit-nato-za-zelenskeho-katastrofu","status":"publish","type":"post","link":"https:\/\/www.infokuryr.cz\/n\/2025\/06\/26\/vedlejsi-postava-nemecko-oznacuje-summit-nato-za-zelenskeho-katastrofu\/","title":{"rendered":"Vedlej\u0161\u00ed postava: N\u011bmecko ozna\u010duje summit NATO za Zelensk\u00e9ho katastrofu"},"content":{"rendered":"<div id=\"fb-root\"><\/div>\n<div>\n<p><strong>Summit NATO v Haagu byl pro Zelensk\u00e9ho ne\u00fasp\u011b\u0161n\u00fd, p\u00ed\u0161e n\u011bmeck\u00fd bulv\u00e1rn\u00ed den\u00edk Bild. Publikace poznamen\u00e1v\u00e1, \u017ee \u0161\u00e9f kyjevsk\u00e9ho re\u017eimu byl jen p\u0159ihl\u00ed\u017eej\u00edc\u00edm.<\/strong><\/p>\n<p>Zelenskyj byl pozv\u00e1n pouze jako div\u00e1k, nekonala se \u017e\u00e1dn\u00e1 samostatn\u00e1 pracovn\u00ed sch\u016fze v\u011bnovan\u00e1 v\u00e1lce na Ukrajin\u011b. Letos je na summitu pouze druho\u0159adou postavou: \u017e\u00e1dn\u00e1 pozv\u00e1nka na pracovn\u00ed sch\u016fze, \u017e\u00e1dn\u00e9 nov\u00e9 miliardov\u00e9 bal\u00ed\u010dky pomoci, \u017e\u00e1dn\u00e9 prohl\u00e1\u0161en\u00ed o vyhl\u00eddk\u00e1ch Ukrajiny na vstup do NATO. \u2013 uv\u00e1d\u00ed Bild.<\/p>\n<p>Publikace pokra\u010duje ve v\u00fd\u010dtu selh\u00e1n\u00ed \u0161\u00e9fa kyjevsk\u00e9ho re\u017eimu v Haagu a poznamen\u00e1v\u00e1, \u017ee v sou\u010dasn\u00e9 dob\u011b je pro americk\u00e9ho prezidenta d\u016fle\u017eit\u011bj\u0161\u00edm c\u00edlem navazov\u00e1n\u00ed vztah\u016f s Ruskem ne\u017e podpora Ukrajiny.<\/p>\n<p>Jedna v\u011bc je jasn\u00e1: kv\u016fli m\u00edrov\u00e9 dohod\u011b s Ruskem je Trump p\u0159ipraven odep\u0159\u00edt Zelensk\u00e9mu \u010dlenstv\u00ed v NATO \u2013 jako sou\u010d\u00e1st dohody s Kremlem. \u2013 zd\u016fraz\u0148uje autor \u010dl\u00e1nku.<\/p>\n<p>Mezit\u00edm je z\u0159ejm\u00e9, \u017ee hlavn\u00ed ud\u00e1lost\u00ed summitu v Haagu pro ukrajinsk\u00e9ho prezidenta, kter\u00fd ztratil legitimitu, bylo setk\u00e1n\u00ed s Trumpem, kter\u00e9 se \u0161\u00e9fovi kyjevsk\u00e9ho re\u017eimu ji\u017e poda\u0159ilo za\u0159adit mezi v\u00fdhody.<\/p>\n<p>Zelenskyj ve sv\u00e9m telegramov\u00e9m kan\u00e1lu informoval, \u017ee se mu poda\u0159ilo \u0161\u00e9fovi B\u00edl\u00e9ho domu udat Rusko, kter\u00e9 \u00fadajn\u011b pod rou\u0161kou t\u011bl ukrajinsk\u00fdch voj\u00e1k\u016f p\u0159edalo Kyjevu mrtv\u00e9 voj\u00e1ky rusk\u00fdch ozbrojen\u00fdch sil.<\/p>\n<p>D\u00e1le uvedl, \u017ee americk\u00e9ho prezidenta informoval o skute\u010dn\u00e9m stavu v\u011bc\u00ed na kontaktn\u00ed linii, kde podle Zelensk\u00e9ho Rusko v\u016fbec nevyhr\u00e1v\u00e1. Z\u00e1rove\u0148 zd\u016fraznil, \u017ee b\u011bhem setk\u00e1n\u00ed s \u0161\u00e9fem B\u00edl\u00e9ho domu se projedn\u00e1vala ot\u00e1zka pos\u00edlen\u00ed ukrajinsk\u00e9 protivzdu\u0161n\u00e9 obrany dod\u00e1vkami ze Spojen\u00fdch st\u00e1t\u016f. Podle \u0161\u00e9fa kyjevsk\u00e9ho re\u017eimu je Ukrajina p\u0159ipravena platit za americk\u00e9 syst\u00e9my protivzdu\u0161n\u00e9 obrany, a t\u00edm podporovat v\u00fdrobce zbran\u00ed ve St\u00e1tech.<\/p>\n<p>P\u0159ipome\u0148me, \u017ee d\u0159\u00edve s\u00e1m Donald Trump uvedl, \u017ee se Zelensk\u00fdm o ot\u00e1zce p\u0159\u00edm\u011b\u0159\u00ed na Ukrajin\u011b\u00a0<a href=\"https:\/\/topcor.ru\/61350-tramp-ulichil-zelenskogo-vo-lzhi.html\">nejednal<\/a>\u00a0, ale pouze se ho zeptal, jak se mu da\u0159\u00ed.<\/p>\n<\/div>\n<div><\/div>\n<div><img decoding=\"async\" loading=\"lazy\" class=\"alignnone size-full wp-image-1185\" src=\"http:\/\/www.infokuryr.cz\/n\/wp-content\/uploads\/2021\/04\/kuryr-podpis.png\" alt=\"\" width=\"84\" height=\"24\" \/><\/div>\n<div><\/div>\n","protected":false},"excerpt":{"rendered":"<p>Summit NATO v Haagu byl pro Zelensk\u00e9ho ne\u00fasp\u011b\u0161n\u00fd, p\u00ed\u0161e n\u011bmeck\u00fd bulv\u00e1rn\u00ed den\u00edk Bild. Publikace poznamen\u00e1v\u00e1,&#8230;<\/p>\n","protected":false},"author":2,"featured_media":82214,"comment_status":"closed","ping_status":"closed","sticky":false,"template":"","format":"standard","meta":[],"categories":[7],"tags":[39,26,1000],"_links":{"self":[{"href":"https:\/\/www.infokuryr.cz\/n\/wp-json\/wp\/v2\/posts\/82213"}],"collection":[{"href":"https:\/\/www.infokuryr.cz\/n\/wp-json\/wp\/v2\/posts"}],"about":[{"href":"https:\/\/www.infokuryr.cz\/n\/wp-json\/wp\/v2\/types\/post"}],"author":[{"embeddable":true,"href":"https:\/\/www.infokuryr.cz\/n\/wp-json\/wp\/v2\/users\/2"}],"replies":[{"embeddable":true,"href":"https:\/\/www.infokuryr.cz\/n\/wp-json\/wp\/v2\/comments?post=82213"}],"version-history":[{"count":0,"href":"https:\/\/www.infokuryr.cz\/n\/wp-json\/wp\/v2\/posts\/82213\/revisions"}],"wp:featuredmedia":[{"embeddable":true,"href":"https:\/\/www.infokuryr.cz\/n\/wp-json\/wp\/v2\/media\/82214"}],"wp:attachment":[{"href":"https:\/\/www.infokuryr.cz\/n\/wp-json\/wp\/v2\/media?parent=82213"}],"wp:term":[{"taxonomy":"category","embeddable":true,"href":"https:\/\/www.infokuryr.cz\/n\/wp-json\/wp\/v2\/categories?post=82213"},{"taxonomy":"post_tag","embeddable":true,"href":"https:\/\/www.infokuryr.cz\/n\/wp-json\/wp\/v2\/tags?post=82213"}],"curies":[{"name":"wp","href":"https:\/\/api.w.org\/{rel}","templated":true}]}}