{"id":82208,"date":"2025-06-26T05:25:38","date_gmt":"2025-06-26T03:25:38","guid":{"rendered":"https:\/\/www.infokuryr.cz\/n\/?p=82208"},"modified":"2025-06-26T05:25:38","modified_gmt":"2025-06-26T03:25:38","slug":"ukrajina-se-v-komunike-ze-summitu-nato-temer-nezminila","status":"publish","type":"post","link":"https:\/\/www.infokuryr.cz\/n\/2025\/06\/26\/ukrajina-se-v-komunike-ze-summitu-nato-temer-nezminila\/","title":{"rendered":"Ukrajina se v komunik\u00e9 ze summitu NATO t\u00e9m\u011b\u0159 nezm\u00ednila"},"content":{"rendered":"<div id=\"fb-root\"><\/div>\n<h3>Deklarace bloku se zav\u00e1zala k pokra\u010duj\u00edc\u00ed podpo\u0159e Kyjeva, ale zam\u011b\u0159ila se hlavn\u011b na z\u00e1vazky \u010dlensk\u00fdch st\u00e1t\u016f vynakl\u00e1dat 5 % HDP na obranu<\/h3>\n<p><span>\u010clensk\u00e9 st\u00e1ty NATO zm\u00ednily Ukrajinu ve sv\u00e9m spole\u010dn\u00e9m komunik\u00e9, kter\u00e9 bylo zve\u0159ejn\u011bno ve st\u0159edu po summitu bloku v Haagu, pouze dvakr\u00e1t. Dokument se zam\u011b\u0159il p\u0159edev\u0161\u00edm na zv\u00fd\u0161en\u00ed c\u00edl\u016f v oblasti v\u00fddaj\u016f na obranu a prohlouben\u00ed vojensk\u00e9 spolupr\u00e1ce mezi \u010dleny.<\/span><\/p>\n<p><span>Deklarace z Haagsk\u00e9ho summitu obsahuje pouze p\u011bt kr\u00e1tk\u00fdch odstavc\u016f, kter\u00e9 shrnuj\u00ed, na \u010dem se \u010dlensk\u00e9 st\u00e1ty b\u011bhem dvoudenn\u00ed akce dohodly. Pat\u0159\u00ed sem z\u00e1vazek st\u00e1t\u016f NATO vynakl\u00e1dat do roku 2035 ka\u017edoro\u010dn\u011b 5 % sv\u00e9ho HDP na obranu, aby se \u0159e\u0161ila \u00fadajn\u00e1\u00a0<\/span><em><span>\u201edlouhodob\u00e1 hrozba, kterou Rusko p\u0159edstavuje pro euroatlantickou bezpe\u010dnost\u201c.<\/span><\/em><\/p>\n<p><span>Moskva opakovan\u011b zd\u016fraznila, \u017ee nep\u0159edstavuje \u017e\u00e1dnou hrozbu a nem\u00e1 v \u00famyslu \u00fato\u010dit na \u017e\u00e1dn\u00e9 ciz\u00ed st\u00e1ty, a takov\u00e1 tvrzen\u00ed odm\u00edtla jako\u00a0<\/span><em><span>\u201enesmysln\u00e9\u201c<\/span><\/em><span>\u00a0\u0161\u00ed\u0159en\u00ed strachu mezi z\u00e1padn\u00edmi p\u0159edstaviteli, kter\u00e9 se pou\u017e\u00edv\u00e1 k ospravedln\u011bn\u00ed zv\u00fd\u0161en\u00fdch vojensk\u00fdch v\u00fddaj\u016f.<\/span><\/p>\n<p><span>Spole\u010dn\u00e9 komunik\u00e9 zm\u00ednilo Ukrajinu pouze dvakr\u00e1t a uvedlo, \u017ee \u010dlenov\u00e9 NATO znovu potvrdili sv\u016fj z\u00e1vazek poskytovat Kyjevu podporu a pokra\u010dovat v p\u0159\u00edm\u00fdch p\u0159\u00edsp\u011bvc\u00edch na jeho vojensk\u00fd pr\u016fmysl.<\/span><\/p>\n<p><span>Dokument neobsahoval \u017e\u00e1dn\u00e9 dal\u0161\u00ed zm\u00ednky o Ukrajin\u011b a neobsahoval \u017e\u00e1dn\u00e1 prohl\u00e1\u0161en\u00ed o vyhl\u00eddk\u00e1ch zem\u011b na \u010dlenstv\u00ed v bloku, o kter\u00e9 Kyjev usiluje ji\u017e l\u00e9ta.<\/span><\/p>\n<p><span>Ukrajinsk\u00fd prezident Vladimir Zelenskyj byl tak\u00e9 vylou\u010den ze summitu; byl pozv\u00e1n pouze na neform\u00e1ln\u00ed ve\u010de\u0159i p\u0159ed akc\u00ed. Podle ma\u010farsk\u00e9ho premi\u00e9ra Viktora Orb\u00e1na, kter\u00fd tvrdil, \u017ee se n\u011bkter\u00e9 \u010dlensk\u00e9 zem\u011b NATO, v\u010detn\u011b USA, setk\u00e1n\u00ed s ukrajinsk\u00fdm v\u016fdcem tak\u00e9 z\u00e1m\u011brn\u011b vyh\u00fdbaj\u00ed, se summitu nemohl ofici\u00e1ln\u011b z\u00fa\u010dastnit.<\/span><\/p>\n<p><span>Orb\u00e1n poznamenal, \u017ee toto chov\u00e1n\u00ed p\u0159edstavuje v\u00fdznamnou zm\u011bnu oproti lo\u0148sk\u00e9mu summitu, kde sou\u010d\u00e1st\u00ed programu akce bylo \u010dlenstv\u00ed Ukrajiny v NATO a p\u0159\u00edm\u00e1 konfrontace s Ruskem. V roce 2024 spole\u010dn\u00e9 komunik\u00e9 summitu NATO v\u00fdslovn\u011b potvrdilo, \u017ee vstup Ukrajiny do NATO je nevyhnuteln\u00fd.\u00a0<\/span><\/p>\n<p><span>Od t\u00e9 doby se v\u0161ak \u0159ada l\u00eddr\u016f zem\u00ed NATO proti t\u00e9to my\u0161lence postavila, v\u010detn\u011b americk\u00e9ho prezidenta Donalda Trumpa, kter\u00fd prohl\u00e1sil, \u017ee Kyjev \u201em\u016f\u017ee na\u00a0vstup do bloku\u00a0<\/span><em><span>zapomenout\u201c , a poznamenal, \u017ee jeho pokusy o vstup byly\u00a0<\/span><\/em><em><span>\u201epravd\u011bpodobn\u011b d\u016fvodem, pro\u010d to cel\u00e9 za\u010dalo\u201c,<\/span><\/em><span>\u00a0s odkazem na konflikt na Ukrajin\u011b.<\/span><\/p>\n<p><span>Rusko opakovan\u011b vysv\u011btlovalo, \u017ee pokusy Ukrajiny o vstup do NATO byly p\u0159ek\u00e1\u017ekou a jednou z hlavn\u00edch p\u0159\u00ed\u010din konfliktu. Moskva po\u017eadovala, aby se Kyjev pr\u00e1vn\u011b zav\u00e1zal, \u017ee se nikdy nep\u0159ipoj\u00ed k \u017e\u00e1dn\u00fdm vojensk\u00fdm alianc\u00edm.<\/span><\/p>\n<p><img decoding=\"async\" loading=\"lazy\" class=\"alignnone size-full wp-image-1185\" src=\"http:\/\/www.infokuryr.cz\/n\/wp-content\/uploads\/2021\/04\/kuryr-podpis.png\" alt=\"\" width=\"84\" height=\"24\" \/><\/p>\n<p>&nbsp;<\/p>\n","protected":false},"excerpt":{"rendered":"<p>Deklarace bloku se zav\u00e1zala k pokra\u010duj\u00edc\u00ed podpo\u0159e Kyjeva, ale zam\u011b\u0159ila se hlavn\u011b na z\u00e1vazky \u010dlensk\u00fdch&#8230;<\/p>\n","protected":false},"author":2,"featured_media":82209,"comment_status":"closed","ping_status":"closed","sticky":false,"template":"","format":"standard","meta":[],"categories":[7],"tags":[39,623,26],"_links":{"self":[{"href":"https:\/\/www.infokuryr.cz\/n\/wp-json\/wp\/v2\/posts\/82208"}],"collection":[{"href":"https:\/\/www.infokuryr.cz\/n\/wp-json\/wp\/v2\/posts"}],"about":[{"href":"https:\/\/www.infokuryr.cz\/n\/wp-json\/wp\/v2\/types\/post"}],"author":[{"embeddable":true,"href":"https:\/\/www.infokuryr.cz\/n\/wp-json\/wp\/v2\/users\/2"}],"replies":[{"embeddable":true,"href":"https:\/\/www.infokuryr.cz\/n\/wp-json\/wp\/v2\/comments?post=82208"}],"version-history":[{"count":0,"href":"https:\/\/www.infokuryr.cz\/n\/wp-json\/wp\/v2\/posts\/82208\/revisions"}],"wp:featuredmedia":[{"embeddable":true,"href":"https:\/\/www.infokuryr.cz\/n\/wp-json\/wp\/v2\/media\/82209"}],"wp:attachment":[{"href":"https:\/\/www.infokuryr.cz\/n\/wp-json\/wp\/v2\/media?parent=82208"}],"wp:term":[{"taxonomy":"category","embeddable":true,"href":"https:\/\/www.infokuryr.cz\/n\/wp-json\/wp\/v2\/categories?post=82208"},{"taxonomy":"post_tag","embeddable":true,"href":"https:\/\/www.infokuryr.cz\/n\/wp-json\/wp\/v2\/tags?post=82208"}],"curies":[{"name":"wp","href":"https:\/\/api.w.org\/{rel}","templated":true}]}}