{"id":82185,"date":"2025-06-26T00:19:36","date_gmt":"2025-06-25T22:19:36","guid":{"rendered":"https:\/\/www.infokuryr.cz\/n\/?p=82185"},"modified":"2025-06-25T13:28:42","modified_gmt":"2025-06-25T11:28:42","slug":"zdenek-jemelik-spravedlnost-naruby","status":"publish","type":"post","link":"https:\/\/www.infokuryr.cz\/n\/2025\/06\/26\/zdenek-jemelik-spravedlnost-naruby\/","title":{"rendered":"Zden\u011bk Jemel\u00edk: Spravedlnost naruby"},"content":{"rendered":"<div id=\"fb-root\"><\/div>\n<p><strong>Dle o\u010dek\u00e1v\u00e1n\u00ed, kter\u00e9 jsem vyj\u00e1d\u0159il v \u010dl\u00e1nku z 26.kv\u011btna 2025, Vrchn\u00ed soud v Praze zru\u0161il dne 23. \u010dervna 2025 ji\u017e podruh\u00e9 zpro\u0161\u0165uj\u00edc\u00ed rozsudek nad ob\u017e. Janou Nagyovou a jej\u00edm pomocn\u00edkem ob\u017e. Andrejem Babi\u0161em. Ne\u0161el ale do krajnosti: nevyu\u017eil pr\u00e1va na\u0159\u00eddit projedn\u00e1n\u00ed v nov\u00e9m slo\u017een\u00ed sen\u00e1tu. Soudce Jan \u0160ott tak dostal ji\u017e druhou p\u0159\u00edle\u017eitost k \u201epolep\u0161en\u00ed\u201c. Ale i tak soudci Vrchn\u00edho soudu naplnili c\u00edl naru\u0161ovat politickou dr\u00e1hu Andreje Babi\u0161e.<\/strong><\/p>\n<p>V tomto speci\u00e1ln\u00edm p\u0159\u00edpad\u011b soudn\u00ed rozhodnut\u00ed vhodn\u011b zapad\u00e1 do snahy vl\u00e1dn\u00ed koalice o zast\u0159en\u00ed z\u00e1va\u017enosti bitcoinov\u00e9 kauzy. Andreji Babi\u0161ovi se dost\u00e1v\u00e1 v\u00fdzev, aby v podzimn\u00edch volb\u00e1ch nekandidoval a mluv\u00ed se o z\u00fa\u017een\u00ed jeho koali\u010dn\u00edch mo\u017enost\u00ed. Pavel Bla\u017eek, kter\u00fd se zapletl do p\u0159\u00edpadu, jen\u017e rozsahem mo\u017en\u00e9 finan\u010dn\u00ed \u0161kody pro st\u00e1t p\u0159evy\u0161uje \u010cap\u00ed hn\u00edzdo mnohon\u00e1sobn\u011b, je najednou za kladn\u00e9ho hrdinu. Vl\u00e1dn\u00ed politici jej stav\u00ed p\u0159ed o\u010di Andreje Babi\u0161e a p\u0159ed o\u010di ohlupovan\u00e9 ve\u0159ejnosti jako vzor.<\/p>\n<p>Samoz\u0159ejm\u011b pozornost v\u0161ech komentuj\u00edc\u00edch politik\u016f a novin\u00e1\u0159\u016f se soust\u0159e\u010fuje na Andreje Babi\u0161e, by\u0165 v kauze hraje druho\u0159adou roli.<\/p>\n<p>Ust\u00e1lil se n\u00e1zor, \u017ee toto trestn\u00ed \u0159\u00edzen\u00ed n\u011bkdo vyvolal s \u00famyslem vytla\u010dit Andreje Babi\u0161e z politiky t\u00edmto zp\u016fsobem, kdy\u017e politick\u00e9 prost\u0159edky nesta\u010d\u00ed. \u010casov\u00fd odstup trestn\u00edho ozn\u00e1men\u00ed od skutku tomu nasv\u011bd\u010duje. I tak jsou na m\u00edst\u011b pochybnosti, zda trestn\u00ed \u0159\u00edzen\u00ed bylo jedinou cestou n\u00e1pravy nespr\u00e1vn\u00e9ho rozhodnut\u00ed o poskytnut\u00ed dotace. Pokud se p\u0159\u00edslu\u0161n\u00fd odborn\u00fd spr\u00e1vn\u00ed org\u00e1n zm\u00fdlil, n\u00e1prava ve spr\u00e1vn\u00edm \u0159\u00edzen\u00ed byla mo\u017en\u00e1: jen by musel n\u011bkdo kvalifikovan\u00fd vadnost odhalit. P\u0159ezkumy netrestn\u00ed cestou prob\u011bhly, n\u00e1mitky nevznesly.<\/p>\n<p>Ostatn\u011b dotace byla jen mal\u00fdm d\u00edlkem investi\u010dn\u00edch n\u00e1klad\u016f na vybudov\u00e1n\u00ed spole\u010densky prosp\u011b\u0161n\u00e9ho za\u0159\u00edzen\u00ed a nakonec ji n\u00e1stupnick\u00e1 organizace Farmy \u010cap\u00ed hn\u00edzdo vr\u00e1tila. Nal\u00e9havost n\u00e1pravy nebyla velk\u00e1, ve srovn\u00e1n\u00ed s \u00fanikem bitcoin\u016f podez\u0159el\u00e9ho p\u016fvodu tak\u0159ka nepatrn\u00e1.<\/p>\n<p>Plat\u00ed z\u00e1sada, \u017ee trestn\u00ed pr\u00e1vo je prost\u0159edkem ultima ratio. V tomto p\u0159\u00edpad\u011b je ale p\u0159ednostn\u00edm a vlastn\u011b jedin\u00fdm n\u00e1strojem. Je to zvl\u00e1\u0161tn\u00ed: nejd\u0159\u00edve odborn\u00fd org\u00e1n, odpov\u011bdn\u00fd za spr\u00e1vu dota\u010dn\u00edch prost\u0159edk\u016f, rozhodl, \u017ee \u017e\u00e1dosti o dotaci je t\u0159eba vyhov\u011bt. Pak ale p\u0159i\u0161li policist\u00e9 a st\u00e1tn\u00ed z\u00e1stupci, jejich\u017e odborn\u00e1 fundovanost je pon\u011bkud nejist\u00e1, rozhodli, \u017ee dotace nem\u011bla b\u00fdt ud\u011blena a jejich pravda je siln\u011bj\u0161\u00ed.<\/p>\n<p>To samo o sob\u011b by mi tolik nevadilo. Ale st\u00e1le nemohu str\u00e1vit skute\u010dnost, \u017ee lid\u00e9, kte\u0159\u00ed odpov\u00eddali za spr\u00e1vu st\u00e1tn\u00edch pen\u011bz, vyv\u00e1zli bez \u00fahony. To je spravedlnost naruby. Z m\u00e9ho laick\u00e9ho hlediska se \u00fa\u0159edn\u00edci m\u011bli dostat p\u0159ed soud rychleji ne\u017e Jana Nagyov\u00e1. Jejich odpov\u011bdnost byla samoz\u0159ejm\u011b vy\u0161\u0161\u00ed ne\u017e odpov\u011bdnost \u017eadatelky. Dota\u010dn\u00ed \u0159\u00edzen\u00ed je podobn\u00e9 vy\u0159izov\u00e1n\u00ed \u017e\u00e1dosti o \u00fav\u011br. P\u0159edlo\u017e\u00ed-li \u017eadatel o \u00fav\u011br po\u017eadovan\u00e9 podklady a banka mu nevyhov\u00ed, \u017eadatel ne\u010del\u00ed kv\u016fli tomu trestn\u00edmu \u0159\u00edzen\u00ed. V dan\u00e9m p\u0159\u00edpad\u011b spr\u00e1vci dota\u010dn\u00edch pen\u011bz pr\u00fd nem\u011bli \u017e\u00e1dosti vyhov\u011bt. Ale \u017eadatelka jim poskytla v\u0161echny informace, tak\u017ee jim nic nebr\u00e1nilo nevyhov\u011bt j\u00ed. Kdo je odpov\u011bdn\u00fd za neopr\u00e1vn\u011bn\u00e9 vyd\u00e1n\u00ed dotace: \u017eadatelka nebo \u00fa\u0159edn\u00edci?<\/p>\n<p>\u00daloha Andreje Babi\u0161e je neur\u010dit\u00e1. Z\u0159ejm\u011b spu\u0161t\u011bn\u00edm projektu cht\u011bl dos\u00e1hnout napln\u011bn\u00ed sv\u00e9ho snu. Uskute\u010dn\u011bn\u00ed p\u0159enechal jin\u00fdm lidem. S\u00e1m nebyl akcion\u00e1\u0159em spole\u010dnosti Farma \u010cap\u00ed hn\u00edzdo. Ur\u010dit\u011b nespustil projekt proto, aby mohl z\u00edskat pom\u011brn\u011b malou dotaci. Provinil se t\u00edm, \u017ee nechal vybudovat velkolep\u00e9 za\u0159\u00edzen\u00ed. Ka\u017ed\u00fd dobr\u00fd skutek mus\u00ed b\u00fdt po z\u00e1sluze potrest\u00e1n.<\/p>\n<p>Trestn\u00ed \u0159\u00edzen\u00ed ov\u0161em b\u011b\u017e\u00ed zp\u016fsobem, j\u00edm\u017e se rozb\u011bhlo a m\u016f\u017ee pokra\u010dovat je\u0161t\u011b i n\u011bkolik let. Zat\u011b\u017euje ob\u017ealovan\u00e9 i org\u00e1ny a v p\u0159\u00edpad\u011b, \u017ee by p\u0159ece jen do\u0161lo k pravomocn\u00e9mu odsouzen\u00ed ob\u017ealovan\u00fdch, nedojde k v\u00fdsledk\u016fm, je\u017e by ospravedlnily celou vynalo\u017eenou n\u00e1mahu a n\u00e1klady. Hora porod\u00ed my\u0161. Je na \u010dase tu trapnost zastavit.<\/p>\n<p><em><strong>Zden\u011bk Jemel\u00edk<\/strong><\/em><\/p>\n<p><img decoding=\"async\" loading=\"lazy\" class=\"alignnone size-medium wp-image-357\" src=\"http:\/\/www.infokuryr.cz\/n\/wp-content\/uploads\/2021\/04\/Jemelik-u-soudu-300x145.jpeg\" alt=\"\" width=\"300\" height=\"145\" srcset=\"https:\/\/www.infokuryr.cz\/n\/wp-content\/uploads\/2021\/04\/Jemelik-u-soudu-300x145.jpeg 300w, https:\/\/www.infokuryr.cz\/n\/wp-content\/uploads\/2021\/04\/Jemelik-u-soudu.jpeg 320w\" sizes=\"(max-width: 300px) 100vw, 300px\" \/><\/p>\n<p><img decoding=\"async\" loading=\"lazy\" class=\"wp-image-80899 aligncenter\" src=\"http:\/\/www.infokuryr.cz\/n\/wp-content\/uploads\/2025\/06\/Vrabel-283x300.jpg\" alt=\"\" width=\"685\" height=\"726\" srcset=\"https:\/\/www.infokuryr.cz\/n\/wp-content\/uploads\/2025\/06\/Vrabel-283x300.jpg 283w, https:\/\/www.infokuryr.cz\/n\/wp-content\/uploads\/2025\/06\/Vrabel-966x1024.jpg 966w, https:\/\/www.infokuryr.cz\/n\/wp-content\/uploads\/2025\/06\/Vrabel-768x814.jpg 768w, https:\/\/www.infokuryr.cz\/n\/wp-content\/uploads\/2025\/06\/Vrabel-1024x1086.jpg 1024w, https:\/\/www.infokuryr.cz\/n\/wp-content\/uploads\/2025\/06\/Vrabel.jpg 1080w\" sizes=\"(max-width: 685px) 100vw, 685px\" \/><\/p>\n<p>&nbsp;<\/p>\n","protected":false},"excerpt":{"rendered":"<p>Dle o\u010dek\u00e1v\u00e1n\u00ed, kter\u00e9 jsem vyj\u00e1d\u0159il v \u010dl\u00e1nku z 26.kv\u011btna 2025, Vrchn\u00ed soud v Praze zru\u0161il&#8230;<\/p>\n","protected":false},"author":2,"featured_media":80385,"comment_status":"closed","ping_status":"closed","sticky":false,"template":"","format":"standard","meta":[],"categories":[6],"tags":[9369,3322,1503,520,324],"_links":{"self":[{"href":"https:\/\/www.infokuryr.cz\/n\/wp-json\/wp\/v2\/posts\/82185"}],"collection":[{"href":"https:\/\/www.infokuryr.cz\/n\/wp-json\/wp\/v2\/posts"}],"about":[{"href":"https:\/\/www.infokuryr.cz\/n\/wp-json\/wp\/v2\/types\/post"}],"author":[{"embeddable":true,"href":"https:\/\/www.infokuryr.cz\/n\/wp-json\/wp\/v2\/users\/2"}],"replies":[{"embeddable":true,"href":"https:\/\/www.infokuryr.cz\/n\/wp-json\/wp\/v2\/comments?post=82185"}],"version-history":[{"count":0,"href":"https:\/\/www.infokuryr.cz\/n\/wp-json\/wp\/v2\/posts\/82185\/revisions"}],"wp:featuredmedia":[{"embeddable":true,"href":"https:\/\/www.infokuryr.cz\/n\/wp-json\/wp\/v2\/media\/80385"}],"wp:attachment":[{"href":"https:\/\/www.infokuryr.cz\/n\/wp-json\/wp\/v2\/media?parent=82185"}],"wp:term":[{"taxonomy":"category","embeddable":true,"href":"https:\/\/www.infokuryr.cz\/n\/wp-json\/wp\/v2\/categories?post=82185"},{"taxonomy":"post_tag","embeddable":true,"href":"https:\/\/www.infokuryr.cz\/n\/wp-json\/wp\/v2\/tags?post=82185"}],"curies":[{"name":"wp","href":"https:\/\/api.w.org\/{rel}","templated":true}]}}