{"id":82184,"date":"2025-06-26T00:16:27","date_gmt":"2025-06-25T22:16:27","guid":{"rendered":"https:\/\/www.infokuryr.cz\/n\/?p=82184"},"modified":"2025-06-25T13:26:15","modified_gmt":"2025-06-25T11:26:15","slug":"jiri-vyvadil-trump-opet-otocil-o-180-stupnu","status":"publish","type":"post","link":"https:\/\/www.infokuryr.cz\/n\/2025\/06\/26\/jiri-vyvadil-trump-opet-otocil-o-180-stupnu\/","title":{"rendered":"Ji\u0159\u00ed Vyvadil: Trump op\u011bt oto\u010dil o 180 stup\u0148\u016f"},"content":{"rendered":"<div id=\"fb-root\"><\/div>\n<p><strong>Tentokr\u00e1t ve prosp\u011bch m\u00edru. Pokud to je pravda, zd\u00e1 se, \u017ee p\u0159ekvapiv\u011b rychle zap\u016fsobily u Trumpa sebez\u00e1chovn\u00e9 instinkty. K\u00e9\u017e by. \u0160okuj\u00edc\u00ed Trump\u016fv obrat ve prosp\u011bch podpory konfliktu Izrael -Ir\u00e1n z minul\u00e9ho t\u00fddne obr\u00e1til doslova o 180 % jeho dosavadn\u00ed politiku, se kterou zv\u00edt\u011bzil v prezidentsk\u00fdch volb\u00e1ch s t\u00edm, \u017ee v\u0161echny americk\u00e9 v\u00e1lky zakon\u010d\u00ed a \u017e\u00e1dn\u00e9 nov\u00e9 neza\u010dne.<\/strong><\/p>\n<p style=\"font-weight: 400;\">Bou\u0159e vypukla ve sv\u011bt\u011b, kde se bou\u0159il nap\u0159\u00edklad i Vladim\u00edr Putin, se kter\u00fdm Trump zjevn\u011b dob\u0159e vych\u00e1z\u00ed a kter\u00e9ho na rozd\u00edl od vlhk\u00fdch tu\u017eeb evropsk\u00fdch protirusk\u00fdch ov\u0161em fakticky neschopn\u00fdch bojovn\u00edk\u016f rozhodn\u011b nechce porazit. Mohutn\u00fd odpor vypukl i u jeho MAGA, kter\u00e1 odm\u00edtala opakov\u00e1n\u00ed tragick\u00fdch\u00a0 v\u00e1lek v fghanist\u00e1nu,Ir\u00e1ku \u010di Libyi.<\/p>\n<p style=\"font-weight: 400;\">Je\u0161t\u011b v\u010dera to vypadalo, \u017ee Donald svou novou image ostr\u00e9ho v\u00e1le\u010dnick\u00e9ho jest\u0159\u00e1ba opustit nechce.<\/p>\n<p style=\"font-weight: 400;\">ZM\u011aNA.<\/p>\n<p style=\"font-weight: 400;\">Trump , kter\u00fd\u00a0\u00a0a\u017e l\u00e1skypln\u011b n\u011bkolik dn\u00ed podporoval agresivn\u00ed akce Izraele a nazna\u010doval pl\u00e1ny na zm\u011bnu re\u017eimu v Ir\u00e1nu, n\u00e1hle\u00a0\u00a0ozn\u00e1mil p\u0159\u00edm\u011b\u0159\u00ed mezi Izraelem a \u00cdr\u00e1nem.<\/p>\n<p style=\"font-weight: 400;\">V p\u0159\u00edsp\u011bvku na Truth Social uvedl, \u017ee p\u0159\u00edm\u011b\u0159\u00ed vstoup\u00ed v platnost kr\u00e1tce po p\u016flnoci na v\u00fdchodn\u00edm pob\u0159e\u017e\u00ed Spojen\u00fdch st\u00e1t\u016f a v\u00e1lka by m\u011bla ofici\u00e1ln\u011b skon\u010dit o 12 hodin pozd\u011bji.<\/p>\n<p style=\"font-weight: 400;\">\u201eToto je v\u00e1lka, kter\u00e1 mohla trvat roky a zni\u010dit cel\u00fd Bl\u00edzk\u00fd v\u00fdchod, ale nestalo se tak a nikdy se tak nestane!\u201c napsal Trump v p\u0159\u00edsp\u011bvku.<\/p>\n<p style=\"font-weight: 400;\">Jako v\u017edy trochu bombasticky vyj\u00e1d\u0159eno, ale to je jeho styl.<\/p>\n<p style=\"font-weight: 400;\">Co s t\u00edm \u010f\u00e1blem m\u00e1me d\u011blat? Je to nepochybn\u011b nejsiln\u011bj\u0161\u00ed politik sv\u011bta a hraje si se sv\u011btem, jak chce syst\u00e9mem pokus-omyl. Chv\u00edli n\u011bco vyhl\u00e1s\u00ed, aby po kr\u00e1tk\u00e9 dob\u011b rychle vzal zp\u00e1te\u010dku. Nad\u00e1vat jist\u011b m\u016f\u017eeme a mus\u00edme, ale je t\u0159eba to br\u00e1t jako realitu. Ale pokud skute\u010dn\u011b nestalo to, co napsal na t\u00e9 sv\u00e9 s\u00edti, tak mu asi mnoz\u00ed zatleskaj\u00ed, v\u010detn\u011b autora t\u00e9to kr\u00e1tk\u00e9 glosy. V\u00e1lky jsou hrozn\u00e9 a jsou hrozn\u00e9 i tehdy, kdy zd\u00e1nliv\u011b mnoh\u00e9 agresivn\u00ed hlasy pro n\u011b volaj\u00ed.<\/p>\n<p style=\"font-weight: 400;\">Podle vysoce postaven\u00e9ho \u00fa\u0159edn\u00edka B\u00edl\u00e9ho domu, kter\u00e9mu byla zaru\u010dena anonymita pro sd\u00edlen\u00ed citliv\u00fdch detail\u016f jedn\u00e1n\u00ed, uvedl, \u017ee Izrael souhlasil s p\u0159\u00edm\u011b\u0159\u00edm \u2013 pokud nebude d\u00e1le napaden \u00cdr\u00e1nem \u2013 stejn\u011b jako \u00cdr\u00e1n.<\/p>\n<p style=\"font-weight: 400;\">Trump komunikoval p\u0159\u00edmo s izraelsk\u00fdm premi\u00e9rem Benjaminem Netanjahuem, zat\u00edmco viceprezident J. D. Vance, ministr zahrani\u010d\u00ed Marco Rubio a zvl\u00e1\u0161tn\u00ed vyslanec Steve Witkoff hovo\u0159ili s \u00cdr\u00e1nci prost\u0159ednictv\u00edm p\u0159\u00edm\u00fdch i nep\u0159\u00edm\u00fdch kan\u00e1l\u016f a \u017ee Katar\u010dan\u00e9 byli kl\u00ed\u010dov\u00ed p\u0159i zprost\u0159edkov\u00e1n\u00ed dohody.<\/p>\n<p style=\"font-weight: 400;\">P\u0159ejme si, aby to tak bylo. Vidina nov\u00e9ho rozvratu na Bl\u00edzk\u00e9m v\u00fdchod\u011b, kter\u00fd p\u0159ed lety Evropa mimo jin\u00e9 zaznamenala mohutnou vlnou uprchl\u00edk\u016f, je\u017e p\u0159ev\u00e1lcovaly n\u011bkter\u00e9 zem\u011b, kter\u00e9 se z toho do dnes nejsou schopny vzpamatovat, a je v\u016fbec ot\u00e1zka, zda se jim to n\u011bkdy poda\u0159\u00ed, nebo\u0165 jejich d\u016fsledky jsou trval\u00e9, by byla hrozn\u00e1.<\/p>\n<p style=\"font-weight: 400;\">Snad to\u00a0\u00a0bude pravdou a bude to i skv\u011bl\u00fd pol\u00ed\u010dek pro na\u0161e jest\u0159\u00e1by typu Alexandra Vondry a vlastn\u011b cel\u00e9 dosavadn\u00ed vl\u00e1dn\u00ed parti\u010dky, kter\u00e9 sn\u00ed o tom, \u017ee Z\u00e1pad rozdrt\u00ed v\u0161echny ty, kte\u0159\u00ed ho odm\u00edtaj\u00ed poslouchat.<\/p>\n<p style=\"font-weight: 400;\">Ka\u017ed\u00fd rozumn\u00fd \u010dlov\u011bk ch\u00e1pe, \u017ee z\u00e1kladem politiky mus\u00ed b\u00fdt uzn\u00e1n\u00ed reality a faktem je, \u017ee Z\u00e1pad m\u00e1 sice na sv\u00e9 stran\u011b sv\u00e1 m\u00e9dia, ale to to na v\u00edt\u011bzstv\u00ed nesta\u010d\u00ed.<\/p>\n<p style=\"font-weight: 400;\">P\u0159eji kr\u00e1sn\u00fd den.<\/p>\n<p><a href=\"https:\/\/vasevec.info\/komentare\/trump-opet-otocil-o-180\">Ji\u0159\u00ed Vyvadil<\/a><\/p>\n<p><img decoding=\"async\" loading=\"lazy\" class=\"alignnone size-medium wp-image-16474\" src=\"http:\/\/www.infokuryr.cz\/n\/wp-content\/uploads\/2022\/10\/jiri-vyvadil-300x200.jpg\" alt=\"\" width=\"300\" height=\"200\" srcset=\"https:\/\/www.infokuryr.cz\/n\/wp-content\/uploads\/2022\/10\/jiri-vyvadil-300x200.jpg 300w, https:\/\/www.infokuryr.cz\/n\/wp-content\/uploads\/2022\/10\/jiri-vyvadil-768x512.jpg 768w, https:\/\/www.infokuryr.cz\/n\/wp-content\/uploads\/2022\/10\/jiri-vyvadil.jpg 800w\" sizes=\"(max-width: 300px) 100vw, 300px\" \/><\/p>\n<p><img decoding=\"async\" loading=\"lazy\" class=\"wp-image-80899 aligncenter\" src=\"http:\/\/www.infokuryr.cz\/n\/wp-content\/uploads\/2025\/06\/Vrabel-283x300.jpg\" alt=\"\" width=\"668\" height=\"708\" srcset=\"https:\/\/www.infokuryr.cz\/n\/wp-content\/uploads\/2025\/06\/Vrabel-283x300.jpg 283w, https:\/\/www.infokuryr.cz\/n\/wp-content\/uploads\/2025\/06\/Vrabel-966x1024.jpg 966w, https:\/\/www.infokuryr.cz\/n\/wp-content\/uploads\/2025\/06\/Vrabel-768x814.jpg 768w, https:\/\/www.infokuryr.cz\/n\/wp-content\/uploads\/2025\/06\/Vrabel-1024x1086.jpg 1024w, https:\/\/www.infokuryr.cz\/n\/wp-content\/uploads\/2025\/06\/Vrabel.jpg 1080w\" sizes=\"(max-width: 668px) 100vw, 668px\" \/><\/p>\n<p>&nbsp;<\/p>\n","protected":false},"excerpt":{"rendered":"<p>Tentokr\u00e1t ve prosp\u011bch m\u00edru. Pokud to je pravda, zd\u00e1 se, \u017ee p\u0159ekvapiv\u011b rychle zap\u016fsobily u&#8230;<\/p>\n","protected":false},"author":2,"featured_media":76748,"comment_status":"closed","ping_status":"closed","sticky":false,"template":"","format":"standard","meta":[],"categories":[6],"tags":[1503,122,452],"_links":{"self":[{"href":"https:\/\/www.infokuryr.cz\/n\/wp-json\/wp\/v2\/posts\/82184"}],"collection":[{"href":"https:\/\/www.infokuryr.cz\/n\/wp-json\/wp\/v2\/posts"}],"about":[{"href":"https:\/\/www.infokuryr.cz\/n\/wp-json\/wp\/v2\/types\/post"}],"author":[{"embeddable":true,"href":"https:\/\/www.infokuryr.cz\/n\/wp-json\/wp\/v2\/users\/2"}],"replies":[{"embeddable":true,"href":"https:\/\/www.infokuryr.cz\/n\/wp-json\/wp\/v2\/comments?post=82184"}],"version-history":[{"count":0,"href":"https:\/\/www.infokuryr.cz\/n\/wp-json\/wp\/v2\/posts\/82184\/revisions"}],"wp:featuredmedia":[{"embeddable":true,"href":"https:\/\/www.infokuryr.cz\/n\/wp-json\/wp\/v2\/media\/76748"}],"wp:attachment":[{"href":"https:\/\/www.infokuryr.cz\/n\/wp-json\/wp\/v2\/media?parent=82184"}],"wp:term":[{"taxonomy":"category","embeddable":true,"href":"https:\/\/www.infokuryr.cz\/n\/wp-json\/wp\/v2\/categories?post=82184"},{"taxonomy":"post_tag","embeddable":true,"href":"https:\/\/www.infokuryr.cz\/n\/wp-json\/wp\/v2\/tags?post=82184"}],"curies":[{"name":"wp","href":"https:\/\/api.w.org\/{rel}","templated":true}]}}