{"id":82183,"date":"2025-06-26T00:13:16","date_gmt":"2025-06-25T22:13:16","guid":{"rendered":"https:\/\/www.infokuryr.cz\/n\/?p=82183"},"modified":"2025-06-25T13:22:40","modified_gmt":"2025-06-25T11:22:40","slug":"erik-best-zmena-rezimu-vysilana-z-prahy-do-iranu","status":"publish","type":"post","link":"https:\/\/www.infokuryr.cz\/n\/2025\/06\/26\/erik-best-zmena-rezimu-vysilana-z-prahy-do-iranu\/","title":{"rendered":"Erik Best: Zm\u011bna re\u017eimu vys\u00edlan\u00e1 z Prahy do \u00cdr\u00e1nu"},"content":{"rendered":"<div id=\"fb-root\"><\/div>\n<p>Ministr pro evropsk\u00e9 z\u00e1le\u017eitosti Martin Dvo\u0159\u00e1k (STAN) v\u00a0ned\u011bli v\u00a0<a href=\"https:\/\/www.ceskatelevize.cz\/porady\/1126672097-otazky-vaclava-moravce\/225411030500622\/\" target=\"_blank\" rel=\"noopener\">Ot\u00e1zk\u00e1ch V\u00e1clava Moravce<\/a>\u00a0prohl\u00e1sil, \u017ee zam\u011bstnanci R\u00e1dia Svobodn\u00e1 Evropa\/R\u00e1dia Svoboda (RFE\/RL) up\u00ednaj\u00ed svoje nad\u011bje k\u00a0sestersk\u00e9mu Radiu Farda, vys\u00edlaj\u00edc\u00edmu do \u00cdr\u00e1nu, proto\u017ee by mohlo americk\u00e9 rozhlasov\u00e9 organizaci umo\u017enit p\u0159e\u017eit\u00ed navzdory finan\u010dn\u00edm \u0161krt\u016fm, kter\u00e9 na\u0159\u00eddil Donald Trump.<\/p>\n<p>Podle Dvo\u0159\u00e1ka je vazba na \u00cdr\u00e1n d\u016fle\u017eit\u00e1, nebo\u0165 je zdrojem informac\u00ed pro \u00edr\u00e1nsk\u00e9 ob\u010dany. Gener\u00e1ln\u00ed \u0159editel RFE\/RL Stephen Capus p\u0159ed za\u010d\u00e1tkem v\u00e1lky pro t\u00fdden\u00edk\u00a0<a href=\"https:\/\/www.respekt.cz\/rozhovor\/reditel-radia-svobodna-evropa-mluvi-o-nas-jako-o-jedovatem-hadu-kteremu-je-potreba-useknout-hlavu-nikdy-se-nedame\" target=\"_blank\" rel=\"noopener\">Respekt<\/a>\u00a0uvedl, \u017ee Farda ka\u017ed\u00fd t\u00fdden oslovuje zhruba 10 % \u00edr\u00e1nsk\u00e9 populace. \u010cesko-\u00edr\u00e1nsk\u00e1 re\u017eis\u00e9rka \u0160ir\u00edn Nafariehov\u00e1 v\u0161ak v\u00a0rozhovoru pro\u00a0<a href=\"https:\/\/www.irozhlas.cz\/zpravy-svet\/iranci-jsou-rukojmimi-dvou-rezimu-kterym-nezalezi-na-civilnich-obetech-mini_2506241816_lar\" target=\"_blank\" rel=\"noopener\">\u010cesk\u00fd rozhlas<\/a>\u00a0\u0159ekla, \u017ee \u00cdr\u00e1nci maj\u00ed satelitn\u00ed televizi a\u00a0t\u00edm i\u00a0p\u0159\u00edstup k\u00a0z\u00e1padn\u00edm m\u00e9di\u00edm. Posledn\u00ed ud\u00e1losti podle n\u00ed prore\u017eimn\u00ed a\u00a0protire\u017eimn\u00ed \u00cdr\u00e1nce semkly za sou\u010dasn\u00fdm veden\u00edm zem\u011b a\u00a0mnoz\u00ed z\u00a0nich necht\u011bj\u00ed zm\u011bnu re\u017eimu, kter\u00e1 je \u0159\u00edzena ze zahrani\u010d\u00ed.<\/p>\n<p>To tedy znamen\u00e1, \u017ee osud RFE\/RL by nyn\u00ed mohl z\u00e1viset na tom, jak moc bude cht\u00edt americk\u00fd Kongres \u00cdr\u00e1nc\u016fm sd\u011blovat v\u011bci, kter\u00e9 necht\u011bj\u00ed sly\u0161et.<\/p>\n<p><a href=\"https:\/\/www.fsfinalword.cz\/?page=archive&amp;day=2025-06-25\">Erik Best<\/a><\/p>\n<p><img decoding=\"async\" loading=\"lazy\" class=\"alignnone  wp-image-1179\" src=\"http:\/\/www.infokuryr.cz\/n\/wp-content\/uploads\/2021\/04\/erik-best.jpg\" alt=\"\" width=\"139\" height=\"156\" \/><\/p>\n<p><img decoding=\"async\" loading=\"lazy\" class=\"wp-image-80899 aligncenter\" src=\"http:\/\/www.infokuryr.cz\/n\/wp-content\/uploads\/2025\/06\/Vrabel-283x300.jpg\" alt=\"\" width=\"700\" height=\"742\" srcset=\"https:\/\/www.infokuryr.cz\/n\/wp-content\/uploads\/2025\/06\/Vrabel-283x300.jpg 283w, https:\/\/www.infokuryr.cz\/n\/wp-content\/uploads\/2025\/06\/Vrabel-966x1024.jpg 966w, https:\/\/www.infokuryr.cz\/n\/wp-content\/uploads\/2025\/06\/Vrabel-768x814.jpg 768w, https:\/\/www.infokuryr.cz\/n\/wp-content\/uploads\/2025\/06\/Vrabel-1024x1086.jpg 1024w, https:\/\/www.infokuryr.cz\/n\/wp-content\/uploads\/2025\/06\/Vrabel.jpg 1080w\" sizes=\"(max-width: 700px) 100vw, 700px\" \/><\/p>\n<p>&nbsp;<\/p>\n","protected":false},"excerpt":{"rendered":"<p>Ministr pro evropsk\u00e9 z\u00e1le\u017eitosti Martin Dvo\u0159\u00e1k (STAN) v\u00a0ned\u011bli v\u00a0Ot\u00e1zk\u00e1ch V\u00e1clava Moravce\u00a0prohl\u00e1sil, \u017ee zam\u011bstnanci R\u00e1dia Svobodn\u00e1&#8230;<\/p>\n","protected":false},"author":2,"featured_media":1778,"comment_status":"closed","ping_status":"closed","sticky":false,"template":"","format":"standard","meta":[],"categories":[6],"tags":[89,38,2659,2506],"_links":{"self":[{"href":"https:\/\/www.infokuryr.cz\/n\/wp-json\/wp\/v2\/posts\/82183"}],"collection":[{"href":"https:\/\/www.infokuryr.cz\/n\/wp-json\/wp\/v2\/posts"}],"about":[{"href":"https:\/\/www.infokuryr.cz\/n\/wp-json\/wp\/v2\/types\/post"}],"author":[{"embeddable":true,"href":"https:\/\/www.infokuryr.cz\/n\/wp-json\/wp\/v2\/users\/2"}],"replies":[{"embeddable":true,"href":"https:\/\/www.infokuryr.cz\/n\/wp-json\/wp\/v2\/comments?post=82183"}],"version-history":[{"count":0,"href":"https:\/\/www.infokuryr.cz\/n\/wp-json\/wp\/v2\/posts\/82183\/revisions"}],"wp:featuredmedia":[{"embeddable":true,"href":"https:\/\/www.infokuryr.cz\/n\/wp-json\/wp\/v2\/media\/1778"}],"wp:attachment":[{"href":"https:\/\/www.infokuryr.cz\/n\/wp-json\/wp\/v2\/media?parent=82183"}],"wp:term":[{"taxonomy":"category","embeddable":true,"href":"https:\/\/www.infokuryr.cz\/n\/wp-json\/wp\/v2\/categories?post=82183"},{"taxonomy":"post_tag","embeddable":true,"href":"https:\/\/www.infokuryr.cz\/n\/wp-json\/wp\/v2\/tags?post=82183"}],"curies":[{"name":"wp","href":"https:\/\/api.w.org\/{rel}","templated":true}]}}