{"id":82180,"date":"2025-06-26T00:25:20","date_gmt":"2025-06-25T22:25:20","guid":{"rendered":"https:\/\/www.infokuryr.cz\/n\/?p=82180"},"modified":"2025-06-25T13:18:00","modified_gmt":"2025-06-25T11:18:00","slug":"velitel-iranskych-sil-kuds-se-po-udajne-smrti-vynoril-zivy","status":"publish","type":"post","link":"https:\/\/www.infokuryr.cz\/n\/2025\/06\/26\/velitel-iranskych-sil-kuds-se-po-udajne-smrti-vynoril-zivy\/","title":{"rendered":"Velitel \u00edr\u00e1nsk\u00fdch sil Kuds se po \u00fadajn\u00e9 smrti vyno\u0159il \u017eiv\u00fd"},"content":{"rendered":"<div id=\"fb-root\"><\/div>\n<p><strong><span>\u00cdr\u00e1nsk\u00fd brig\u00e1dn\u00ed gener\u00e1l Esmail Qaani, velitel jednotek Al-Kuds Sboru isl\u00e1msk\u00fdch revolu\u010dn\u00edch gard (IRGC), se 24. \u010dervna b\u011bhem oslav v hlavn\u00edm m\u011bst\u011b \u00cdr\u00e1nsk\u00e9 isl\u00e1msk\u00e9 republiky Teher\u00e1nu po uzav\u0159en\u00ed p\u0159\u00edm\u011b\u0159\u00ed s Izraelem objevil \u017eiv\u00fd a zdrav\u00fd.<\/span><\/strong><\/p>\n<p><span>\u00cdr\u00e1nsk\u00e1 tiskov\u00e1 agentura Tasnim sd\u00edlela video, na kter\u00e9m je Qaani v davu na demonstraci oslavuj\u00edc\u00ed v\u00edt\u011bzstv\u00ed \u00cdr\u00e1nu nad Izraelem, kter\u00e9 si s\u00e1m prohl\u00e1sil.<\/span><\/p>\n<p><em>\u201eVelitel Qaani se \u00fa\u010dastn\u00ed dne\u0161n\u00edho shrom\u00e1\u017ed\u011bn\u00ed obyvatel Teher\u00e1nu po operaci Bo\u017esk\u00e9 v\u00edt\u011bzstv\u00ed,\u201c uvedla agentura na soci\u00e1ln\u00ed s\u00edti X.<\/em><\/p>\n<p><span>Pozd\u011bji video zve\u0159ejnila i Press TV s textem: \u201eK\u00e1\u00e1n\u00ed, velitel sil Kuds IRGC, byl v Teher\u00e1nu b\u011bhem oslav v\u00edt\u011bzstv\u00ed nad sionistick\u00fdm [izraelsk\u00fdm] re\u017eimem v\u0159ele p\u0159ijat j\u00e1saj\u00edc\u00edm davem.\u201c<\/span><\/p>\n<p><iframe loading=\"lazy\" src=\"https:\/\/s5.cdnstatic.space\/wp-content\/uploads\/2025\/06\/video_2025-06-25_11-53-14.mp4\" width=\"600\" height=\"338\" data-mce-fragment=\"1\"><\/iframe><\/p>\n<p><span>List New York Times uvedl, \u017ee Qaani byl mezi \u00edr\u00e1nsk\u00fdmi vojensk\u00fdmi v\u016fdci zabit\u00fdmi na za\u010d\u00e1tku izraelsk\u00e9 v\u00e1lky proti Isl\u00e1msk\u00e9 republice za\u010d\u00e1tkem tohoto m\u011bs\u00edce.<\/span><\/p>\n<p><span>P\u0159i \u00favodn\u00edch \u00faderech 13. \u010dervna byli mimo jin\u00e9 zabiti \u00edr\u00e1nsk\u00fd vojensk\u00fd velitel Mohammad Bagheri, n\u00e1\u010deln\u00edk IRGC Hossein Salami a n\u00e1\u010deln\u00edk \u00fast\u0159edn\u00edho velitelstv\u00ed Chat\u00e1m al-Anbija Gholam Al\u00ed Ra\u0161\u00edd. Zavra\u017ed\u011bno bylo tak\u00e9 mnoho p\u0159edn\u00edch \u00edr\u00e1nsk\u00fdch jadern\u00fdch v\u011bdc\u016f.<\/span><\/p>\n<p><span>Izraelsk\u00e9 obrann\u00e9 s\u00edly (IDF) nikdy nepotvrdily smrt Qaaniho, ale zahrnuly ho do infografiky s c\u00edlen\u00fdmi v\u016fdci, kter\u00e1 nazna\u010duje, \u017ee v ur\u010dit\u00e9m okam\u017eiku v\u00e1lky byl proveden pokus o atent\u00e1t na velitele.<\/span><\/p>\n<p><span>Qaani nebyl jedin\u00fdm, kdo p\u0159e\u017eil izraelskou atent\u00e1tnickou kampa\u0148. Prvn\u00ed den v\u00e1lky IDF ozn\u00e1mila zabit\u00ed Al\u00edho \u0160amchan\u00edho, bl\u00edzk\u00e9ho poradce nejvy\u0161\u0161\u00edho v\u016fdce \u00cdr\u00e1nu. \u00cdr\u00e1nsk\u00e1 m\u00e9dia v\u0161ak 20. \u010dervna informovala, \u017ee \u0160amchan\u00ed je st\u00e1le na\u017eivu a je ve stabilizovan\u00e9m stavu pot\u00e9, co se zotavil z t\u011b\u017ek\u00fdch zran\u011bn\u00ed zp\u016fsoben\u00fdch izraelsk\u00fdm \u00fatokem.<\/span><\/p>\n<p><span>Izrael zah\u00e1jil v\u00e1lku s deklarovan\u00fdm c\u00edlem ochromit \u00edr\u00e1nsk\u00fd jadern\u00fd program, pot\u00e9 se pomalu p\u0159esunul k \u00fatok\u016fm na vojensk\u00e9 kapacity a vl\u00e1dn\u00ed symboly Isl\u00e1msk\u00e9 republiky.<\/span><\/p>\n<p><span>Kampa\u0148 atent\u00e1t\u016f byla obzvl\u00e1\u0161t\u011b zaj\u00edmav\u00e1, proto\u017ee odhalila izraelskou snahu oslabit vy\u0161\u0161\u00ed velitelskou strukturu \u00cdr\u00e1nu, s nejv\u011bt\u0161\u00ed pravd\u011bpodobnost\u00ed za \u00fa\u010delem usnadn\u011bn\u00ed zm\u011bny vl\u00e1dy, nebo dokonce \u00fapln\u00e9 zm\u011bny re\u017eimu. Atent\u00e1t na prvn\u00edch n\u011bkolik dn\u00ed naru\u0161il \u0159et\u011bzec velen\u00ed a \u0159\u00edzen\u00ed arm\u00e1dy a IRGC, ale vl\u00e1da nebyla oslabena.<\/span><\/p>\n<p><img decoding=\"async\" loading=\"lazy\" class=\"alignnone size-full wp-image-1185\" src=\"http:\/\/www.infokuryr.cz\/n\/wp-content\/uploads\/2021\/04\/kuryr-podpis.png\" alt=\"\" width=\"84\" height=\"24\" \/><\/p>\n<p>&nbsp;<\/p>\n","protected":false},"excerpt":{"rendered":"<p>\u00cdr\u00e1nsk\u00fd brig\u00e1dn\u00ed gener\u00e1l Esmail Qaani, velitel jednotek Al-Kuds Sboru isl\u00e1msk\u00fdch revolu\u010dn\u00edch gard (IRGC), se 24&#8230;.<\/p>\n","protected":false},"author":2,"featured_media":82181,"comment_status":"closed","ping_status":"closed","sticky":false,"template":"","format":"standard","meta":[],"categories":[7],"tags":[468,38,3526,889],"_links":{"self":[{"href":"https:\/\/www.infokuryr.cz\/n\/wp-json\/wp\/v2\/posts\/82180"}],"collection":[{"href":"https:\/\/www.infokuryr.cz\/n\/wp-json\/wp\/v2\/posts"}],"about":[{"href":"https:\/\/www.infokuryr.cz\/n\/wp-json\/wp\/v2\/types\/post"}],"author":[{"embeddable":true,"href":"https:\/\/www.infokuryr.cz\/n\/wp-json\/wp\/v2\/users\/2"}],"replies":[{"embeddable":true,"href":"https:\/\/www.infokuryr.cz\/n\/wp-json\/wp\/v2\/comments?post=82180"}],"version-history":[{"count":1,"href":"https:\/\/www.infokuryr.cz\/n\/wp-json\/wp\/v2\/posts\/82180\/revisions"}],"predecessor-version":[{"id":82182,"href":"https:\/\/www.infokuryr.cz\/n\/wp-json\/wp\/v2\/posts\/82180\/revisions\/82182"}],"wp:featuredmedia":[{"embeddable":true,"href":"https:\/\/www.infokuryr.cz\/n\/wp-json\/wp\/v2\/media\/82181"}],"wp:attachment":[{"href":"https:\/\/www.infokuryr.cz\/n\/wp-json\/wp\/v2\/media?parent=82180"}],"wp:term":[{"taxonomy":"category","embeddable":true,"href":"https:\/\/www.infokuryr.cz\/n\/wp-json\/wp\/v2\/categories?post=82180"},{"taxonomy":"post_tag","embeddable":true,"href":"https:\/\/www.infokuryr.cz\/n\/wp-json\/wp\/v2\/tags?post=82180"}],"curies":[{"name":"wp","href":"https:\/\/api.w.org\/{rel}","templated":true}]}}