{"id":82136,"date":"2025-06-25T00:26:01","date_gmt":"2025-06-24T22:26:01","guid":{"rendered":"https:\/\/www.infokuryr.cz\/n\/?p=82136"},"modified":"2025-06-24T13:58:11","modified_gmt":"2025-06-24T11:58:11","slug":"jiri-paroubek-poruseni-charty-osn-a-mezinarodniho-prava","status":"publish","type":"post","link":"https:\/\/www.infokuryr.cz\/n\/2025\/06\/25\/jiri-paroubek-poruseni-charty-osn-a-mezinarodniho-prava\/","title":{"rendered":"Ji\u0159\u00ed Paroubek: Poru\u0161en\u00ed charty OSN a mezin\u00e1rodn\u00edho pr\u00e1va"},"content":{"rendered":"<div id=\"fb-root\"><\/div>\n<p><strong>Je zaj\u00edmav\u00e9, \u017ee v\u0161ichni z\u00e1padn\u00ed kritici rusk\u00e9ho \u00faderu na Ukrajinu, kter\u00fd byl nesporn\u011b poru\u0161en\u00edm mezin\u00e1rodn\u00edch pr\u00e1va a charty OSN, nyn\u00ed nad\u0161en\u011b uv\u00edtali vojenskou operaci Izraele proti \u00cdr\u00e1nu. A tak\u00e9 n\u00e1sledn\u00fd z\u00e1sah Spojen\u00fdch st\u00e1t\u016f proti t\u0159em jadern\u00fdm za\u0159\u00edzen\u00edm v \u00cdr\u00e1nu. To, \u017ee se Izrael a konec konc\u016f i letadla Spojen\u00fdch st\u00e1t\u016f pohybovaly ve v\u00fdsostn\u00e9m prostoru jin\u00fdch zem\u00ed (S\u00fdrie, Ir\u00e1ku a z\u0159ejm\u011b i Jord\u00e1nska) je v\u011bc\u00ed, kter\u00e1 \u0161la jaksi mimochodem stranou.<\/strong><\/p>\n<p style=\"font-weight: 400;\">Izrael a p\u0159edstavitel\u00e9 Spojen\u00fdch st\u00e1t\u016f, pou\u017e\u00edv\u00e1 mo\u017en\u00e1 u\u017e 20 let st\u00e1le stejn\u00e9 r\u00e9toriky v\u016f\u010di \u00cdr\u00e1nu. P\u0159i sv\u00e9 politick\u00e9 misi v Izraeli v polovin\u011b roku 2008, mn\u011b a dal\u0161\u00edm \u010dlen\u016fm delegace \u010cSSD n\u011bkte\u0159\u00ed izrael\u0161t\u00ed \u010dinitel\u00e9 (p\u0159edev\u0161\u00edm voj\u00e1ci) sd\u011blovali sv\u00e9 n\u00e1zory na program v\u00fdvoje balistick\u00fdch raket rozv\u00edjen\u00fd \u00cdr\u00e1nem. A d\u00e1le na nebezpe\u010d\u00ed, kter\u00e9 plyne z toho, kdy\u017e by \u00cdr\u00e1n v budoucnu z\u00edskal atomovou bombu.\u00a0 Konec konc\u016f \u0159ada st\u00e1t\u016f ji\u017en\u00ed Asie a St\u0159edn\u00edho v\u00fdchodu, jadern\u00e9 zbran\u011b ve sv\u00fdch arzen\u00e1lech m\u00e1 (Indie, P\u00e1kist\u00e1n i samotn\u00fd Izrael). Chci jen p\u0159ipomenout vyj\u00e1d\u0159en\u00ed nejvy\u0161\u0161\u00edho \u00edr\u00e1nsk\u00e9ho \u010dinitele Chamene\u00edho, kter\u00fd sd\u011blil p\u0159ed \u010dasem, \u017ee \u00cdr\u00e1n neusiluje o v\u00fdrobu vlastn\u00ed atomov\u00e9 bomby.<\/p>\n<p style=\"font-weight: 400;\">P\u0159i sv\u00e9m pobytu v Izraeli v roce 2008 n\u00e1s izrael\u0161t\u00ed \u010dinitel\u00e9 zahrnuli informacemi o nebezpe\u010d\u00ed pro Izrael a pro Evropu, plynouc\u00ed z v\u00fdvoje a v\u00fdroby balistick\u00fdch raket.<\/p>\n<p style=\"font-weight: 400;\">\u00cdr\u00e1n pozd\u011bji tyto \u00favahy Izraelc\u016f u\u0165al vyhl\u00e1\u0161en\u00edm, \u017ee jeho rakety maj\u00ed maxim\u00e1ln\u00ed dolet 2 tis\u00edce km. Tedy, maj\u00ed dolet nikoliv do Evropy a u\u017e v\u016fbec ne do Spojen\u00fdch st\u00e1t\u016f.<\/p>\n<p style=\"font-weight: 400;\">Zd\u00e1lo se, \u017ee rozhovory USA &#8211; \u00cdr\u00e1n o \u00edr\u00e1nsk\u00e9m jadern\u00e9m programu prob\u00edhaj\u00ed velmi uspokojiv\u011b. A zd\u00e1 se, \u017ee mohly vyvrcholit podpisem dohody mezi ob\u011bma st\u00e1ty. P\u0159ipomenu, \u017ee za sv\u00e9ho prvn\u00edho prezidentstv\u00ed jadernou dohodu s \u00cdr\u00e1nem, uzav\u0159enou na multilater\u00e1ln\u00edm principu za \u00fa\u010dasti USA a evropsk\u00fdch velmoc\u00ed,\u00a0\u00a0v\u010d. N\u011bmecka a d\u00e1le pak \u010c\u00edny, vypov\u011bd\u011bl jednostrann\u011b s\u00e1m americk\u00fd prezident. Dnes o tom v\u016fbec, ale v\u016fbec nikdo nemluv\u00ed.<\/p>\n<p style=\"font-weight: 400;\">Domn\u00edv\u00e1m se, \u017ee USA se dostaly pon\u011bkud do vleku izraelsk\u00e9 politiky a izraelsk\u00fdch z\u00e1jm\u016f. A zd\u00e1 se, \u017ee \u00fatok na t\u0159i jadern\u00e1 za\u0159\u00edzen\u00ed v \u00cdr\u00e1nu, kter\u00e1 se nach\u00e1zej\u00ed hluboko pod zem\u00ed, nemusel p\u0159in\u00e9st k\u00fd\u017een\u00fd v\u00fdsledek. Radiace kolem t\u011bchto \u00edr\u00e1nsk\u00fdch jadern\u00fdch za\u0159\u00edzen\u00ed, zasa\u017een\u00fdch \u201ehlubinn\u00fdmi americk\u00fdmi bombami\u201c je podle Mezin\u00e1rodn\u00ed agentury pro atomovou energii bl\u00edzk\u00e1 nule. Z toho mn\u011b logicky vypl\u00fdv\u00e1, \u017ee k z\u00e1sahu bu\u010f nedo\u0161lo, anebo \u00cdr\u00e1nci &#8222;rafinovan\u011b&#8220; p\u0159enesli zpracov\u00e1van\u00fd jadern\u00fd materi\u00e1l jinam. Jinak \u0159e\u010deno, te\u010f nastane \u2013 podle m\u00e9ho n\u00e1zoru \u2013 hled\u00e1n\u00ed tohoto materi\u00e1lu po cel\u00e9m \u00cdr\u00e1nu.<\/p>\n<p style=\"font-weight: 400;\">Tak jako v\u017edy se Z\u00e1pad v podobn\u00fdch situac\u00edch bude zab\u00fdvat bludn\u00fdmi \u0159e\u0161en\u00edmi, kter\u00e9 mohou uv\u00e9st \u00cdr\u00e1n, 90 milionovou zemi do stavu chaosu, podobn\u011b jako se to povedlo Z\u00e1padu v Libyi. Zd\u00e1 se ale, \u017ee st\u0159edov\u011bce vyhl\u00ed\u017eej\u00edc\u00ed ajatoll\u00e1hov\u00e9 mohou svou moc v \u00cdr\u00e1nu udr\u017eet, nebo\u0165 se op\u0159ou o pochopitelnou vlnu vlastenectv\u00ed a nacionalismu \u0161irok\u00fdch vrstev \u00edr\u00e1nsk\u00e9ho obyvatelstva. A to i t\u011bch, kte\u0159\u00ed re\u017eim ajatoll\u00e1h\u016f nesn\u00e1\u0161\u00ed. Jak to kdysi \u0159ekl velk\u00fd francouzsk\u00fd revolucion\u00e1\u0159 : \u201eN\u00e1rody nemiluj\u00ed ozbrojen\u00e9 mision\u00e1\u0159e\u201c.<\/p>\n<p style=\"font-weight: 400;\">Zkr\u00e1tka, Spojen\u00e9 st\u00e1ty a cel\u00fd Z\u00e1pad by m\u011bly velice opatrn\u011b na\u0161lapovat kolem \u00cdr\u00e1nu a sna\u017eit se omezit mocensk\u00fd apetit Izraele, kter\u00e9mu je trnem v oku tamn\u00ed rigidn\u00ed re\u017eim muslimsk\u00e9 teokracie.<\/p>\n<p style=\"font-weight: 400;\">P\u0159edpokl\u00e1d\u00e1m, \u017ee \u010c\u00edna a Rusov\u00e9 rozmluv\u00ed \u00cdr\u00e1nu rozs\u00e1hlej\u0161\u00ed odvetn\u00e9 akce typu uzav\u0159en\u00ed Hormuzsk\u00e9 \u00fa\u017einy pro mezin\u00e1rodn\u00ed plavbu. Znamenalo by to rychlou a masivn\u00ed vojenskou reakci Spojen\u00fdch st\u00e1t\u016f. A konec konc\u016f, \u010c\u00edna a Indie, kter\u00e9 jsou hlavn\u00edmi odb\u011brateli \u00edr\u00e1nsk\u00e9 ropy, kdy\u017e ignoruj\u00ed z\u00e1padn\u00ed sankce na odb\u011br t\u00e9to ropy, jsou siln\u011b z\u00e1visl\u00e9 na dod\u00e1vk\u00e1ch \u00edr\u00e1nsk\u00e9 ropy pro sv\u016fj pr\u016fmysl.<\/p>\n<p style=\"font-weight: 400;\">Osobn\u011b nem\u00e1m \u017e\u00e1dn\u00e9 pochopen\u00ed pro jak\u00e1koliv vojensk\u00e1 dobrodru\u017estv\u00ed, jakkoliv jsou prov\u00e1zena vzne\u0161en\u00fdmi a velkolep\u00fdmi d\u016fvody a c\u00edli.<\/p>\n<p><a href=\"https:\/\/vasevec.info\/komentare\/poruseni-charty-osn-mezinarodniho-prava\">Ji\u0159\u00ed Paroubek<\/a><\/p>\n<p><img decoding=\"async\" loading=\"lazy\" class=\"alignnone size-medium wp-image-2342\" src=\"http:\/\/www.infokuryr.cz\/n\/wp-content\/uploads\/2021\/06\/paroubek-300x208.jpg\" alt=\"\" width=\"300\" height=\"208\" srcset=\"https:\/\/www.infokuryr.cz\/n\/wp-content\/uploads\/2021\/06\/paroubek-300x208.jpg 300w, https:\/\/www.infokuryr.cz\/n\/wp-content\/uploads\/2021\/06\/paroubek.jpg 318w\" sizes=\"(max-width: 300px) 100vw, 300px\" \/><\/p>\n<p><img decoding=\"async\" loading=\"lazy\" class=\"wp-image-80899 aligncenter\" src=\"http:\/\/www.infokuryr.cz\/n\/wp-content\/uploads\/2025\/06\/Vrabel-283x300.jpg\" alt=\"\" width=\"660\" height=\"699\" srcset=\"https:\/\/www.infokuryr.cz\/n\/wp-content\/uploads\/2025\/06\/Vrabel-283x300.jpg 283w, https:\/\/www.infokuryr.cz\/n\/wp-content\/uploads\/2025\/06\/Vrabel-966x1024.jpg 966w, https:\/\/www.infokuryr.cz\/n\/wp-content\/uploads\/2025\/06\/Vrabel-768x814.jpg 768w, https:\/\/www.infokuryr.cz\/n\/wp-content\/uploads\/2025\/06\/Vrabel-1024x1086.jpg 1024w, https:\/\/www.infokuryr.cz\/n\/wp-content\/uploads\/2025\/06\/Vrabel.jpg 1080w\" sizes=\"(max-width: 660px) 100vw, 660px\" \/><\/p>\n<p>&nbsp;<\/p>\n","protected":false},"excerpt":{"rendered":"<p>Je zaj\u00edmav\u00e9, \u017ee v\u0161ichni z\u00e1padn\u00ed kritici rusk\u00e9ho \u00faderu na Ukrajinu, kter\u00fd byl nesporn\u011b poru\u0161en\u00edm mezin\u00e1rodn\u00edch&#8230;<\/p>\n","protected":false},"author":2,"featured_media":81266,"comment_status":"closed","ping_status":"closed","sticky":false,"template":"","format":"standard","meta":[],"categories":[6],"tags":[3242,38,1503,1475],"_links":{"self":[{"href":"https:\/\/www.infokuryr.cz\/n\/wp-json\/wp\/v2\/posts\/82136"}],"collection":[{"href":"https:\/\/www.infokuryr.cz\/n\/wp-json\/wp\/v2\/posts"}],"about":[{"href":"https:\/\/www.infokuryr.cz\/n\/wp-json\/wp\/v2\/types\/post"}],"author":[{"embeddable":true,"href":"https:\/\/www.infokuryr.cz\/n\/wp-json\/wp\/v2\/users\/2"}],"replies":[{"embeddable":true,"href":"https:\/\/www.infokuryr.cz\/n\/wp-json\/wp\/v2\/comments?post=82136"}],"version-history":[{"count":0,"href":"https:\/\/www.infokuryr.cz\/n\/wp-json\/wp\/v2\/posts\/82136\/revisions"}],"wp:featuredmedia":[{"embeddable":true,"href":"https:\/\/www.infokuryr.cz\/n\/wp-json\/wp\/v2\/media\/81266"}],"wp:attachment":[{"href":"https:\/\/www.infokuryr.cz\/n\/wp-json\/wp\/v2\/media?parent=82136"}],"wp:term":[{"taxonomy":"category","embeddable":true,"href":"https:\/\/www.infokuryr.cz\/n\/wp-json\/wp\/v2\/categories?post=82136"},{"taxonomy":"post_tag","embeddable":true,"href":"https:\/\/www.infokuryr.cz\/n\/wp-json\/wp\/v2\/tags?post=82136"}],"curies":[{"name":"wp","href":"https:\/\/api.w.org\/{rel}","templated":true}]}}