{"id":82118,"date":"2025-06-25T00:21:59","date_gmt":"2025-06-24T22:21:59","guid":{"rendered":"https:\/\/www.infokuryr.cz\/n\/?p=82118"},"modified":"2025-06-24T13:22:28","modified_gmt":"2025-06-24T11:22:28","slug":"peter-haisenko-donald-trump-a-vecny-problem-s-notorickymi-lhari","status":"publish","type":"post","link":"https:\/\/www.infokuryr.cz\/n\/2025\/06\/25\/peter-haisenko-donald-trump-a-vecny-problem-s-notorickymi-lhari\/","title":{"rendered":"Peter Haisenko: Donald Trump a v\u011b\u010dn\u00fd probl\u00e9m s notorick\u00fdmi lh\u00e1\u0159i"},"content":{"rendered":"<div id=\"fb-root\"><\/div>\n<p class=\"bodytext\"><span>Jsem hluboce zklaman\u00fd Donaldem Trumpem. P\u0159edst\u00edral jedn\u00e1n\u00ed s \u00cdr\u00e1nem a pak spustil zr\u00e1dn\u00fd \u00fatok. Po cel\u00e1 desetilet\u00ed se tvrdilo, \u017ee \u00cdr\u00e1n pracuje na jadern\u00e9 bomb\u011b. Stejn\u011b dlouho Teher\u00e1n tvrdil, \u017ee nem\u00e1 v \u00famyslu bombu vyrobit, a tak\u00e9 to neud\u011blal. Pro\u010d politici Imp\u00e9ria l\u017e\u00ed nemohou \u00cdr\u00e1nu uv\u011b\u0159it?<\/span><\/p>\n<h3 class=\"bodytext\"><strong><span>Zn\u00e1m\u00ed lh\u00e1\u0159i nemohou v\u011b\u0159it poctiv\u00fdm lidem<\/span><\/strong><\/h3>\n<p class=\"bodytext\"><span>Kdy\u017e soud\u00edme jin\u00e9 lidi, na\u0161e vlastn\u00ed chov\u00e1n\u00ed obvykle tvo\u0159\u00ed z\u00e1klad pro na\u0161e hodnocen\u00ed. P\u0159edpokl\u00e1d\u00e1me, \u017ee v\u0161ichni ostatn\u00ed mysl\u00ed a jednaj\u00ed podobn\u011b jako my. To m\u00e1 dv\u011b strany. Poctiv\u00fd \u010dlov\u011bk zpo\u010d\u00e1tku nep\u0159edpokl\u00e1d\u00e1, \u017ee mu n\u011bkdo l\u017ee, dokud se neprok\u00e1\u017ee, \u017ee se m\u00fdl\u00ed. Lh\u00e1\u0159 naopak o\u010dek\u00e1v\u00e1, \u017ee mu bude lh\u00e1no stejn\u00fdm zp\u016fsobem, jako jemu samotn\u00e9mu. To ukazuje, \u017ee poctiv\u00ed lid\u00e9 jsou v nev\u00fdhod\u011b. Mohou b\u00fdt co nejup\u0159\u00edmn\u011bj\u0161\u00ed a lh\u00e1\u0159i jim stejn\u011b neuv\u011b\u0159\u00ed. Nemohou to ud\u011blat, proto\u017ee by si pak museli p\u0159iznat, \u017ee maj\u00ed v\u00fdhradn\u00ed monopol na lhan\u00ed, a kdo by si to cht\u011bl p\u0159iznat?<\/span><\/p>\n<p class=\"bodytext\"><span>L\u017ei maj\u00ed mnoho podob a projev\u016f. \u017d\u00e1dnou z nich nelze ozna\u010dit za p\u0159ijatelnou. Ka\u017ed\u00e1 le\u017e s sebou nese dlouhou \u0159adu n\u00e1sledn\u00fdch l\u017e\u00ed. Tomu se nelze vyhnout, proto\u017ee le\u017e mus\u00ed b\u00fdt chr\u00e1n\u011bna p\u0159ed odhalen\u00edm. Zejm\u00e9na ve v\u00e1lk\u00e1ch je nutn\u00e9, aby agresor po v\u00edt\u011bzstv\u00ed prom\u011bnil d\u011bjiny ve velkou le\u017e. V\u00edt\u011bz p\u00ed\u0161e d\u011bjiny a 20. stolet\u00ed to dodnes jednozna\u010dn\u011b dok\u00e1zalo. Z\u016fsta\u0148me v ned\u00e1vn\u00e9 minulosti. Zde bych r\u00e1d dodal, \u017ee za le\u017e pova\u017euji i poru\u0161en\u00ed smluv. V takov\u00e9m p\u0159\u00edpad\u011b u\u017e samotn\u00e1 smlouva byla l\u017e\u00ed toho, kdo smlouvy ani sliby nedodr\u017eel. V\u00e1lka na Ukrajin\u011b tedy za\u010dala l\u017e\u00ed, \u017ee se NATO neroz\u0161\u00ed\u0159\u00ed ani o metr na v\u00fdchod. Pak v roce 2015 p\u0159i\u0161la Merkelov\u00e1 le\u017e, \u017ee chce Minsk\u00fdmi dohodami vytvo\u0159it m\u00edr. Je tedy jasn\u00e9, \u017ee v\u00e1lka na Ukrajin\u011b je produktem l\u017e\u00ed Z\u00e1padu.<\/span><\/p>\n<h3 class=\"bodytext\"><strong><span>L\u017ei jako d\u016fvod v\u00e1lky<\/span><\/strong><\/h3>\n<p class=\"bodytext\"><span>V\u00edme, \u017ee ob\u011b americk\u00e9 v\u00e1lky proti Ir\u00e1ku byly ospravedl\u0148ov\u00e1ny l\u017eemi. Tot\u00e9\u017e plat\u00ed pro vyhlazovac\u00ed v\u00e1lky proti Libyi a S\u00fdrii. To n\u00e1s p\u0159iv\u00e1d\u00ed na Bl\u00edzk\u00fd v\u00fdchod. Vznik St\u00e1tu Izrael byl postaven na l\u017e\u00edch. Na l\u017e\u00edch Anglie, kter\u00e1 tvrdila, \u017ee Lond\u00fdn m\u00e1 z\u00e1jem na m\u00edru v t\u00e9to zemi. Bez t\u011bchto l\u017e\u00ed by \u017e\u00e1dn\u00fd St\u00e1t Izrael neexistoval a \u017ee by tam mohl vl\u00e1dnout m\u00edr. Je tak\u00e9 le\u017e, \u017ee Izrael chce \u017e\u00edt v m\u00edru s Palestinci a sv\u00fdmi sousedy. Realita a vra\u017ed\u011bn\u00ed Palestinc\u016f v pr\u016fmyslov\u00e9m m\u011b\u0159\u00edtku to jasn\u011b ukazuj\u00ed. M\u011bli bychom proto v\u011bd\u011bt, kdo je v tomto regionu lh\u00e1\u0159. Pod\u00edvejme se na to, jak Izrael nakl\u00e1d\u00e1 s takzvan\u00fdmi p\u0159\u00edm\u011b\u0159\u00edmi. P\u0159\u00edm\u011b\u0159\u00ed samo o sob\u011b je le\u017e. Neukon\u010duje v\u00e1lku; udr\u017euje v\u00e1le\u010dn\u00fd stav. Chov\u00e1n\u00ed Izraele to dokazuje. P\u0159\u00edm\u011b\u0159\u00ed se poru\u0161uje dle libosti. Stejn\u011b jako mezin\u00e1rodn\u00ed pr\u00e1vo.<\/span><\/p>\n<p class=\"bodytext\"><span>Lze tedy Izrael nazvat notorick\u00fdm lh\u00e1\u0159em? V tradici Anglie a USA? Moje odpov\u011b\u010f zn\u00ed jednozna\u010dn\u011b ano, a to m\u011b p\u0159iv\u00e1d\u00ed k probl\u00e9mu, \u017ee notori\u010dt\u00ed lh\u00e1\u0159i nemohou v\u011b\u0159it poctiv\u00fdm lidem. Izrael a USA ji\u017e desetilet\u00ed tvrd\u00ed, ba dokonce uji\u0161\u0165uj\u00ed, \u017ee \u00cdr\u00e1n je jen p\u00e1r t\u00fddn\u016f nebo m\u011bs\u00edc\u016f od v\u00fdroby jadern\u00e9 bomby. \u00cdr\u00e1n trv\u00e1 na tom, \u017ee to nechce a ani neud\u011bl\u00e1. Ani z n\u00e1bo\u017eensk\u00fdch d\u016fvod\u016f. A neud\u011blal to. Co jin\u00e9ho by m\u011bl \u00cdr\u00e1n ud\u011blat, co m\u016f\u017ee ud\u011blat, aby mu n\u011bkdo v\u011b\u0159il? Nic! Nic nem\u016f\u017ee p\u0159esv\u011bd\u010dit notorick\u00e9ho lh\u00e1\u0159e, \u017ee ten druh\u00fd mluv\u00ed pravdu. To m\u011b p\u0159iv\u00e1d\u00ed k citliv\u00e9mu bodu: mu\u010den\u00ed. Americk\u00e9 s\u00edly maj\u00ed v\u00fdslovn\u011b povoleno pou\u017e\u00edvat mu\u010den\u00ed. Ale pro\u010d se mu\u010den\u00ed v\u016fbec pou\u017e\u00edv\u00e1?<\/span><\/p>\n<h3 class=\"bodytext\"><strong><span>Mu\u010den\u00ed ni\u010d\u00ed pravdu<\/span><\/strong><\/h3>\n<p class=\"bodytext\"><span>Mu\u010den\u00ed nikdy nevede k pravd\u011b. Ve st\u0159edov\u011bku bylo st\u00e1le b\u011b\u017enou prax\u00ed uk\u00e1zat mu\u010d\u00edc\u00ed n\u00e1stroje p\u0159ed pou\u017eit\u00edm. Ale i tehdy nem\u011blo smysl \u0159\u00edkat pravdu a nic ne\u017e pravdu, pokud cht\u011bl jeden z t\u011bchto nohsled\u016f n\u011bkoho mu\u010dit. Nebo pokud jedin\u00fdm c\u00edlem mu\u010den\u00ed bylo p\u0159im\u011bt ho sly\u0161et to, co chce sly\u0161et. \u010carod\u011bjnick\u00e9 procesy byly stejn\u011b zr\u00e1dn\u00e9 jako dnes. Pou\u017e\u00edval se \u201e\u010darod\u011bjnick\u00fd test\u201c. \u017dena obvin\u011bn\u00e1 z \u010darod\u011bjnictv\u00ed byla sv\u00e1z\u00e1na a hozena do vody. Pokud se utopila, nebyla \u010darod\u011bjnic\u00ed, ale mrtv\u00e1. Pokud se neutopila, byla \u010darod\u011bjnic\u00ed a pot\u00e9 byla up\u00e1lena. Ano, pravd\u011bpodobn\u011b v\u017edy existovali hluboce zl\u00ed lid\u00e9.<\/span><\/p>\n<p class=\"bodytext\"><span>Dnes to nen\u00ed jin\u00e9. Jen si vzpome\u0148te na Guant\u00e1namo. Nebo na \u00cdr\u00e1n, kter\u00fd je po cel\u00e1 desetilet\u00ed mu\u010den sankcemi. Co cht\u011bj\u00ed tito zl\u00ed jedinci sly\u0161et? Ano, postav\u00edme atomovou bombu, a proto n\u00e1s te\u010f m\u016f\u017eete zni\u010dit? Op\u011bt je to jedno, proto\u017ee zni\u010den\u00ed je ji\u017e pevn\u011b ve f\u00e1zi pl\u00e1nov\u00e1n\u00ed. Stejn\u011b jako Britsk\u00e9 imp\u00e9rium m\u011blo od roku 1875 pevn\u00fd pl\u00e1n na zni\u010den\u00ed N\u011bmeck\u00e9 \u0159\u00ed\u0161e. Nebo jak USA mu\u010dili Japonsko embargy, dokud kone\u010dn\u011b nedo\u0161lo k \u00fatoku na Pearl Harbor.<\/span><\/p>\n<h3 class=\"bodytext\"><strong><span>Nesm\u00ed\u0161 uzav\u00edrat smlouvy s lh\u00e1\u0159i<\/span><\/strong><\/h3>\n<p class=\"bodytext\"><span>Tak\u017ee je zbyte\u010dn\u00e9 se zapojovat do jak\u00e9koli v\u00fdm\u011bny n\u00e1zor\u016f s lh\u00e1\u0159em. Nebo s imp\u00e9riem l\u017e\u00ed. M\u016f\u017ee m\u00edt smlouva s lh\u00e1\u0159em smysl? Tak\u00e9 ne, proto\u017ee neexistuje \u017e\u00e1dn\u00e1 z\u00e1ruka, \u017ee ji lh\u00e1\u0159 dodr\u017e\u00ed. Dodr\u017eovaly USA nebo Anglie n\u011bkdy smlouvy, kdy\u017e je pova\u017eovaly za \u0161kodliv\u00e9 pro sebe? Na druhou stranu z odhalen\u00ed sv\u00fdch l\u017e\u00ed u\u010dinily trestn\u00fd \u010din. Vzpome\u0148te si na paragraf 130. Ale i samotn\u00e1 OSN je le\u017e. Jak m\u016f\u017ee OSN zajistit spravedlnost, kdy\u017e agresorsk\u00e9 st\u00e1ty mohou vetovat jej\u00ed odsouzen\u00ed? Anglie a USA. A k \u010demu jsou platn\u00e1 ta nejkr\u00e1sn\u011bj\u0161\u00ed varov\u00e1n\u00ed a odsouzen\u00ed, kdy\u017e je Izrael prost\u011b nedodr\u017euje a ani za to nen\u00ed potrest\u00e1n? Tak\u017ee m\u016f\u017eete OSN nazvat komplicem Izraele, a proto je OSN tak\u00e9 zodpov\u011bdn\u00e1 za vra\u017edu Izraele a nyn\u00ed i za \u00fatok na \u00cdr\u00e1n.<\/span><\/p>\n<p class=\"bodytext\"><span>\u00cdr\u00e1n m\u016f\u017ee tvrdit, jak \u010dasto chce, \u017ee jadernou bombu nevyrob\u00ed, \u017ee to neud\u011bl\u00e1, i kdy\u017e by mohl, a ti notoricky zn\u00e1m\u00ed lh\u00e1\u0159i tomu neuv\u011b\u0159\u00ed. Mus\u00edme tedy p\u0159edpokl\u00e1dat, \u017ee o bombu nejde. Sp\u00ed\u0161e mus\u00edme p\u0159edpokl\u00e1dat, \u017ee skute\u010dn\u00fdm c\u00edlem je \u00fapln\u00e9 podroben\u00ed st\u00e1tu, kter\u00fd se odm\u00edt\u00e1 pod\u0159\u00eddit americko-izraelsk\u00fdm n\u00e1rok\u016fm na moc. Dalo by se to p\u0159irovnat k \u010darod\u011bjnick\u00fdm proces\u016fm. \u00cdr\u00e1n je bombardov\u00e1n bezd\u016fvodn\u011b a kancl\u00e9\u0159 Merz to schvaluje. Ale b\u011bda mu, kdy\u017e ude\u0159\u00ed zp\u011bt. Okam\u017eit\u011b je po\u017eadov\u00e1na zdr\u017eenlivost, kter\u00e1 vede dokonce k bezpodm\u00edne\u010dn\u00e9 kapitulaci. Izrael na druhou stranu nen\u00ed po\u017e\u00e1d\u00e1n, aby ukon\u010dil sv\u00e9 \u00fatoky. Pokud jde o Gazu, nez\u00e1padn\u00ed sv\u011bt je chov\u00e1n\u00edm Izraele zd\u011b\u0161en, ale Z\u00e1pad zalo\u017een\u00fd na hodnot\u00e1ch ani neuva\u017euje o sankc\u00edch proti Izraeli. Ano, Izrael m\u00e1 pr\u00e1vo na sebeobranu. A \u00cdr\u00e1n ne?\u00a0<\/span><\/p>\n<h3 class=\"bodytext\"><strong><span>Zn\u00e1m\u00ed lh\u00e1\u0159i ni\u010d\u00ed sv\u011bt<\/span><\/strong><\/h3>\n<p class=\"bodytext\"><span>N\u011bkte\u0159\u00ed to u\u017e za\u017eili. Neopr\u00e1vn\u011bn\u00e9 obvin\u011bn\u00ed vznese lh\u00e1\u0159, obvykle bez d\u016fkaz\u016f. \u010clov\u011bk skute\u010dn\u011b protestuje proti sv\u00e9 nevin\u011b, i kdy\u017e m\u00e1 d\u016fkazy, ale to nepom\u016f\u017ee. Agreso\u0159i setrv\u00e1vaj\u00ed ve sv\u00e9m fale\u0161n\u00e9m obvin\u011bn\u00ed. Co jin\u00e9ho zb\u00fdv\u00e1 ne\u017e chladn\u00fd hn\u011bv a frustrace? Zvl\u00e1\u0161t\u011b kdy\u017e jsou za neopr\u00e1vn\u011bn\u00e1 obvin\u011bn\u00ed ukl\u00e1d\u00e1ny tresty. Neopr\u00e1vn\u011bn\u00e9 tresty. Nen\u00ed v p\u0159\u00edpad\u011b \u00cdr\u00e1nu pravd\u011bpodobn\u011bj\u0161\u00ed, \u017ee agreso\u0159i nut\u00ed Teher\u00e1n k v\u00fdrob\u011b jadern\u00e9 bomby pro sebeobranu?<\/span><\/p>\n<p class=\"bodytext\"><span>To n\u00e1s vrac\u00ed k proradn\u00fdm \u010darod\u011bjnick\u00fdm proces\u016fm st\u0159edov\u011bku. Jsou to notoricky zn\u00e1m\u00ed lh\u00e1\u0159i, zejm\u00e9na pseudologov\u00e9, kte\u0159\u00ed zatahuj\u00ed sv\u011bt a politiku do v\u00edru ned\u016fv\u011bry a n\u00e1sledn\u00e9ho n\u00e1sil\u00ed. Je to \u201e\u0158\u00ed\u0161e l\u017e\u00ed\u201c, NATO, s jeho v\u016fdcem, USA, kter\u00e1 br\u00e1n\u00ed sv\u011btu \u017e\u00edt v pravd\u011b a m\u00edru. Jeho l\u017ei jsou prohla\u0161ov\u00e1ny za pravdu a ka\u017ed\u00fd, kdo se jim postav\u00ed, je vn\u00edm\u00e1n jako Putin\u016fv sympatizant nebo pravicov\u00fd radik\u00e1l. Tak\u017ee je vlastn\u011b jasn\u00e9, koho je t\u0159eba povolat k po\u0159\u00e1dku, aby se sv\u011bt zachr\u00e1nil p\u0159ed kone\u010dn\u00fdm Armagedonem. A\u0165 si v\u0161echny zem\u011b jdou v m\u00edru a m\u00edru svou vlastn\u00ed cestou, i kdy\u017e se n\u00e1m to podle na\u0161ich vzne\u0161en\u00fdch m\u011b\u0159\u00edtek nel\u00edb\u00ed. Ne ka\u017ed\u00e9mu se l\u00edb\u00ed ani n\u00e1\u0161 zp\u016fsob \u017eivota, ale ani my nedovol\u00edme, aby byl n\u00e1sil\u00edm ciz\u00ed mocnost\u00ed zm\u011bn\u011bn. S v\u00fdjimkou N\u011bmecka, kter\u00e9 si zcela osvojilo p\u0159ev\u00fdchovu ze strany USA a v\u0161emi prost\u0159edky br\u00e1n\u00ed nejen vnucen\u00e9 fal\u0161ov\u00e1n\u00ed historie, ale i historickou le\u017e. Ano, N\u011bmci jsou zvl\u00e1\u0161tn\u00ed n\u00e1rod.\u00a0<\/span><\/p>\n<p><a href=\"https:\/\/www.anderweltonline.com\/klartext\/klartext-20251\/donald-trump-und-das-ewige-problem-mit-notorischen-luegnern\/\">Peter Haisenko<\/a><\/p>\n<p>&nbsp;<\/p>\n","protected":false},"excerpt":{"rendered":"<p>Jsem hluboce zklaman\u00fd Donaldem Trumpem. P\u0159edst\u00edral jedn\u00e1n\u00ed s \u00cdr\u00e1nem a pak spustil zr\u00e1dn\u00fd \u00fatok. Po&#8230;<\/p>\n","protected":false},"author":2,"featured_media":82119,"comment_status":"closed","ping_status":"closed","sticky":false,"template":"","format":"standard","meta":[],"categories":[7],"tags":[1094,39,429,122,452],"_links":{"self":[{"href":"https:\/\/www.infokuryr.cz\/n\/wp-json\/wp\/v2\/posts\/82118"}],"collection":[{"href":"https:\/\/www.infokuryr.cz\/n\/wp-json\/wp\/v2\/posts"}],"about":[{"href":"https:\/\/www.infokuryr.cz\/n\/wp-json\/wp\/v2\/types\/post"}],"author":[{"embeddable":true,"href":"https:\/\/www.infokuryr.cz\/n\/wp-json\/wp\/v2\/users\/2"}],"replies":[{"embeddable":true,"href":"https:\/\/www.infokuryr.cz\/n\/wp-json\/wp\/v2\/comments?post=82118"}],"version-history":[{"count":1,"href":"https:\/\/www.infokuryr.cz\/n\/wp-json\/wp\/v2\/posts\/82118\/revisions"}],"predecessor-version":[{"id":82120,"href":"https:\/\/www.infokuryr.cz\/n\/wp-json\/wp\/v2\/posts\/82118\/revisions\/82120"}],"wp:featuredmedia":[{"embeddable":true,"href":"https:\/\/www.infokuryr.cz\/n\/wp-json\/wp\/v2\/media\/82119"}],"wp:attachment":[{"href":"https:\/\/www.infokuryr.cz\/n\/wp-json\/wp\/v2\/media?parent=82118"}],"wp:term":[{"taxonomy":"category","embeddable":true,"href":"https:\/\/www.infokuryr.cz\/n\/wp-json\/wp\/v2\/categories?post=82118"},{"taxonomy":"post_tag","embeddable":true,"href":"https:\/\/www.infokuryr.cz\/n\/wp-json\/wp\/v2\/tags?post=82118"}],"curies":[{"name":"wp","href":"https:\/\/api.w.org\/{rel}","templated":true}]}}