{"id":82115,"date":"2025-06-25T00:20:42","date_gmt":"2025-06-24T22:20:42","guid":{"rendered":"https:\/\/www.infokuryr.cz\/n\/?p=82115"},"modified":"2025-06-24T13:17:20","modified_gmt":"2025-06-24T11:17:20","slug":"zamerit-se-na-izrael","status":"publish","type":"post","link":"https:\/\/www.infokuryr.cz\/n\/2025\/06\/25\/zamerit-se-na-izrael\/","title":{"rendered":"Zam\u011b\u0159it se na Izrael"},"content":{"rendered":"<div id=\"fb-root\"><\/div>\n<div class=\"elementor-element elementor-element-1fb4c2c elementor-widget elementor-widget-theme-post-content\" data-id=\"1fb4c2c\" data-element_type=\"widget\" data-widget_type=\"theme-post-content.default\">\n<div class=\"elementor-widget-container\">\n<p><em>V\u0161ichni, p\u0159esta\u0148te s t\u011bmi nesmysly. <strong>Trump nebyl do t\u00e9to v\u00e1lky \u201ezata\u017een\u201c. On a Netanjahu ji \u00famysln\u011b zorganizovali prost\u0159ednictv\u00edm fale\u0161n\u00fdch jedn\u00e1n\u00ed sv\u00e9ho fale\u0161n\u00e9ho diplomata Witkoffa, aby dali Izraeli z\u00e1minku k v\u00e1lce, ke kter\u00e9 se o dev\u011bt dn\u00ed pozd\u011bji ofici\u00e1ln\u011b p\u0159ipojil.<\/strong><\/em><\/p>\n<p><span>Michael Tracey, politolog, X<\/span><\/p>\n<p><em>\u201e\u00a0Lidstvo jako druh za\u0161lo p\u0159\u00edli\u0161 daleko na to, aby se nechalo bezpr\u00e1vn\u00fdm tyranem zav\u00e9st zp\u011bt do z\u00e1kon\u016f d\u017eungle.\u00a0\u201c Sajid Abb\u00e1s Arag\u010d\u010d\u00ed, \u00edr\u00e1nsk\u00fd ministr zahrani\u010d\u00ed.<\/em><\/p>\n<p><em>2 minuty https:\/\/twitter.com\/i\/status\/1936278121818571172<\/em><\/p>\n<div class=\"wp-block-image\">\n<figure class=\"aligncenter size-large\"><img decoding=\"async\" class=\"aligncenter\" src=\"https:\/\/www.unz.com\/wp-content\/uploads\/2025\/06\/GuCV_kPbwAAPPll-TargetIsraelMW-2.jpg\" alt=\"\" \/><\/figure>\n<\/div>\n<p><span>Zaprv\u00e9 to o\u010dividn\u00e9: Trumpovy drobn\u00e9 \u00fatoky proti \u00cdr\u00e1nu nezp\u016fsobily \u201e\u017e\u00e1dn\u00e9 v\u00fdznamn\u00e9 \u0161kody\u201c \u00edr\u00e1nsk\u00fdm jadern\u00fdm za\u0159\u00edzen\u00edm. Bomby ni\u010d\u00edc\u00ed bunkry z\u0159ejm\u011b dopadly pobl\u00ed\u017e vchodu do dvou za\u0159\u00edzen\u00ed, ale tato m\u00edsta ji\u017e byla uzav\u0159ena (evakuov\u00e1na?) v r\u00e1mci p\u0159\u00edprav na bombardov\u00e1n\u00ed. Administrativa v ned\u011bli ozn\u00e1mila, \u017ee ve\u0161ker\u00fd obohacen\u00fd uran z t\u011bchto lokalit byl \u201eo n\u011bkolik dn\u00ed d\u0159\u00edve\u201c p\u0159esunut na bezpe\u010dn\u00e1 m\u00edsta. Administrativa ve skute\u010dnosti zve\u0159ejnila satelitn\u00ed sn\u00edmky uzav\u0159en\u00fdch lokalit 48 hodin p\u0159ed \u00fatoky. A\u010dkoli \u00fatoky maj\u00ed zna\u010dnou symbolickou hodnotu (a mohly by slou\u017eit jako z\u00e1minka k t\u0159et\u00ed sv\u011btov\u00e9 v\u00e1lce), \u0161kody byly minim\u00e1ln\u00ed a v\u00fdznamn\u011b neovlivn\u00ed \u00edr\u00e1nsk\u00fd jadern\u00fd program. Vypl\u00fdv\u00e1 to z prohl\u00e1\u0161en\u00ed vojensk\u00e9ho analytika Willa Schryvera:<\/span><\/p>\n<p><em><span>Tak\u017ee&#8230; fale\u0161n\u00fd \u00fatok na \u201ezni\u010den\u00ed bunkr\u016f\u201c nejen\u017ee nedok\u00e1zal \u201ezni\u010dit\u201c \u00edr\u00e1nsk\u00e1 jadern\u00e1 za\u0159\u00edzen\u00ed, ale pravd\u011bpodobn\u011b povede k tomu, \u017ee \u00cdr\u00e1n odstoup\u00ed od Smlouvy o ne\u0161\u00ed\u0159en\u00ed jadern\u00fdch zbran\u00ed a ofici\u00e1ln\u011b se p\u0159ipoj\u00ed k jadern\u00e9mu klubu.<\/span><\/em><\/p>\n<p><em><span>Naprosto geni\u00e1ln\u00ed tah od idiot\u016f ve Washingtonu.<\/span><\/em><\/p>\n<div class=\"wp-block-image\">\n<figure class=\"aligncenter size-large\"><img decoding=\"async\" loading=\"lazy\" class=\"aligncenter\" src=\"https:\/\/www.unz.com\/wp-content\/uploads\/2025\/06\/GuBtdkKWQAAQc_Q-TargetIsraelMW-3.jpg\" alt=\"\" width=\"767\" height=\"463\" \/><\/figure>\n<\/div>\n<p><span>Pro\u010d tedy Trump schv\u00e1lil tak riskantn\u00ed operaci, kdy\u017e t\u00e9m\u011b\u0159 v\u0161ichni experti varovali, \u017ee 13 000kilogramov\u00e1 bomba GBU-57 na ni\u010den\u00ed bunkr\u016f nebude fungovat? (Viz: \u201eBomby na ni\u010den\u00ed bunkr\u016f budou m\u00edt velmi n\u00edzkou m\u00edru \u00fasp\u011b\u0161nosti. O tom nen\u00ed pochyb.\u201c) Profesor Ted Postol, expert na zbran\u011b<\/span><\/p>\n<figure class=\"wp-block-embed aligncenter is-type-video is-provider-youtube wp-block-embed-youtube wp-embed-aspect-16-9 wp-has-aspect-ratio\">\n<div class=\"wp-block-embed__wrapper\"><iframe loading=\"lazy\" title=\"M\u00fdtus o bomb\u011b v bunkrech \/ S profesorem Tedem Postolem a podplukovn\u00edkem Danielem Davisem\" src=\"https:\/\/www.youtube.com\/embed\/TriASB-F5UY?feature=oembed\" width=\"800\" height=\"450\" frameborder=\"0\" allowfullscreen=\"allowfullscreen\" data-mce-fragment=\"1\"><\/iframe><\/div>\n<\/figure>\n<p><span>Mnoh\u00fdm je jasn\u00e9, \u017ee Donalda Trumpa ovl\u00e1daj\u00ed mocn\u00ed sionisti\u010dt\u00ed miliard\u00e1\u0159i a vlivn\u00e1 \u017eidovsk\u00e1 lobby, kter\u00e1 rozt\u00e1hla sv\u00e1 chapadla po cel\u00e9 politick\u00e9 sc\u00e9n\u011b a nyn\u00ed diktuje zahrani\u010dn\u00ed politiku USA. \u00datok na \u00cdr\u00e1n jasn\u011b ukazuje, \u017ee\u00a0<\/span><strong><span>Trump nejedn\u00e1 v z\u00e1jmu Spojen\u00fdch st\u00e1t\u016f, jejich\u017e vojska a vojensk\u00e9 z\u00e1kladny byly ohro\u017eeny. Ne, tato krvav\u00e1 operace slou\u017e\u00ed k prosazov\u00e1n\u00ed izraelsk\u00e9 agendy eliminac\u00ed jeho hlavn\u00edho region\u00e1ln\u00edho rivala.<\/span><\/strong><span>\u00a0Amerika z v\u00e1lky s \u00cdr\u00e1nem nic nez\u00edsk\u00e1 a Trump to v\u00ed.<\/span><\/p>\n<p><span>\u00cdr\u00e1n se dosud zdr\u017eel \u00fatok\u016f na americk\u00e1 za\u0159\u00edzen\u00ed v regionu, ale zintenzivnil sv\u00e9 \u00fatoky na Izrael, kter\u00fd pova\u017euje za \u201ehlavu hada\u201c. V ned\u011bli brzy r\u00e1no \u00cdr\u00e1n zah\u00e1jil svou 20.\u00a0<\/span><strong><span>vlnu odvetn\u00fdch raketov\u00fdch \u00fatok\u016f s n\u00e1zvem \u201eOperace Prav\u00fd slib 3\u201c, p\u0159i nich\u017e zni\u010dil biologick\u00e9 v\u00fdzkumn\u00e9 centrum, n\u00e1hradn\u00ed velitelsk\u00e1 a \u0159\u00eddic\u00ed centra a velk\u00e9 \u010d\u00e1sti leti\u0161t\u011b Ben Guriona.<\/span><\/strong><span>\u00a0\u00cdr\u00e1n tak\u00e9 zp\u016fsobil masivn\u00ed zk\u00e1zu v obytn\u00e9 \u010dtvrti v Tel Avivu svou nejnov\u011bj\u0161\u00ed hypersonickou raketou, kter\u00e1 zas\u00e1hla c\u00edl, ani\u017e by v Izraeli spustila jak\u00e9koli sir\u00e9ny. (Existuj\u00ed tak\u00e9 nepotvrzen\u00e9 zpr\u00e1vy, \u017ee \u00cdr\u00e1n za\u00fato\u010dil na izraelsk\u00e9 jadern\u00e9 za\u0159\u00edzen\u00ed Soreq, a\u010dkoli rozsah \u0161kod zat\u00edm nen\u00ed zn\u00e1m. \u00cdr\u00e1n tak\u00e9 zni\u010dil p\u0159\u00edsn\u011b tajn\u00e9 centrum biologick\u00fdch a chemick\u00fdch zbran\u00ed v Nes Ziona, 20 km od Tel Avivu.)<\/span><\/p>\n<div class=\"wp-block-image\" style=\"text-align: left;\">\n<figure class=\"aligncenter size-large\"><img decoding=\"async\" loading=\"lazy\" class=\"aligncenter\" src=\"https:\/\/www.unz.com\/wp-content\/uploads\/2025\/06\/GuCHCpYWgAAo7vR-TargetIsraelMW-4.jpg\" alt=\"\" width=\"746\" height=\"498\" \/><figcaption class=\"wp-element-caption\"><span><br \/>\n<strong>V Tel Avivu se \u017e\u00e1dn\u00e9 oslavy ned\u011blaj\u00ed<\/strong><\/span><\/figcaption><\/figure>\n<\/div>\n<p><span>Odborn\u00edci doch\u00e1zej\u00ed k z\u00e1v\u011bru, \u017ee \u00cdr\u00e1n je p\u0159ipraven v\u00e9st s Izraelem vyhlazovac\u00ed v\u00e1lku trvaj\u00edc\u00ed nejm\u00e9n\u011b \u0161est m\u011bs\u00edc\u016f. Jeho z\u00e1soby balistick\u00fdch raket jsou nejen rozs\u00e1hl\u00e9, ale tak\u00e9 p\u0159ekra\u010duj\u00ed sou\u010dasn\u00e9 schopnosti Spojen\u00fdch st\u00e1t\u016f a Izraele dohromady. Stru\u010dn\u011b \u0159e\u010deno, \u00cdr\u00e1n je hypersonick\u00e1 raketov\u00e1 supervelmoc, jej\u00ed\u017e \u00fato\u010dn\u00e9 schopnosti z\u00e1padn\u00ed analytici podce\u0148uj\u00ed, ale kter\u00e9 zast\u00edn\u00ed jak\u00e9koli srovnateln\u00e9 projektily v arzen\u00e1lech Washingtonu a Tel Avivu. \u00cdr\u00e1nsk\u00e9 ka\u017edodenn\u00ed p\u0159esn\u00e9 \u00fatoky na vojensk\u00e9, zpravodajsk\u00e9 a kritick\u00e9 infrastrukturn\u00ed c\u00edle v izraelsk\u00fdch m\u011bstech jsou d\u016fkazem p\u016fsobiv\u00e9ho pokroku, kter\u00e9ho \u00cdr\u00e1n dos\u00e1hl v raketov\u00e9 technologii, a nade v\u0161\u00ed pochybnost dokazuj\u00ed, \u017ee\u00a0<\/span><strong><span>izraelsk\u00e9 tolik vychvalovan\u00e9 syst\u00e9my protivzdu\u0161n\u00e9 obrany se prost\u011b nemohou srovn\u00e1vat s nejmodern\u011bj\u0161\u00edmi \u00edr\u00e1nsk\u00fdmi hypersonick\u00fdmi raketami<\/span><\/strong><span>\u00a0. P\u0159edpov\u00edd\u00e1me, \u017ee izraelsk\u00fdm v\u016fdc\u016fm bude trvat jen n\u011bkolik t\u00fddn\u016f, ne\u017e si uv\u011bdom\u00ed, \u017ee \u201ep\u0159ehnali o\u010dek\u00e1v\u00e1n\u00ed\u201c a \u017ee i s podporou USA jsou nejd\u016fle\u017eit\u011bj\u0161\u00ed symboly izraelsk\u00e9 s\u00edly a odolnosti systematicky ni\u010deny nep\u0159\u00edtelem, kter\u00fd je mnohem l\u00e9pe p\u0159ipraven a schopn\u011bj\u0161\u00ed ne\u017e oni sami. Toto je \u00faryvek z p\u0159\u00edsp\u011bvku Dmitrije Medved\u011bva, b\u00fdval\u00e9ho rusk\u00e9ho prezidenta, kter\u00fd vysv\u011btluje, \u201e\u010deho Ameri\u010dan\u00e9 dos\u00e1hli sv\u00fdmi no\u010dn\u00edmi \u00fatoky na t\u0159i jadern\u00e1 za\u0159\u00edzen\u00ed v \u00cdr\u00e1nu\u201c.<\/span><\/p>\n<ol>\n<li><span>Zd\u00e1 se, \u017ee kritick\u00e1 infrastruktura jadern\u00e9ho palivov\u00e9ho cyklu z\u016fstala\u00a0<\/span><strong><span>nedot\u010dena<\/span><\/strong><span>\u00a0nebo utrp\u011bla jen drobn\u00e9 \u0161kody.<\/span><\/li>\n<li><strong><span>Obohacov\u00e1n\u00ed jadern\u00e9ho materi\u00e1lu \u2013 a jak nyn\u00ed m\u016f\u017eeme otev\u0159en\u011b \u0159\u00edci, i budouc\u00ed v\u00fdroba jadern\u00fdch zbran\u00ed \u2013 bude pokra\u010dovat.<\/span><\/strong><\/li>\n<li><strong><span>\u0158ada zem\u00ed je p\u0159ipravena dodat \u00cdr\u00e1nu p\u0159\u00edmo sv\u00e9 vlastn\u00ed jadern\u00e9 hlavice<\/span><\/strong><span>\u00a0.<\/span><\/li>\n<li><span>Izrael je napaden, zem\u00ed ot\u0159\u00e1saj\u00ed v\u00fdbuchy a lid\u00e9 panika\u0159\u00ed.<\/span><\/li>\n<li><span>USA jsou nyn\u00ed zapojeny do nov\u00e9ho konfliktu a r\u00fdsuje se pozemn\u00ed ofenziva.<\/span><\/li>\n<li><strong><span>Politick\u00fd re\u017eim v \u00cdr\u00e1nu p\u0159e\u017eil \u2013 a s nejv\u011bt\u0161\u00ed pravd\u011bpodobnost\u00ed se dokonce stal siln\u011bj\u0161\u00edm<\/span><\/strong><span>\u00a0.<\/span><\/li>\n<li><strong><span>Obyvatelstvo se sjednocuje kolem duchovn\u00edho veden\u00ed zem\u011b<\/span><\/strong><span>\u00a0, v\u010detn\u011b t\u011bch, kte\u0159\u00ed k n\u011bmu d\u0159\u00edve byli lhostejn\u00ed nebo ho odm\u00edtali.<\/span><\/li>\n<li><span>Donald Trump, kdysi oslavovan\u00fd jako \u201eprezident m\u00edru\u201c, nyn\u00ed uvrhl Spojen\u00e9 st\u00e1ty do dal\u0161\u00ed v\u00e1lky.<\/span><\/li>\n<li><strong><span>Drtiv\u00e1 v\u011bt\u0161ina zem\u00ed sv\u011bta odm\u00edt\u00e1 \u010diny Izraele a Spojen\u00fdch st\u00e1t\u016f.<\/span><\/strong><\/li>\n<li><span>T\u00edmto tempem m\u016f\u017ee Trump na Nobelovu cenu m\u00edru zapomenout \u2013 i kdy\u017e je te\u010f kompletn\u011b zmanipulovan\u00e1.<\/span><\/li>\n<\/ol>\n<p><em><span>To je skv\u011bl\u00fd za\u010d\u00e1tek, pane prezidente. Gratuluji!<\/span><\/em><\/p>\n<p><span>Dmitrij Medved\u011bv@MedvedevRussiaE https:\/\/twitter.com\/MedvedevRussiaE\/status\/1936725544017567860<\/span><\/p>\n<p><span>Toto je pom\u011brn\u011b vyv\u00e1\u017een\u00e1 anal\u00fdza sobotn\u00edho \u00fatoku: Nic se nez\u00edskalo a mnoho se ztratilo. Z\u00e1rove\u0148 je nyn\u00ed drtiv\u00e1 v\u011bt\u0161ina sv\u011btov\u00e9 populace p\u0159esv\u011bd\u010dena, \u017ee hrozba americk\u00e9 a izraelsk\u00e9 agrese je p\u0159\u00edli\u0161 velk\u00e1 na to, aby se dala ignorovat, a je t\u0159eba s n\u00ed bojovat v\u0161emi nezbytn\u00fdmi prost\u0159edky.\u00a0<\/span><strong><span>P\u0159ekvapiv\u00fd \u00fatok na \u00cdr\u00e1n b\u011bhem jadern\u00fdch jedn\u00e1n\u00ed jen podtrhuje pot\u0159ebu rozhodn\u011bj\u0161\u00edho p\u0159\u00edstupu k ne\u00fanavn\u00fdm intervenc\u00edm Washingtonu a Tel Avivu.<\/span><\/strong><span>\u00a0M\u011bli bychom b\u00fdt vd\u011b\u010dn\u00ed, \u017ee \u00cdr\u00e1n vede hnut\u00ed na obranu mezin\u00e1rodn\u00edho pr\u00e1va a demonstruje sv\u016fj odv\u00e1\u017en\u00fd odpor v\u016f\u010di nekone\u010dn\u00fdm v\u00e1lk\u00e1m USA a Izraele.<\/span><\/p>\n<p><span>Pokud jde o \u00cdr\u00e1n, \u010dl\u00e1nek Press TV uv\u00e1d\u00ed:<\/span><\/p>\n<p><em><span>V rozhodn\u00e9 reakci na americkou agresi proti \u00edr\u00e1nsk\u00fdm m\u00edrov\u00fdm jadern\u00fdm za\u0159\u00edzen\u00edm se \u00edr\u00e1nsk\u00fd parlament rozhodl uzav\u0159\u00edt strategicky d\u016fle\u017eit\u00fd Hormuzsk\u00fd pr\u016fliv. Vysoce postaven\u00fd \u00edr\u00e1nsk\u00fd z\u00e1konod\u00e1rce Esmaeil Kowsari v ned\u011bli prohl\u00e1sil, \u017ee Mad\u017elis (\u00edr\u00e1nsk\u00fd parlament) se v reakci na americkou agresi a ml\u010den\u00ed mezin\u00e1rodn\u00edho spole\u010denstv\u00ed rozhodl uzav\u0159\u00edt tuto \u017eivotn\u011b d\u016fle\u017eitou tepnu pro glob\u00e1ln\u00ed obchod s energi\u00ed.<\/span><\/em><\/p>\n<p><em><span>Kowsari, \u010dlen parlamentn\u00edho v\u00fdboru pro n\u00e1rodn\u00ed bezpe\u010dnost a zahrani\u010dn\u00ed politiku, uvedl, \u017ee z\u00e1konod\u00e1rci dos\u00e1hli konsensu ohledn\u011b uzav\u0159en\u00ed pr\u016flivu, ale kone\u010dn\u00e9 rozhodnut\u00ed je na Nejvy\u0161\u0161\u00ed rad\u011b n\u00e1rodn\u00ed bezpe\u010dnosti \u00cdr\u00e1nu.<\/span><\/em><\/p>\n<p><em><span>\u201eParlament dosp\u011bl k z\u00e1v\u011bru, \u017ee Hormuzsk\u00fd pr\u016fliv by m\u011bl b\u00fdt uzav\u0159en, ale kone\u010dn\u00e9 rozhodnut\u00ed je na Nejvy\u0161\u0161\u00ed rad\u011b n\u00e1rodn\u00ed bezpe\u010dnosti,\u201c vysv\u011btlil Kowsari.<\/span><\/em><\/p>\n<p><em><span>Tiskov\u00e1 televize<\/span><\/em><\/p>\n<div class=\"wp-block-image\">\n<figure class=\"aligncenter size-large\"><img decoding=\"async\" class=\"aligncenter\" src=\"https:\/\/www.unz.com\/wp-content\/uploads\/2025\/06\/GuCDbYVXMAASDKv-TargetIsraelMW-5.jpg\" alt=\"\" \/><\/figure>\n<\/div>\n<p><span>Krom\u011b sv\u00fdch dal\u0161\u00edch triumf\u016f na Ukrajin\u011b, v Jemenu a S\u00fdrii se bou\u0159liv\u00fd Trump nyn\u00ed m\u016f\u017ee chlubit t\u00edm, \u017ee jeho zmaten\u011b m\u00ed\u0159en\u00e9 n\u00e1lety na \u00cdr\u00e1n spustily blok\u00e1du nejd\u016fle\u017eit\u011bj\u0161\u00edho energetick\u00e9ho koridoru sv\u011bta, co\u017e zp\u016fsobilo propad akciov\u00fdch trh\u016f a zastavilo glob\u00e1ln\u00ed ekonomiku. Neexistuj\u00ed snad \u017e\u00e1dn\u00e9 konce \u00fasp\u011bch\u016fm tohoto mu\u017ee?<\/span><\/p>\n<div class=\"wp-block-image\">\n<figure class=\"aligncenter size-large\"><img decoding=\"async\" loading=\"lazy\" class=\"aligncenter\" src=\"https:\/\/www.unz.com\/wp-content\/uploads\/2025\/06\/ckDVgpsc-TargetIsraelMW-6.jpg\" alt=\"\" width=\"874\" height=\"437\" \/><\/figure>\n<\/div>\n<p><span>Osobn\u011b jsem si v\u017edycky myslel, \u017ee Trump povede \u00fatok na \u00cdr\u00e1n. V\u00e1lka proti \u00cdr\u00e1nu. Zde je \u00faryvek z \u010dl\u00e1nku, kter\u00fd jsem napsal 6. listopadu 2024, kr\u00e1tce po Trumpov\u011b zvolen\u00ed:<\/span><\/p>\n<p><em><span>Pro\u010d bylo Trumpovi dovoleno vyhr\u00e1t volby?<\/span><\/em><\/p>\n<p><em><span>Jak na potvoru, Hlubok\u00fd st\u00e1t, kter\u00fd\u00a0<\/span><strong><span>bezpodm\u00edne\u010dn\u011b podporuje St\u00e1t Izrael, pot\u0159ebuje Donalda Trumpa. Pot\u0159ebuj\u00ed charismatick\u00e9ho, populistick\u00e9ho nad\u0161ence, kter\u00fd by podpo\u0159il n\u00e1bor a vedl \u00fatok na v\u00e1lku<\/span><\/strong><span>\u00a0. To Harrisov\u00e1 nedok\u00e1\u017ee. Harrisov\u00e1 m\u011bla probl\u00e9m p\u0159il\u00e1kat na sv\u00e9 shrom\u00e1\u017ed\u011bn\u00ed by\u0165 jen sto p\u0159\u00edznivc\u016f.<\/span><\/em><\/p>\n<p><em><span>Ne, tohle je pr\u00e1ce pro v\u016fdce, kter\u00e9mu d\u016fv\u011b\u0159uj\u00ed, je obdivov\u00e1n a milov\u00e1n.<\/span><\/em><\/p>\n<p><em><span>To je pr\u00e1ce pro mu\u017ee, kter\u00fd se t\u011b\u0161\u00ed d\u016fv\u011bryhodnosti mezi mlad\u00fdmi mu\u017ei v republik\u00e1nsky orientovan\u00fdch st\u00e1tech, kter\u00e9 tradi\u010dn\u011b bojuj\u00ed v na\u0161ich v\u00e1lk\u00e1ch. To je pr\u00e1ce pro Trumpa&#8230; \u017d\u00e1dn\u00fd prezident nikdy neprok\u00e1zal tak neochv\u011bjnou loajalitu k Izraeli jako Donald J. Trump. Je jasn\u00e9, \u017ee Trump je mnoha Izraelci vn\u00edm\u00e1n jako americk\u00fd mesi\u00e1\u0161, kter\u00fd po\u0161le sv\u00e9 legie mlad\u00fdch mu\u017e\u016f na Bl\u00edzk\u00fd v\u00fdchod, aby zni\u010dili nep\u0159\u00e1tele Izraele a pomohli \u017eidovsk\u00e9mu st\u00e1tu etablovat se jako region\u00e1ln\u00ed hegemonn\u00ed mocnost.<\/span><\/em><\/p>\n<p><em><span>To je alespo\u0148 nad\u011bje; realita by mohla b\u00fdt zcela jin\u00e1. Ale \u0159\u00edk\u00e1me, \u017ee Trump\u016fv prosp\u011bch pro Izrael mohl b\u00fdt rozhoduj\u00edc\u00edm faktorem v p\u0159\u00edstupu hnut\u00ed Deep State k prezidentsk\u00fdm volb\u00e1m v roce 2024. Samoz\u0159ejm\u011b je to jen m\u016fj vlastn\u00ed konspira\u010dn\u011b-teoretick\u00fd pohled.<\/span><\/em><\/p>\n<p><span>Trump\u016fv triumf a odvol\u00e1n\u00ed Yoava Gallanta,\u00a0<\/span><em><span>Unz Review<\/span><\/em><\/p>\n<p><strong>Pod\u00edvejte se na toto minutov\u00e9 video, kde se Trump chlub\u00ed t\u00edm, \u017ee miliard\u00e1\u0159i-sionist\u00e9 diktuj\u00ed zahrani\u010dn\u00ed politiku USA.<\/strong><\/p>\n<div class=\"twitter-tweet twitter-tweet-rendered\"><iframe id=\"twitter-widget-0\" class=\"\" title=\"X Post\" src=\"https:\/\/platform.twitter.com\/embed\/Tweet.html?dnt=false&amp;embedId=twitter-widget-0&amp;features=eyJ0ZndfdGltZWxpbmVfbGlzdCI6eyJidWNrZXQiOltdLCJ2ZXJzaW9uIjpudWxsfSwidGZ3X2ZvbGxvd2VyX2NvdW50X3N1bnNldCI6eyJidWNrZXQiOnRydWUsInZlcnNpb24iOm51bGx9LCJ0ZndfdHdlZXRfZWRpdF9iYWNrZW5kIjp7ImJ1Y2tldCI6Im9uIiwidmVyc2lvbiI6bnVsbH0sInRmd19yZWZzcmNfc2Vzc2lvbiI6eyJidWNrZXQiOiJvbiIsInZlcnNpb24iOm51bGx9LCJ0ZndfZm9zbnJfc29mdF9pbnRlcnZlbnRpb25zX2VuYWJsZWQiOnsiYnVja2V0Ijoib24iLCJ2ZXJzaW9uIjpudWxsfSwidGZ3X21peGVkX21lZGlhXzE1ODk3Ijp7ImJ1Y2tldCI6InRyZWF0bWVudCIsInZlcnNpb24iOm51bGx9LCJ0ZndfZXhwZXJpbWVudHNfY29va2llX2V4cGlyYXRpb24iOnsiYnVja2V0IjoxMjA5NjAwLCJ2ZXJzaW9uIjpudWxsfSwidGZ3X3Nob3dfYmlyZHdhdGNoX3Bpdm90c19lbmFibGVkIjp7ImJ1Y2tldCI6Im9uIiwidmVyc2lvbiI6bnVsbH0sInRmd19kdXBsaWNhdGVfc2NyaWJlc190b19zZXR0aW5ncyI6eyJidWNrZXQiOiJvbiIsInZlcnNpb24iOm51bGx9LCJ0ZndfdXNlX3Byb2ZpbGVfaW1hZ2Vfc2hhcGVfZW5hYmxlZCI6eyJidWNrZXQiOiJvbiIsInZlcnNpb24iOm51bGx9LCJ0ZndfdmlkZW9faGxzX2R5bmFtaWNfbWFuaWZlc3RzXzE1MDgyIjp7ImJ1Y2tldCI6InRydWVfYml0cmF0ZSIsInZlcnNpb24iOm51bGx9LCJ0ZndfbGVnYWN5X3RpbWVsaW5lX3N1bnNldCI6eyJidWNrZXQiOnRydWUsInZlcnNpb24iOm51bGx9LCJ0ZndfdHdlZXRfZWRpdF9mcm9udGVuZCI6eyJidWNrZXQiOiJvbiIsInZlcnNpb24iOm51bGx9fQ%3D%3D&amp;frame=false&amp;hideCard=false&amp;hideThread=false&amp;id=1852133320991064371&amp;lang=cs&amp;maxWidth=560px&amp;origin=https%3A%2F%2Funcutnews.ch%2Fzielscheibe-israel%2F&amp;sessionId=69c6ae0e91f1f49c1836e2ae195540161304a7dd&amp;theme=light&amp;widgetsVersion=2615f7e52b7e0%3A1702314776716&amp;width=550px\" frameborder=\"0\" scrolling=\"no\" allowfullscreen=\"allowfullscreen\" data-tweet-id=\"1852133320991064371\" data-mce-fragment=\"1\"><\/iframe><\/div>\n<div class=\"wp-block-image\">\n<figure class=\"aligncenter size-large\"><img decoding=\"async\" loading=\"lazy\" class=\"aligncenter\" src=\"https:\/\/www.unz.com\/wp-content\/uploads\/2025\/06\/GtwUo1DXMAAN5tK-TargetIsraelMW-7.jpg\" alt=\"\" width=\"638\" height=\"686\" \/><\/figure>\n<\/div>\n<p><span>\u00cdr\u00e1n v sou\u010dasn\u00e9 dob\u011b sv\u00e1d\u00ed boj na \u017eivot a na smrt se dv\u011bma mocn\u00fdmi protivn\u00edky, kte\u0159\u00ed se sna\u017e\u00ed svrhnout jeho vl\u00e1du, vyhladit jeho civilizaci a nastolit loutkov\u00fd re\u017eim, kter\u00fd bude plnit jejich rozkazy. \u00cdr\u00e1n nem\u00e1 jinou mo\u017enost, ne\u017e tuto v\u00fdzvu p\u0159ijmout a v\u00e9st boj proti agresi, hladomoru, etnick\u00fdm \u010distk\u00e1m a genocid\u011b.<\/span><\/p>\n<p><strong>\u00cdr\u00e1n stoj\u00ed na stran\u011b lidskosti, slu\u0161nosti a m\u00edru. Douf\u00e1me, \u017ee zv\u00edt\u011bz\u00ed.<\/strong><\/p>\n<div class=\"wp-block-image\">\n<figure class=\"aligncenter size-large\"><img decoding=\"async\" loading=\"lazy\" class=\"aligncenter\" src=\"https:\/\/www.unz.com\/wp-content\/uploads\/2025\/06\/Gmqf7vYWUAALxaw-TargetIsraelMW-8.png\" alt=\"\" width=\"404\" height=\"513\" \/><\/figure>\n<\/div>\n<p><em>Od Mika Whitneyho<\/em><\/p>\n<\/div>\n<\/div>\n<div class=\"elementor-element elementor-element-8c57238 quelle dc-has-condition dc-condition-empty elementor-widget elementor-widget-heading\" data-id=\"8c57238\" data-element_type=\"widget\" data-widget_type=\"heading.default\">\n<div class=\"elementor-widget-container\">\n<h3 class=\"elementor-heading-title elementor-size-default\"><span style=\"font-size: 10pt;\"><a href=\"https:\/\/www.unz.com\/mwhitney\/bullseye-on-israel\/\" target=\"_blank\" rel=\"nofollow noopener\">Zdroj<\/a><\/p>\n<p><\/span><\/h3>\n<\/div>\n<\/div>\n","protected":false},"excerpt":{"rendered":"<p>V\u0161ichni, p\u0159esta\u0148te s t\u011bmi nesmysly. Trump nebyl do t\u00e9to v\u00e1lky \u201ezata\u017een\u201c. On a Netanjahu ji&#8230;<\/p>\n","protected":false},"author":2,"featured_media":82116,"comment_status":"closed","ping_status":"closed","sticky":false,"template":"","format":"standard","meta":[],"categories":[7],"tags":[1042,38,107,404,37,40],"_links":{"self":[{"href":"https:\/\/www.infokuryr.cz\/n\/wp-json\/wp\/v2\/posts\/82115"}],"collection":[{"href":"https:\/\/www.infokuryr.cz\/n\/wp-json\/wp\/v2\/posts"}],"about":[{"href":"https:\/\/www.infokuryr.cz\/n\/wp-json\/wp\/v2\/types\/post"}],"author":[{"embeddable":true,"href":"https:\/\/www.infokuryr.cz\/n\/wp-json\/wp\/v2\/users\/2"}],"replies":[{"embeddable":true,"href":"https:\/\/www.infokuryr.cz\/n\/wp-json\/wp\/v2\/comments?post=82115"}],"version-history":[{"count":1,"href":"https:\/\/www.infokuryr.cz\/n\/wp-json\/wp\/v2\/posts\/82115\/revisions"}],"predecessor-version":[{"id":82117,"href":"https:\/\/www.infokuryr.cz\/n\/wp-json\/wp\/v2\/posts\/82115\/revisions\/82117"}],"wp:featuredmedia":[{"embeddable":true,"href":"https:\/\/www.infokuryr.cz\/n\/wp-json\/wp\/v2\/media\/82116"}],"wp:attachment":[{"href":"https:\/\/www.infokuryr.cz\/n\/wp-json\/wp\/v2\/media?parent=82115"}],"wp:term":[{"taxonomy":"category","embeddable":true,"href":"https:\/\/www.infokuryr.cz\/n\/wp-json\/wp\/v2\/categories?post=82115"},{"taxonomy":"post_tag","embeddable":true,"href":"https:\/\/www.infokuryr.cz\/n\/wp-json\/wp\/v2\/tags?post=82115"}],"curies":[{"name":"wp","href":"https:\/\/api.w.org\/{rel}","templated":true}]}}