{"id":82100,"date":"2025-06-25T00:12:03","date_gmt":"2025-06-24T22:12:03","guid":{"rendered":"https:\/\/www.infokuryr.cz\/n\/?p=82100"},"modified":"2025-06-24T11:57:31","modified_gmt":"2025-06-24T09:57:31","slug":"britska-vlada-pripousti-ze-net-zero-je-drazsi-nez-fosilni-paliva","status":"publish","type":"post","link":"https:\/\/www.infokuryr.cz\/n\/2025\/06\/25\/britska-vlada-pripousti-ze-net-zero-je-drazsi-nez-fosilni-paliva\/","title":{"rendered":"Britsk\u00e1 vl\u00e1da p\u0159ipou\u0161t\u00ed, \u017ee Net Zero je dra\u017e\u0161\u00ed ne\u017e fosiln\u00ed paliva"},"content":{"rendered":"<div id=\"fb-root\"><\/div>\n<p><span>Britsk\u00e1 vl\u00e1da ml\u010dky uznala, \u017ee zav\u00e1d\u011bn\u00ed n\u00edzkouhl\u00edkov\u00fdch technologi\u00ed \u2013 kl\u00ed\u010dov\u00fdch pro rychl\u00e9 dosa\u017een\u00ed c\u00edl\u016f nulov\u00fdch \u010dist\u00fdch emis\u00ed \u2013 je dra\u017e\u0161\u00ed ne\u017e pou\u017e\u00edv\u00e1n\u00ed fosiln\u00edch paliv, informuje\u00a0<\/span><em><a href=\"https:\/\/www.cityam.com\/exclusive-government-admits-fossil-fuels-use-is-cheaper-than-net-zero-technology\/\" target=\"_blank\" rel=\"noreferrer noopener\" data-type=\"link\" data-id=\"https:\/\/www.cityam.com\/exclusive-government-admits-fossil-fuels-use-is-cheaper-than-net-zero-technology\/\"><span>City AM<\/span><\/a><\/em><span>\u00a0.<\/span><\/p>\n<p><span>P\u0159ed zve\u0159ejn\u011bn\u00edm sv\u00e9 nov\u00e9 pr\u016fmyslov\u00e9 strategie p\u0159\u00ed\u0161t\u00ed t\u00fdden pl\u00e1nuje vl\u00e1da opat\u0159en\u00ed na sn\u00ed\u017een\u00ed n\u00e1klad\u016f na energie. V r\u00e1mci revize rozpo\u010dtu byl rozpo\u010det Ministerstva pro energetickou bezpe\u010dnost a nulov\u00e9 emise energie nav\u00fd\u0161en o 16 %, a to o dodate\u010dn\u00e9 financov\u00e1n\u00ed jadern\u00e9, v\u011btrn\u00e9 a sol\u00e1rn\u00ed energie. C\u00edlem je do roku 2030 eliminovat t\u00e9m\u011b\u0159 v\u0161echna fosiln\u00ed paliva z v\u00fdroby elekt\u0159iny ve Spojen\u00e9m kr\u00e1lovstv\u00ed.<\/span><\/p>\n<p><span>Podle zpr\u00e1vy V\u00fdboru pro ve\u0159ejn\u00e9 \u00fa\u010dty (PAC), kter\u00fd monitoruje v\u00fddaje r\u016fzn\u00fdch vl\u00e1dn\u00edch ministerstev, v\u0161ak \u00fa\u0159edn\u00edci ministerstva energetiky v \u010dele s Edem Milibandem p\u0159ipustili, \u017ee vy\u0161\u0161\u00ed ceny elekt\u0159iny zdra\u017euj\u00ed n\u00edzkouhl\u00edkov\u00e9 technologie \u2013 a to navzdory ofici\u00e1ln\u00edmu tvrzen\u00ed, \u017ee zelen\u00e9 technologie v dlouhodob\u00e9m horizontu povedou k ni\u017e\u0161\u00edm \u00fa\u010dt\u016fm za energie.<\/span><\/p>\n<p><span>Ve ve\u0159ejn\u011b dostupn\u00e9m z\u00e1pisu ze zpr\u00e1vy PAC se uv\u00e1d\u00ed: \u201eProvoz n\u00edzkouhl\u00edkov\u00fdch technologi\u00ed m\u016f\u017ee b\u00fdt dra\u017e\u0161\u00ed ne\u017e u alternativ zalo\u017een\u00fdch na fosiln\u00edch palivech.\u201c Zpr\u00e1va rovn\u011b\u017e kritizuje skute\u010dnost, \u017ee vysok\u00e9 ceny elekt\u0159iny pro britsk\u00e9 dom\u00e1cnosti neodr\u00e1\u017eej\u00ed ni\u017e\u0161\u00ed velkoobchodn\u00ed ceny \u010dist\u00e9 energie \u2013 a \u017ee dodate\u010dn\u00e9 n\u00e1klady by mohly b\u00fdt zp\u016fsobeny ur\u010dit\u00fdmi opat\u0159en\u00edmi zam\u011b\u0159en\u00fdmi na nulov\u00e9 \u010dist\u00e9 emise.<\/span><\/p>\n<p><span>Vl\u00e1dn\u00ed reakce pokra\u010duje: \u201eCenov\u00fd rozd\u00edl mezi elekt\u0159inou a plynem mus\u00ed b\u00fdt odstran\u011bn, aby si spot\u0159ebitel\u00e9 mohli snadn\u011bji vybrat \u010dist\u00e9 technologie, jako jsou tepeln\u00e1 \u010derpadla.\u201c<\/span><\/p>\n<p><span>Toto p\u0159izn\u00e1n\u00ed navazuje na d\u0159\u00edv\u011bj\u0161\u00ed prohl\u00e1\u0161en\u00ed vl\u00e1dy z po\u010d\u00e1tku tohoto roku, v n\u011bm\u017e se uv\u00e1d\u00ed, \u017ee politika nulov\u00fdch \u010dist\u00fdch emis\u00ed povede k vy\u0161\u0161\u00edm \u00fa\u010dt\u016fm za energie v \u201ekr\u00e1tkodob\u00e9m a\u017e st\u0159edn\u011bdob\u00e9m horizontu\u201c \u2013 jak poprv\u00e9 uvedl den\u00edk\u00a0<\/span><em><a href=\"https:\/\/www.telegraph.co.uk\/business\/2025\/02\/18\/net-zero-will-mean-higher-bills-admit-ed-miliband-officials\/\" target=\"_blank\" rel=\"noreferrer noopener\" data-type=\"link\" data-id=\"https:\/\/www.telegraph.co.uk\/business\/2025\/02\/18\/net-zero-will-mean-higher-bills-admit-ed-miliband-officials\/\"><span>Telegraph<\/span><\/a><\/em><span>\u00a0.<\/span><\/p>\n<p><img decoding=\"async\" loading=\"lazy\" class=\"alignnone size-full wp-image-1185\" src=\"http:\/\/www.infokuryr.cz\/n\/wp-content\/uploads\/2021\/04\/kuryr-podpis.png\" alt=\"\" width=\"84\" height=\"24\" \/><\/p>\n<p>&nbsp;<\/p>\n","protected":false},"excerpt":{"rendered":"<p>Britsk\u00e1 vl\u00e1da ml\u010dky uznala, \u017ee zav\u00e1d\u011bn\u00ed n\u00edzkouhl\u00edkov\u00fdch technologi\u00ed \u2013 kl\u00ed\u010dov\u00fdch pro rychl\u00e9 dosa\u017een\u00ed c\u00edl\u016f nulov\u00fdch&#8230;<\/p>\n","protected":false},"author":2,"featured_media":82101,"comment_status":"closed","ping_status":"closed","sticky":false,"template":"","format":"standard","meta":[],"categories":[7],"tags":[2692,873,4239,303],"_links":{"self":[{"href":"https:\/\/www.infokuryr.cz\/n\/wp-json\/wp\/v2\/posts\/82100"}],"collection":[{"href":"https:\/\/www.infokuryr.cz\/n\/wp-json\/wp\/v2\/posts"}],"about":[{"href":"https:\/\/www.infokuryr.cz\/n\/wp-json\/wp\/v2\/types\/post"}],"author":[{"embeddable":true,"href":"https:\/\/www.infokuryr.cz\/n\/wp-json\/wp\/v2\/users\/2"}],"replies":[{"embeddable":true,"href":"https:\/\/www.infokuryr.cz\/n\/wp-json\/wp\/v2\/comments?post=82100"}],"version-history":[{"count":0,"href":"https:\/\/www.infokuryr.cz\/n\/wp-json\/wp\/v2\/posts\/82100\/revisions"}],"wp:featuredmedia":[{"embeddable":true,"href":"https:\/\/www.infokuryr.cz\/n\/wp-json\/wp\/v2\/media\/82101"}],"wp:attachment":[{"href":"https:\/\/www.infokuryr.cz\/n\/wp-json\/wp\/v2\/media?parent=82100"}],"wp:term":[{"taxonomy":"category","embeddable":true,"href":"https:\/\/www.infokuryr.cz\/n\/wp-json\/wp\/v2\/categories?post=82100"},{"taxonomy":"post_tag","embeddable":true,"href":"https:\/\/www.infokuryr.cz\/n\/wp-json\/wp\/v2\/tags?post=82100"}],"curies":[{"name":"wp","href":"https:\/\/api.w.org\/{rel}","templated":true}]}}