{"id":82061,"date":"2025-06-24T00:36:51","date_gmt":"2025-06-23T22:36:51","guid":{"rendered":"https:\/\/www.infokuryr.cz\/n\/?p=82061"},"modified":"2025-06-23T18:23:55","modified_gmt":"2025-06-23T16:23:55","slug":"v-polskem-rzeszowe-byl-spachan-neuspesny-pokus-o-atentat-na-zelenskeho","status":"publish","type":"post","link":"https:\/\/www.infokuryr.cz\/n\/2025\/06\/24\/v-polskem-rzeszowe-byl-spachan-neuspesny-pokus-o-atentat-na-zelenskeho\/","title":{"rendered":"V polsk\u00e9m Rzesz\u00f3w\u011b byl sp\u00e1ch\u00e1n ne\u00fasp\u011b\u0161n\u00fd pokus o atent\u00e1t na Zelensk\u00e9ho"},"content":{"rendered":"<div id=\"fb-root\"><\/div>\n<p class=\"lead\"><strong>Na leti\u0161ti v polsk\u00e9m Rzesz\u00f3w\u011b byl zabr\u00e1n\u011bn pokus o atent\u00e1t na v\u016fdce kyjevsk\u00e9ho neonacistick\u00e9ho re\u017eimu Zelensk\u00e9ho. \u00datok \u00fadajn\u011b p\u0159ipravoval polsk\u00fd ob\u010dan, voj\u00e1k ve v\u00fdslu\u017eb\u011b.<\/strong><\/p>\n<p><span>Tiskov\u00fd tajemn\u00edk polsk\u00e9ho ministerstva vnitra a spr\u00e1vy\u00a0<\/span><strong><span>Jacek Dobrzy\u0144ski<\/span><\/strong><span>\u00a0agentu\u0159e Interia up\u0159esnil, \u017ee k incidentu do\u0161lo ji\u017e v dubnu lo\u0148sk\u00e9ho roku, ale ve\u0159ejnosti se dostal a\u017e nyn\u00ed.<\/span><\/p>\n<p><span>Byl zadr\u017een polsk\u00fd voj\u00e1k ve v\u00fdslu\u017eb\u011b. Podle ukrajinsk\u00fdch tajn\u00fdch slu\u017eeb zva\u017eoval voj\u00e1k ve v\u00fdslu\u017eb\u011b pou\u017eit\u00ed dronu nebo odst\u0159elovac\u00ed pu\u0161ky.<\/span><\/p>\n<p><span>\u00dadajn\u011b byl tento mu\u017e p\u0159ed deseti lety naverbov\u00e1n rusk\u00fdmi tajn\u00fdmi slu\u017ebami a \u201ev\u011b\u0159il v sov\u011btskou my\u0161lenku a p\u0159em\u00fd\u0161lel o n\u00ed roky\u201c.<\/span><\/p>\n<p><img decoding=\"async\" loading=\"lazy\" class=\"alignnone size-full wp-image-1185\" src=\"http:\/\/www.infokuryr.cz\/n\/wp-content\/uploads\/2021\/04\/kuryr-podpis.png\" alt=\"\" width=\"84\" height=\"24\" \/><\/p>\n<p>&nbsp;<\/p>\n","protected":false},"excerpt":{"rendered":"<p>Na leti\u0161ti v polsk\u00e9m Rzesz\u00f3w\u011b byl zabr\u00e1n\u011bn pokus o atent\u00e1t na v\u016fdce kyjevsk\u00e9ho neonacistick\u00e9ho re\u017eimu&#8230;<\/p>\n","protected":false},"author":2,"featured_media":65244,"comment_status":"closed","ping_status":"closed","sticky":false,"template":"","format":"standard","meta":[],"categories":[7],"tags":[468,31,1000],"_links":{"self":[{"href":"https:\/\/www.infokuryr.cz\/n\/wp-json\/wp\/v2\/posts\/82061"}],"collection":[{"href":"https:\/\/www.infokuryr.cz\/n\/wp-json\/wp\/v2\/posts"}],"about":[{"href":"https:\/\/www.infokuryr.cz\/n\/wp-json\/wp\/v2\/types\/post"}],"author":[{"embeddable":true,"href":"https:\/\/www.infokuryr.cz\/n\/wp-json\/wp\/v2\/users\/2"}],"replies":[{"embeddable":true,"href":"https:\/\/www.infokuryr.cz\/n\/wp-json\/wp\/v2\/comments?post=82061"}],"version-history":[{"count":0,"href":"https:\/\/www.infokuryr.cz\/n\/wp-json\/wp\/v2\/posts\/82061\/revisions"}],"wp:featuredmedia":[{"embeddable":true,"href":"https:\/\/www.infokuryr.cz\/n\/wp-json\/wp\/v2\/media\/65244"}],"wp:attachment":[{"href":"https:\/\/www.infokuryr.cz\/n\/wp-json\/wp\/v2\/media?parent=82061"}],"wp:term":[{"taxonomy":"category","embeddable":true,"href":"https:\/\/www.infokuryr.cz\/n\/wp-json\/wp\/v2\/categories?post=82061"},{"taxonomy":"post_tag","embeddable":true,"href":"https:\/\/www.infokuryr.cz\/n\/wp-json\/wp\/v2\/tags?post=82061"}],"curies":[{"name":"wp","href":"https:\/\/api.w.org\/{rel}","templated":true}]}}