{"id":82053,"date":"2025-06-24T00:32:53","date_gmt":"2025-06-23T22:32:53","guid":{"rendered":"https:\/\/www.infokuryr.cz\/n\/?p=82053"},"modified":"2025-06-23T18:03:23","modified_gmt":"2025-06-23T16:03:23","slug":"kaddafiho-duch-zije-dal-zacina-africka-menova-valka-proti-dolaru","status":"publish","type":"post","link":"https:\/\/www.infokuryr.cz\/n\/2025\/06\/24\/kaddafiho-duch-zije-dal-zacina-africka-menova-valka-proti-dolaru\/","title":{"rendered":"Kadd\u00e1f\u00edho duch \u017eije d\u00e1l \u2013 Za\u010d\u00edn\u00e1 africk\u00e1 m\u011bnov\u00e1 v\u00e1lka proti dolaru?"},"content":{"rendered":"<div id=\"fb-root\"><\/div>\n<p><strong><span>Pro africk\u00e9 zem\u011b p\u0159edstavuje z\u00e1vislost na dolaru probl\u00e9m, pokud jde o p\u0159eshrani\u010dn\u00ed obchod. \u010c\u00e1ste\u010dn\u011b je to zp\u016fsobeno nedostatkem ciz\u00edch m\u011bn a extr\u00e9mn\u011b vysok\u00fdmi transak\u010dn\u00edmi n\u00e1klady a \u010d\u00e1ste\u010dn\u011b tak\u00e9 \u201ezbra\u0148ov\u00e1n\u00edm\u201c americk\u00e9ho dolaru Washingtonem. Hledaj\u00ed se alternativy. Syst\u00e9m PAPSS m\u00e1 nyn\u00ed poskytnout n\u00e1pravu.<\/span><\/strong><\/p>\n<p><span>Zat\u00edmco americk\u00fd prezident Donald Trump hroz\u00ed odvetn\u00fdmi opat\u0159en\u00edmi v\u016f\u010di zem\u00edm, kter\u00e9 se cht\u011bj\u00ed vzd\u00e1t americk\u00e9ho dolaru v zahrani\u010dn\u00edm obchodu, st\u00e1le v\u00edce africk\u00fdch vl\u00e1d hled\u00e1 pragmatick\u00e1 \u0159e\u0161en\u00ed sv\u00e9ho chronick\u00e9ho nedostatku deviz. Americk\u00e9 dolary je \u010dasto nutn\u00e9 z\u00edsk\u00e1vat jednostrann\u011b prost\u0159ednictv\u00edm v\u00fdvozu zdroj\u016f nebo je z\u00edsk\u00e1vat s vysok\u00fdmi n\u00e1klady prost\u0159ednictv\u00edm p\u016fj\u010dek. Z\u00e1rove\u0148 to \u010din\u00ed africk\u00e9 ekonomiky zraniteln\u00fdmi v\u016f\u010di velk\u00fdm v\u00fdkyv\u016fm sm\u011bnn\u00fdch kurz\u016f, kter\u00e9 by v nejhor\u0161\u00edm p\u0159\u00edpad\u011b mohly uvrhnout cel\u00e9 zem\u011b do chaosu.<\/span><\/p>\n<p><span>Libyjsk\u00fd v\u016fdce Muammar Kadd\u00e1f\u00ed, kter\u00e9ho v roce 2011 zlyn\u010dovaly opozi\u010dn\u00ed s\u00edly pot\u00e9, co p\u0159il\u00e1kal z\u00e1padn\u00ed investice, cht\u011bl jako sou\u010d\u00e1st sv\u00e9 panafrick\u00e9 vize zav\u00e9st africkou m\u011bnu zalo\u017eenou na zlat\u011b (\u201ezlat\u00fd din\u00e1r\u201c) krytou region\u00e1ln\u00edmi ropn\u00fdmi rezervami. Tato m\u011bna m\u011bla za c\u00edl dedolarizaci africk\u00e9ho kontinentu a z\u00e1rove\u0148 usnadnit (zejm\u00e9na z\u00e1padn\u00ed Africe) nez\u00e1vislost zem\u011b na Francii (a euru) a franku CFA.<\/span><\/p>\n<p><span>Kadd\u00e1f\u00ed je sice u\u017e 14 let mrtv\u00fd, ale jeho my\u0161lenky evidentn\u011b padly na \u00farodnou p\u016fdu. Nyn\u00ed je vid\u011bt konkr\u00e9tn\u00ed pokrok sm\u011brem k africk\u00e9mu platebn\u00edmu syst\u00e9mu vyu\u017e\u00edvaj\u00edc\u00edmu m\u00edstn\u00ed m\u011bny. Afri\u010dan\u00e9 v tomto \u00fasil\u00ed dost\u00e1vaj\u00ed podporu p\u0159edev\u0161\u00edm od \u010c\u00edny a Ruska. Rusko je pod masivn\u00edmi z\u00e1padn\u00edmi sankcemi a d\u00edky takov\u00e9mu paraleln\u00edmu platebn\u00edmu syst\u00e9mu by mohlo roz\u0161\u00ed\u0159it obchod s africk\u00fdmi zem\u011bmi.<\/span><\/p>\n<figure class=\"wp-block-embed is-type-rich is-provider-twitter wp-block-embed-twitter\">\n<div class=\"wp-block-embed__wrapper\">\n<div class=\"twitter-tweet twitter-tweet-rendered\"><iframe id=\"twitter-widget-0\" class=\"\" title=\"X Post\" src=\"https:\/\/platform.twitter.com\/embed\/Tweet.html?dnt=true&amp;embedId=twitter-widget-0&amp;features=eyJ0ZndfdGltZWxpbmVfbGlzdCI6eyJidWNrZXQiOltdLCJ2ZXJzaW9uIjpudWxsfSwidGZ3X2ZvbGxvd2VyX2NvdW50X3N1bnNldCI6eyJidWNrZXQiOnRydWUsInZlcnNpb24iOm51bGx9LCJ0ZndfdHdlZXRfZWRpdF9iYWNrZW5kIjp7ImJ1Y2tldCI6Im9uIiwidmVyc2lvbiI6bnVsbH0sInRmd19yZWZzcmNfc2Vzc2lvbiI6eyJidWNrZXQiOiJvbiIsInZlcnNpb24iOm51bGx9LCJ0ZndfZm9zbnJfc29mdF9pbnRlcnZlbnRpb25zX2VuYWJsZWQiOnsiYnVja2V0Ijoib24iLCJ2ZXJzaW9uIjpudWxsfSwidGZ3X21peGVkX21lZGlhXzE1ODk3Ijp7ImJ1Y2tldCI6InRyZWF0bWVudCIsInZlcnNpb24iOm51bGx9LCJ0ZndfZXhwZXJpbWVudHNfY29va2llX2V4cGlyYXRpb24iOnsiYnVja2V0IjoxMjA5NjAwLCJ2ZXJzaW9uIjpudWxsfSwidGZ3X3Nob3dfYmlyZHdhdGNoX3Bpdm90c19lbmFibGVkIjp7ImJ1Y2tldCI6Im9uIiwidmVyc2lvbiI6bnVsbH0sInRmd19kdXBsaWNhdGVfc2NyaWJlc190b19zZXR0aW5ncyI6eyJidWNrZXQiOiJvbiIsInZlcnNpb24iOm51bGx9LCJ0ZndfdXNlX3Byb2ZpbGVfaW1hZ2Vfc2hhcGVfZW5hYmxlZCI6eyJidWNrZXQiOiJvbiIsInZlcnNpb24iOm51bGx9LCJ0ZndfdmlkZW9faGxzX2R5bmFtaWNfbWFuaWZlc3RzXzE1MDgyIjp7ImJ1Y2tldCI6InRydWVfYml0cmF0ZSIsInZlcnNpb24iOm51bGx9LCJ0ZndfbGVnYWN5X3RpbWVsaW5lX3N1bnNldCI6eyJidWNrZXQiOnRydWUsInZlcnNpb24iOm51bGx9LCJ0ZndfdHdlZXRfZWRpdF9mcm9udGVuZCI6eyJidWNrZXQiOiJvbiIsInZlcnNpb24iOm51bGx9fQ%3D%3D&amp;frame=false&amp;hideCard=false&amp;hideThread=false&amp;id=1935964296522981720&amp;lang=cs&amp;origin=https%3A%2F%2Freport24.news%2Fgaddafis-geist-lebt-beginnt-afrikas-waehrungskrieg-gegen-den-dollar%2F&amp;sessionId=186d78c848d2a3dc8a499b9851485587fae508a5&amp;theme=light&amp;widgetsVersion=2615f7e52b7e0%3A1702314776716&amp;width=550px\" frameborder=\"0\" scrolling=\"no\" allowfullscreen=\"allowfullscreen\" data-tweet-id=\"1935964296522981720\" data-mce-fragment=\"1\"><\/iframe><\/div>\n<\/div>\n<\/figure>\n<p><span>Mike Ogbalu, v\u00fdkonn\u00fd \u0159editel Panafrick\u00e9ho platebn\u00edho a z\u00fa\u010dtovac\u00edho syst\u00e9mu (PAPSS),\u00a0<\/span><a href=\"https:\/\/www.reuters.com\/world\/africa\/under-shadow-trump-warning-africa-pioneers-non-dollar-payments-systems-2025-06-20\/\"><span>vysv\u011btlil<\/span><\/a><span> , \u017ee prim\u00e1rn\u00edm c\u00edlem syst\u00e9mu nen\u00ed politick\u00e1 dedolarizace \u2013 i kdy\u017e pro ni vytv\u00e1\u0159\u00ed z\u00e1klad. Sp\u00ed\u0161e se jedn\u00e1 o praktick\u00e9 \u0159e\u0161en\u00ed struktur\u00e1ln\u00edho probl\u00e9mu: Mnoho africk\u00fdch ekonomik m\u00e1 zna\u010dn\u00e9 pot\u00ed\u017ee se z\u00edsk\u00e1n\u00edm dostate\u010dn\u00e9ho mno\u017estv\u00ed glob\u00e1ln\u00edch m\u011bn t\u0159et\u00edch stran, jako je americk\u00fd dolar, k tomu, aby v\u016fbec mohly zpracov\u00e1vat transakce.<\/span><\/p>\n<h3 id=\"h-wechselkursverluste-und-hohe-gebuhren\" class=\"wp-block-heading\"><span>Kurzov\u00e9 ztr\u00e1ty a vysok\u00e9 poplatky<\/span><\/h3>\n<p><span>Sou\u010dasn\u00fd syst\u00e9m je pro africk\u00e9 komer\u010dn\u00ed banky, kter\u00e9 se p\u0159i zpracov\u00e1n\u00ed mezin\u00e1rodn\u00edch plateb spol\u00e9haj\u00ed na zahrani\u010dn\u00ed partnery, drah\u00fd. Nap\u0159\u00edklad podle PAPSS obchod v hodnot\u011b 200 milion\u016f dolar\u016f mezi dv\u011bma stranami v r\u016fzn\u00fdch africk\u00fdch zem\u00edch stoj\u00ed a\u017e 30 procent hodnoty transakce. S propriet\u00e1rn\u00edm transak\u010dn\u00edm syst\u00e9mem (podobn\u00fdm SWIFT) by se tyto n\u00e1klady mohly sn\u00ed\u017eit na pouh\u00e9 1 procento. Pro\u010d? Proto\u017ee \u2013 podobn\u011b jako v Evropsk\u00e9m m\u011bnov\u00e9m syst\u00e9mu p\u0159ed zaveden\u00edm eura \u2013 nen\u00ed nutn\u00e9 pou\u017e\u00edvat ciz\u00ed referen\u010dn\u00ed m\u011bnu.<\/span><\/p>\n<p><span>Nap\u0159\u00edklad doposud musel syst\u00e9m koresponden\u010dn\u00edho bankovnictv\u00ed p\u0159i obchodov\u00e1n\u00ed mezi nigerijsk\u00fdm kupuj\u00edc\u00edm a jihoafrick\u00fdm prod\u00e1vaj\u00edc\u00edm nejprve p\u0159ev\u00e9st nairu na americk\u00e9 dolary a pot\u00e9 americk\u00e9 dolary zp\u011bt na randy. Tato dvoj\u00ed sm\u011bna m\u011bn s sebou nese poplatky a ztr\u00e1ty z kurzu \u2013 n\u00e1kladn\u00e9 \u0159e\u0161en\u00ed. Nov\u00fd syst\u00e9m by tento n\u00e1kup a prodej americk\u00fdch dolar\u016f eliminoval. Ot\u00e1zkou v\u0161ak z\u016fst\u00e1v\u00e1, jak zareaguje americk\u00fd prezident Donald Trump. Koneckonc\u016f opakovan\u011b pohrozil trestem zem\u00edm, kter\u00e9 dedolarizuj\u00ed sv\u016fj zahrani\u010dn\u00ed obchod.<\/span><\/p>\n<p><span>Na druhou stranu si Trump nem\u016f\u017ee dovolit, aby Afrika d\u00e1le upadla do rukou \u010c\u00edny a Ruska. To znamen\u00e1, \u017ee dokud tento platebn\u00ed syst\u00e9m z\u016fstane omezen na vnitroafrick\u00fd obchod, reakce Washingtonu bude pravd\u011bpodobn\u011b tlumen\u00e1. Pokud by se v\u0161ak PAPSS otev\u0159el i neafrick\u00fdm transakc\u00edm \u2013 nap\u0159\u00edklad s \u010c\u00ednou a Ruskem \u2013 a t\u00edm obe\u0161el americk\u00fd dolar i tam, v\u011bci by pravd\u011bpodobn\u011b vypadaly pon\u011bkud jinak.<\/span><\/p>\n<p><img decoding=\"async\" loading=\"lazy\" class=\"alignnone size-full wp-image-1185\" src=\"http:\/\/www.infokuryr.cz\/n\/wp-content\/uploads\/2021\/04\/kuryr-podpis.png\" alt=\"\" width=\"84\" height=\"24\" \/><\/p>\n<p>&nbsp;<\/p>\n","protected":false},"excerpt":{"rendered":"<p>Pro africk\u00e9 zem\u011b p\u0159edstavuje z\u00e1vislost na dolaru probl\u00e9m, pokud jde o p\u0159eshrani\u010dn\u00ed obchod. \u010c\u00e1ste\u010dn\u011b je&#8230;<\/p>\n","protected":false},"author":2,"featured_media":82054,"comment_status":"closed","ping_status":"closed","sticky":false,"template":"","format":"standard","meta":[],"categories":[7],"tags":[1271,604,2398,90,37],"_links":{"self":[{"href":"https:\/\/www.infokuryr.cz\/n\/wp-json\/wp\/v2\/posts\/82053"}],"collection":[{"href":"https:\/\/www.infokuryr.cz\/n\/wp-json\/wp\/v2\/posts"}],"about":[{"href":"https:\/\/www.infokuryr.cz\/n\/wp-json\/wp\/v2\/types\/post"}],"author":[{"embeddable":true,"href":"https:\/\/www.infokuryr.cz\/n\/wp-json\/wp\/v2\/users\/2"}],"replies":[{"embeddable":true,"href":"https:\/\/www.infokuryr.cz\/n\/wp-json\/wp\/v2\/comments?post=82053"}],"version-history":[{"count":0,"href":"https:\/\/www.infokuryr.cz\/n\/wp-json\/wp\/v2\/posts\/82053\/revisions"}],"wp:featuredmedia":[{"embeddable":true,"href":"https:\/\/www.infokuryr.cz\/n\/wp-json\/wp\/v2\/media\/82054"}],"wp:attachment":[{"href":"https:\/\/www.infokuryr.cz\/n\/wp-json\/wp\/v2\/media?parent=82053"}],"wp:term":[{"taxonomy":"category","embeddable":true,"href":"https:\/\/www.infokuryr.cz\/n\/wp-json\/wp\/v2\/categories?post=82053"},{"taxonomy":"post_tag","embeddable":true,"href":"https:\/\/www.infokuryr.cz\/n\/wp-json\/wp\/v2\/tags?post=82053"}],"curies":[{"name":"wp","href":"https:\/\/api.w.org\/{rel}","templated":true}]}}