{"id":82036,"date":"2025-06-24T00:13:43","date_gmt":"2025-06-23T22:13:43","guid":{"rendered":"https:\/\/www.infokuryr.cz\/n\/?p=82036"},"modified":"2025-06-23T11:39:36","modified_gmt":"2025-06-23T09:39:36","slug":"erik-best-kdy-fiala-navstivi-tel-aviv","status":"publish","type":"post","link":"https:\/\/www.infokuryr.cz\/n\/2025\/06\/24\/erik-best-kdy-fiala-navstivi-tel-aviv\/","title":{"rendered":"Erik Best: Kdy Fiala nav\u0161t\u00edv\u00ed Tel Aviv?"},"content":{"rendered":"<div id=\"fb-root\"><\/div>\n<p>Joe Biden nikdy nem\u011bl v\u00a0\u00famyslu se p\u0159\u00edmo zapojit do v\u00e1lky na Ukrajin\u011b, tak\u017ee bylo u\u017eite\u010dn\u00e9, aby Petr Fiala a\u00a0dal\u0161\u00ed st\u0159edoevrop\u0161t\u00ed politici t\u0159i t\u00fddny po zah\u00e1jen\u00ed rusk\u00e9 invaze nasko\u010dili do vlaku do Kyjeva a\u00a0vyburcovali ostatn\u00ed k\u00a0podpo\u0159e slab\u0161\u00ed strany.<\/p>\n<p>Volodymyr Zelenskyj po setk\u00e1n\u00ed se \u010dty\u0159mi l\u00eddry 15. b\u0159ezna 2022 prohl\u00e1sil, \u017ee se \u201e<a href=\"https:\/\/www.nytimes.com\/2022\/03\/15\/world\/europe\/zelensky-european-leaders-kyiv.html\" target=\"_blank\" rel=\"noopener\">ni\u010deho neboj\u00ed<\/a>\u201c, a\u00a0vyzval ostatn\u00ed, aby se na cestu vydali tak\u00e9. Mnoz\u00ed tak n\u00e1sledn\u011b u\u010dinili. Izraelsk\u00e1 v\u00e1lka proti \u00cdr\u00e1nu trv\u00e1 ji\u017e druh\u00fd t\u00fdden, ale \u017e\u00e1dn\u00e1 solid\u00e1rn\u00ed n\u00e1v\u0161t\u011bva Fialy se zat\u00edm ner\u00fdsuje. Tentokr\u00e1t je tu \u0159ada rozd\u00edl\u016f, v\u00a0neposledn\u00ed \u0159ad\u011b mor\u00e1ln\u00ed a\u00a0mezin\u00e1rodn\u011bpr\u00e1vn\u00ed ot\u00e1zka, zda byl Izrael opr\u00e1vn\u011bn ude\u0159it jako prvn\u00ed. V\u011bt\u0161ina vrcholn\u00fdch \u010desk\u00fdch politik\u016f sv\u016fj souhlas omezuje na \u201epochopen\u00ed\u201c izraelsk\u00e9ho \u010dinu.<\/p>\n<p>Asi nejv\u011bt\u0161\u00ed rozd\u00edl v\u0161ak tentokr\u00e1t bude v\u00a0tom, \u017ee Donald Trump to s\u00a0v\u00edt\u011bzstv\u00edm z\u0159ejm\u011b mysl\u00ed v\u00e1\u017en\u011b. Zd\u00e1 se, \u017ee stejn\u011b v\u00e1\u017en\u011b, jako to myslel Biden, kdy\u017e z\u00e1m\u011brn\u011b nevyhr\u00e1l na Ukrajin\u011b. Do Tel Avivu by te\u010f cestoval pouze politik, kter\u00fd se skute\u010dn\u011b neboj\u00ed ni\u010deho.<\/p>\n<p><a href=\"https:\/\/www.fsfinalword.cz\/?page=archive&amp;day=2025-06-23&amp;utm_source=utm_source%3Dnewsletter&amp;utm_medium=utm_medium%3De-mail&amp;utm_campaign=utm_campaign%3Dfinal_ford_23.6.2025\">Erik Best<\/a><\/p>\n<p><img decoding=\"async\" loading=\"lazy\" class=\"alignnone  wp-image-1179\" src=\"http:\/\/www.infokuryr.cz\/n\/wp-content\/uploads\/2021\/04\/erik-best.jpg\" alt=\"\" width=\"135\" height=\"152\" \/><\/p>\n<p><img decoding=\"async\" loading=\"lazy\" class=\"wp-image-80899 aligncenter\" src=\"http:\/\/www.infokuryr.cz\/n\/wp-content\/uploads\/2025\/06\/Vrabel-283x300.jpg\" alt=\"\" width=\"635\" height=\"673\" srcset=\"https:\/\/www.infokuryr.cz\/n\/wp-content\/uploads\/2025\/06\/Vrabel-283x300.jpg 283w, https:\/\/www.infokuryr.cz\/n\/wp-content\/uploads\/2025\/06\/Vrabel-966x1024.jpg 966w, https:\/\/www.infokuryr.cz\/n\/wp-content\/uploads\/2025\/06\/Vrabel-768x814.jpg 768w, https:\/\/www.infokuryr.cz\/n\/wp-content\/uploads\/2025\/06\/Vrabel-1024x1086.jpg 1024w, https:\/\/www.infokuryr.cz\/n\/wp-content\/uploads\/2025\/06\/Vrabel.jpg 1080w\" sizes=\"(max-width: 635px) 100vw, 635px\" \/><\/p>\n<p>&nbsp;<\/p>\n","protected":false},"excerpt":{"rendered":"<p>Joe Biden nikdy nem\u011bl v\u00a0\u00famyslu se p\u0159\u00edmo zapojit do v\u00e1lky na Ukrajin\u011b, tak\u017ee bylo u\u017eite\u010dn\u00e9,&#8230;<\/p>\n","protected":false},"author":2,"featured_media":10357,"comment_status":"closed","ping_status":"closed","sticky":false,"template":"","format":"standard","meta":[],"categories":[6],"tags":[107,1503,4097,535],"_links":{"self":[{"href":"https:\/\/www.infokuryr.cz\/n\/wp-json\/wp\/v2\/posts\/82036"}],"collection":[{"href":"https:\/\/www.infokuryr.cz\/n\/wp-json\/wp\/v2\/posts"}],"about":[{"href":"https:\/\/www.infokuryr.cz\/n\/wp-json\/wp\/v2\/types\/post"}],"author":[{"embeddable":true,"href":"https:\/\/www.infokuryr.cz\/n\/wp-json\/wp\/v2\/users\/2"}],"replies":[{"embeddable":true,"href":"https:\/\/www.infokuryr.cz\/n\/wp-json\/wp\/v2\/comments?post=82036"}],"version-history":[{"count":0,"href":"https:\/\/www.infokuryr.cz\/n\/wp-json\/wp\/v2\/posts\/82036\/revisions"}],"wp:featuredmedia":[{"embeddable":true,"href":"https:\/\/www.infokuryr.cz\/n\/wp-json\/wp\/v2\/media\/10357"}],"wp:attachment":[{"href":"https:\/\/www.infokuryr.cz\/n\/wp-json\/wp\/v2\/media?parent=82036"}],"wp:term":[{"taxonomy":"category","embeddable":true,"href":"https:\/\/www.infokuryr.cz\/n\/wp-json\/wp\/v2\/categories?post=82036"},{"taxonomy":"post_tag","embeddable":true,"href":"https:\/\/www.infokuryr.cz\/n\/wp-json\/wp\/v2\/tags?post=82036"}],"curies":[{"name":"wp","href":"https:\/\/api.w.org\/{rel}","templated":true}]}}