{"id":81995,"date":"2025-06-23T07:02:40","date_gmt":"2025-06-23T05:02:40","guid":{"rendered":"https:\/\/www.infokuryr.cz\/n\/?p=81995"},"modified":"2025-06-23T07:02:40","modified_gmt":"2025-06-23T05:02:40","slug":"trump-svolal-zasedani-rady-narodni-bezpecnosti","status":"publish","type":"post","link":"https:\/\/www.infokuryr.cz\/n\/2025\/06\/23\/trump-svolal-zasedani-rady-narodni-bezpecnosti\/","title":{"rendered":"Trump svolal zased\u00e1n\u00ed Rady n\u00e1rodn\u00ed bezpe\u010dnosti"},"content":{"rendered":"<div id=\"fb-root\"><\/div>\n<p class=\"lead\"><strong>Americk\u00fd prezident Donald Trump se v pond\u011bl\u00ed po d\u0159\u00edv\u011bj\u0161\u00edch \u00faderech na \u00cdr\u00e1n znovu sejde s Radou n\u00e1rodn\u00ed bezpe\u010dnosti, jak vypl\u00fdv\u00e1 z harmonogramu americk\u00e9ho v\u016fdce, kter\u00fd zve\u0159ejnil B\u00edl\u00fd d\u016fm.<\/strong><\/p>\n<p><em>\u201eV 13 hodin (18:00 evropsk\u00e9ho \u010dasu) se prezident setk\u00e1 s t\u00fdmem n\u00e1rodn\u00ed bezpe\u010dnosti,\u201c<span class=\"after-quote\">\u00a0\u2014 je uvedeno v distribuovan\u00e9m harmonogramu.<\/span><\/em><\/p>\n<p><span>Spojen\u00e9 st\u00e1ty v noci 22. \u010dervna za\u00fato\u010dily na t\u0159i \u00edr\u00e1nsk\u00e1 jadern\u00e1 za\u0159\u00edzen\u00ed v Natanzu, Fordowu a Isfah\u00e1nu. \u00datok m\u011bl podle Washingtonu zni\u010dit nebo v\u00e1\u017en\u011b oslabit \u00edr\u00e1nsk\u00fd jadern\u00fd program.<\/span><\/p>\n<h2>Americk\u00e9 \u00fa\u0159ady po \u00faderech na \u00cdr\u00e1n vyhl\u00e1sily v zemi hrozbu teroristick\u00fdch \u00fatok\u016f<br \/>\n<img decoding=\"async\" class=\"aligncenter\" src=\"https:\/\/img8.eadaily.com\/r650x650\/o\/fe4\/00fe6ea1bf99713e3dd05c7a83678.jpeg\" \/><\/h2>\n<p class=\"lead\"><strong>Konflikt na Bl\u00edzk\u00e9m v\u00fdchod\u011b vytv\u00e1\u0159\u00ed ve Spojen\u00fdch st\u00e1tech prost\u0159ed\u00ed se zv\u00fd\u0161enou hrozbou a mohl by p\u0159isp\u011bt k pokus\u016fm o sp\u00e1ch\u00e1n\u00ed teroristick\u00fdch \u00fatok\u016f ve Spojen\u00fdch st\u00e1tech, uv\u00e1d\u00ed se v bulletinu N\u00e1rodn\u00edho syst\u00e9mu varov\u00e1n\u00ed p\u0159ed terorismem americk\u00e9ho ministerstva vnit\u0159n\u00ed bezpe\u010dnosti.<\/strong><\/p>\n<p><span>Varov\u00e1n\u00ed bylo vyd\u00e1no 22. \u010dervna pot\u00e9, co Washington vstoupil do konfliktu mezi \u00cdr\u00e1nem a Izraelem \u00faderem na kl\u00ed\u010dov\u00e1 m\u00edsta \u00edr\u00e1nsk\u00e9ho jadern\u00e9ho programu. Plat\u00ed do 22. z\u00e1\u0159\u00ed.<\/span><\/p>\n<p><span>Zpr\u00e1va uv\u00e1d\u00ed, \u017ee pravd\u011bpodobnost, \u017ee se \u201en\u00e1siln\u00ed extremist\u00e9\u201c ve Spojen\u00fdch st\u00e1tech \u201esamostatn\u011b zmobilizuj\u00ed k n\u00e1sil\u00ed\u201c, by se mohla zv\u00fd\u0161it, pokud \u201e\u00edr\u00e1nsk\u00e9 veden\u00ed vyd\u00e1 n\u00e1bo\u017eensk\u00fd edikt vyz\u00fdvaj\u00edc\u00ed k odvetn\u00e9mu n\u00e1sil\u00ed\u201c proti Spojen\u00fdm st\u00e1t\u016fm.<\/span><\/p>\n<p><span>Ministerstvo varuje, \u017ee jsou nav\u00edc pravd\u011bpodobn\u00e9 kybernetick\u00e9 \u00fatoky na americk\u00e9 s\u00edt\u011b. \u00cdr\u00e1n podle n\u011bj hodl\u00e1 st\u00edhat i americk\u00e9 p\u0159edstavitele, kter\u00e9 pova\u017euje za zodpov\u011bdn\u00e9 za smrt b\u00fdval\u00e9ho velitele jednotek Kuds Isl\u00e1msk\u00fdch revolu\u010dn\u00edch gard, gener\u00e1lmajora\u00a0<\/span><strong><span>K\u00e1sema Solejm\u00e1n\u00edho<\/span><\/strong><span> , v lednu 2020. Zem\u0159el v d\u016fsledku americk\u00e9ho leteck\u00e9ho \u00fatoku pobl\u00ed\u017e leti\u0161t\u011b v Bagd\u00e1du.<\/span><\/p>\n<p><span>V noci 22. \u010dervna americk\u00e9 s\u00edly za\u00fato\u010dily na kl\u00ed\u010dov\u00e1 m\u00edsta \u00edr\u00e1nsk\u00e9ho jadern\u00e9ho programu ve Fordowu, Isfah\u00e1nu a Natanzu, mimo jin\u00e9 i bombami na ni\u010den\u00ed bunkr\u016f. Americk\u00fd prezident\u00a0<\/span><strong><span>Donald Trump<\/span><\/strong><span>\u00a0vysv\u011btlil \u00fadery jako pokus zastavit jadernou hrozbu, kterou p\u0159edstavuje hlavn\u00ed sv\u011btov\u00fd \u201esponzor terorismu\u201c.<\/span><\/p>\n<p><span>Podle den\u00edku The Wall Street Journal Washington prost\u0159ednictv\u00edm prost\u0159edn\u00edk\u016f sd\u011blil Teher\u00e1nu, \u017ee \u00fatoky na jeho jadern\u00e1 za\u0159\u00edzen\u00ed byly jednor\u00e1zov\u00fdm \u010dinem a nikoli za\u010d\u00e1tkem \u201ev\u00e1lky zam\u011b\u0159en\u00e9 na zm\u011bnu re\u017eimu\u201c.<\/span><\/p>\n<p><span>\u0160\u00e9f Pentagonu\u00a0<\/span><strong><span>Pete Hegseth<\/span><\/strong><span>\u00a0varoval Teher\u00e1n p\u0159ed \u00fatoky na americk\u00e9 jednotky na Bl\u00edzk\u00e9m v\u00fdchod\u011b a uk\u00e1zal vzkaz od Trumpa, v n\u011bm\u017e uvedl, \u017ee jak\u00e1koli \u00edr\u00e1nsk\u00e1 odveta proti USA \u201ebude setkan\u00e1 s mnohem v\u011bt\u0161\u00ed silou\u201c ne\u017e \u00fadery v noci 22. \u010dervna.<\/span><\/p>\n<p><span>\u00cdr\u00e1nsk\u00fd prezident\u00a0<\/span><strong><span>Mas\u00fad Peze\u0161kijan<\/span><\/strong><span>\u00a0sl\u00edbil, \u017ee Teher\u00e1n zareaguje na americk\u00e9 \u00fatoky \u201ep\u0159im\u011b\u0159en\u00fdm zp\u016fsobem\u201c.<\/span><\/p>\n<p><span>Americk\u00e9 ministerstvo zahrani\u010d\u00ed vydalo v t\u00e9to souvislosti varov\u00e1n\u00ed sv\u00fdm ob\u010dan\u016fm po cel\u00e9m sv\u011bt\u011b a doporu\u010duje jim, aby dbal na zv\u00fd\u0161enou opatrnost kv\u016fli mo\u017enosti \u201edemonstrac\u00ed proti ob\u010dan\u016fm a z\u00e1jm\u016fm USA v zahrani\u010d\u00ed\u201c.<\/span><\/p>\n<p><img decoding=\"async\" loading=\"lazy\" class=\"alignnone size-full wp-image-1185\" src=\"http:\/\/www.infokuryr.cz\/n\/wp-content\/uploads\/2021\/04\/kuryr-podpis.png\" alt=\"\" width=\"84\" height=\"24\" \/><\/p>\n<p>&nbsp;<\/p>\n","protected":false},"excerpt":{"rendered":"<p>Americk\u00fd prezident Donald Trump se v pond\u011bl\u00ed po d\u0159\u00edv\u011bj\u0161\u00edch \u00faderech na \u00cdr\u00e1n znovu sejde s&#8230;<\/p>\n","protected":false},"author":2,"featured_media":81996,"comment_status":"closed","ping_status":"closed","sticky":false,"template":"","format":"standard","meta":[],"categories":[7],"tags":[1408,2703,452,37],"_links":{"self":[{"href":"https:\/\/www.infokuryr.cz\/n\/wp-json\/wp\/v2\/posts\/81995"}],"collection":[{"href":"https:\/\/www.infokuryr.cz\/n\/wp-json\/wp\/v2\/posts"}],"about":[{"href":"https:\/\/www.infokuryr.cz\/n\/wp-json\/wp\/v2\/types\/post"}],"author":[{"embeddable":true,"href":"https:\/\/www.infokuryr.cz\/n\/wp-json\/wp\/v2\/users\/2"}],"replies":[{"embeddable":true,"href":"https:\/\/www.infokuryr.cz\/n\/wp-json\/wp\/v2\/comments?post=81995"}],"version-history":[{"count":1,"href":"https:\/\/www.infokuryr.cz\/n\/wp-json\/wp\/v2\/posts\/81995\/revisions"}],"predecessor-version":[{"id":81997,"href":"https:\/\/www.infokuryr.cz\/n\/wp-json\/wp\/v2\/posts\/81995\/revisions\/81997"}],"wp:featuredmedia":[{"embeddable":true,"href":"https:\/\/www.infokuryr.cz\/n\/wp-json\/wp\/v2\/media\/81996"}],"wp:attachment":[{"href":"https:\/\/www.infokuryr.cz\/n\/wp-json\/wp\/v2\/media?parent=81995"}],"wp:term":[{"taxonomy":"category","embeddable":true,"href":"https:\/\/www.infokuryr.cz\/n\/wp-json\/wp\/v2\/categories?post=81995"},{"taxonomy":"post_tag","embeddable":true,"href":"https:\/\/www.infokuryr.cz\/n\/wp-json\/wp\/v2\/tags?post=81995"}],"curies":[{"name":"wp","href":"https:\/\/api.w.org\/{rel}","templated":true}]}}