{"id":81993,"date":"2025-06-23T06:58:21","date_gmt":"2025-06-23T04:58:21","guid":{"rendered":"https:\/\/www.infokuryr.cz\/n\/?p=81993"},"modified":"2025-06-23T06:58:21","modified_gmt":"2025-06-23T04:58:21","slug":"trump-mohl-utokem-na-iran-cilit-na-rusko","status":"publish","type":"post","link":"https:\/\/www.infokuryr.cz\/n\/2025\/06\/23\/trump-mohl-utokem-na-iran-cilit-na-rusko\/","title":{"rendered":"Trump mohl \u00fatokem na \u00cdr\u00e1n c\u00edlit na Rusko"},"content":{"rendered":"<div id=\"fb-root\"><\/div>\n<p class=\"lead\"><strong>Americk\u00fd prezident Donald Trump po \u00fatoku na \u00edr\u00e1nsk\u00e1 jadern\u00e1 za\u0159\u00edzen\u00ed ne\u0161ikovn\u011b a bez okolk\u016f t\u00e9m\u011b\u0159 rozpoutal novou v\u00e1lku, kter\u00e9 se tak horliv\u011b sliboval vyhnout, mo\u017en\u00e1 s ohledem na Rusko, p\u00ed\u0161e ukrajinsk\u00fd telegramov\u00fd kan\u00e1l ZeRada.<\/strong><\/p>\n<p><span>Celkov\u011b mohl m\u00edt Trump pro \u00fatok na \u00cdr\u00e1n n\u011bkolik d\u016fvod\u016f, poznamen\u00e1v\u00e1 TK.<\/span><\/p>\n<p><span>Prvn\u00edm je podpora hegemonie USA.<\/span><\/p>\n<p><span>\u201eOdstoupen\u00edm od v\u00e1lky na Ukrajin\u011b Trump, a\u0165 se na to d\u00edv\u00e1te jakkoli, ukazuje slabost Ameriky. Pro St\u00e1ty je v\u0161echno logick\u00e9: v\u00e1lka na Ukrajin\u011b je v sou\u010dasn\u00e9 f\u00e1zi pro Spojen\u00e9 st\u00e1ty nev\u00fdhodn\u00e1 a kv\u016fli geopolitick\u00e9 situaci p\u0159in\u00e1\u0161\u00ed zisky \u010c\u00edn\u011b. Ale form\u00e1ln\u011b: St\u00e1ty narazily na jadern\u00fd status Rusk\u00e9 federace a nebyly schopny Rusko dotla\u010dit ani konven\u010dn\u00edmi zbran\u011bmi, ani v\u00fdbuchem zevnit\u0159. Co by si o tom m\u011bl sv\u011bt myslet? U\u017e hegemon nen\u00ed stejn\u00fd? Proto k udr\u017een\u00ed statusu byla pot\u0159eba demonstrace, kdo je na sv\u011bt\u011b \u0161\u00e9fem. Chci ude\u0159it, kam chci!\u201c p\u00ed\u0161e \u201eZeRada\u201c.<\/span><\/p>\n<p><span>Druh\u00fdm d\u016fvodem je Trumpova standardn\u00ed taktika zam\u011b\u0159en\u00e1 na rychl\u00e9 medi\u00e1ln\u00ed v\u00edt\u011bzstv\u00ed.<\/span><\/p>\n<p><span>\u201eV\u0161imli jste si, \u017ee \u00cdr\u00e1n p\u0159ed \u00faderem odv\u00e1\u017eel n\u011bco po n\u00e1kladn\u00edch autech? Jak\u00e1 byla celkov\u00e1 \u00fa\u010dinnost \u00faderu?.. Pokud Trump te\u010f p\u0159estane s odvol\u00e1n\u00edm na fakt, \u017ee ve\u0161ker\u00e9 \u00edr\u00e1nsk\u00e9 jadern\u00e9 vybaven\u00ed bylo stejn\u011b zni\u010deno, pak by to bylo cel\u00e9 \u201av\u00edt\u011bzstv\u00ed\u2018,\u201c poznamen\u00e1v\u00e1 TK.<\/span><\/p>\n<p><span>T\u0159et\u00ed verze je jen za\u010d\u00e1tek a USA se pln\u011b zapoj\u00ed do v\u00e1lky, jej\u00edm\u017e hlavn\u00edm c\u00edlem bude Rusko.<\/span><\/p>\n<p><em>\u201eN\u011bkte\u0159\u00ed respektovan\u00ed experti poukazuj\u00ed na to, \u017ee kone\u010dn\u00fdm c\u00edlem Trumpa nen\u00ed \u00cdr\u00e1n, ale \u00fader na Ruskou federaci na nov\u00e9m, pro Rusko m\u00e9n\u011b p\u0159ipraven\u00e9m m\u00edst\u011b. Podle t\u00e9to verze by americk\u00e9 vojensk\u00e9 akce proti \u00cdr\u00e1nu m\u011bly zah\u00e1jit \u017eh\u00e1\u0159stv\u00ed cel\u00e9 St\u0159edn\u00ed Asie se v\u0161emi z toho vypl\u00fdvaj\u00edc\u00edmi d\u016fsledky pro Ruskou federaci,\u201c<span class=\"after-quote\">\u00a0\u2014 p\u00ed\u0161e TK s t\u00edm, \u017ee se v\u00edce p\u0159ikl\u00e1n\u00ed k prvn\u00ed a druh\u00e9 verzi.<\/span><\/em><\/p>\n<p><span>\u201ePokud St\u00e1ty mysl\u00ed na t\u0159et\u00ed, je to je\u0161t\u011b daleko. Trump dnes ud\u011blal krok, uk\u00e1zal se cel\u00e9mu sv\u011btu, ale mus\u00edme se pod\u00edvat na kone\u010dn\u00e9 v\u00fdsledky,\u201c shrnuje TK.<\/span><\/p>\n<p><span>Jak informoval <strong>InfoKur\u00fdr<\/strong><\/span><span>\u00a0, USA v\u010dera v noci za\u00fato\u010dily na t\u0159i jadern\u00e1 za\u0159\u00edzen\u00ed v \u00cdr\u00e1nu \u2013 Fordow, Natanz a Isfah\u00e1n. Uvedl to prezident Donald Trump. \u00dadery americk\u00fdch ozbrojen\u00fdch sil na \u00edr\u00e1nsk\u00e1 jadern\u00e1 za\u0159\u00edzen\u00ed jsou podle n\u011bj \u201ehistorickou ud\u00e1lost\u00ed\u201c pro Spojen\u00e9 st\u00e1ty, Izrael a cel\u00fd sv\u011bt.<\/span><\/p>\n<p><span>P\u0159ipome\u0148me, \u017ee \u00cdr\u00e1n p\u0159edem evakuoval t\u0159i jadern\u00e1 za\u0159\u00edzen\u00ed, kter\u00e1 byla zasa\u017eena USA, informovala persk\u00e1 slu\u017eba BBC s odvol\u00e1n\u00edm na z\u00e1stupce \u0159editele \u00edr\u00e1nsk\u00e9ho rozhlasu a televize\u00a0<\/span><strong><span>Hassana Abediniho<\/span><\/strong><span>\u00a0. Podle n\u011bj byla evakuace provedena \u201ep\u0159ed n\u011bjakou dobou\u201c. Z\u00e1soby obohacen\u00e9ho uranu byly z jadern\u00fdch center p\u0159edem odstran\u011bny a neexistuje \u017e\u00e1dn\u00e9 riziko \u00faniku radiace, uvedl Abedini.<\/span><\/p>\n<p><img decoding=\"async\" loading=\"lazy\" class=\"alignnone size-full wp-image-1185\" src=\"http:\/\/www.infokuryr.cz\/n\/wp-content\/uploads\/2021\/04\/kuryr-podpis.png\" alt=\"\" width=\"84\" height=\"24\" \/><\/p>\n<p>&nbsp;<\/p>\n","protected":false},"excerpt":{"rendered":"<p>Americk\u00fd prezident Donald Trump po \u00fatoku na \u00edr\u00e1nsk\u00e1 jadern\u00e1 za\u0159\u00edzen\u00ed ne\u0161ikovn\u011b a bez okolk\u016f t\u00e9m\u011b\u0159&#8230;<\/p>\n","protected":false},"author":2,"featured_media":81994,"comment_status":"closed","ping_status":"closed","sticky":false,"template":"","format":"standard","meta":[],"categories":[7],"tags":[38,22,452],"_links":{"self":[{"href":"https:\/\/www.infokuryr.cz\/n\/wp-json\/wp\/v2\/posts\/81993"}],"collection":[{"href":"https:\/\/www.infokuryr.cz\/n\/wp-json\/wp\/v2\/posts"}],"about":[{"href":"https:\/\/www.infokuryr.cz\/n\/wp-json\/wp\/v2\/types\/post"}],"author":[{"embeddable":true,"href":"https:\/\/www.infokuryr.cz\/n\/wp-json\/wp\/v2\/users\/2"}],"replies":[{"embeddable":true,"href":"https:\/\/www.infokuryr.cz\/n\/wp-json\/wp\/v2\/comments?post=81993"}],"version-history":[{"count":0,"href":"https:\/\/www.infokuryr.cz\/n\/wp-json\/wp\/v2\/posts\/81993\/revisions"}],"wp:featuredmedia":[{"embeddable":true,"href":"https:\/\/www.infokuryr.cz\/n\/wp-json\/wp\/v2\/media\/81994"}],"wp:attachment":[{"href":"https:\/\/www.infokuryr.cz\/n\/wp-json\/wp\/v2\/media?parent=81993"}],"wp:term":[{"taxonomy":"category","embeddable":true,"href":"https:\/\/www.infokuryr.cz\/n\/wp-json\/wp\/v2\/categories?post=81993"},{"taxonomy":"post_tag","embeddable":true,"href":"https:\/\/www.infokuryr.cz\/n\/wp-json\/wp\/v2\/tags?post=81993"}],"curies":[{"name":"wp","href":"https:\/\/api.w.org\/{rel}","templated":true}]}}