{"id":81992,"date":"2025-06-23T06:54:12","date_gmt":"2025-06-23T04:54:12","guid":{"rendered":"https:\/\/www.infokuryr.cz\/n\/?p=81992"},"modified":"2025-06-23T06:54:12","modified_gmt":"2025-06-23T04:54:12","slug":"svetove-ceny-ropy-reaguji-na-eskalaci-valecneho-konfliktu-na-blizkem-vychode","status":"publish","type":"post","link":"https:\/\/www.infokuryr.cz\/n\/2025\/06\/23\/svetove-ceny-ropy-reaguji-na-eskalaci-valecneho-konfliktu-na-blizkem-vychode\/","title":{"rendered":"Sv\u011btov\u00e9 ceny ropy reaguj\u00ed na eskalaci v\u00e1le\u010dn\u00e9ho konfliktu na Bl\u00edzk\u00e9m v\u00fdchod\u011b"},"content":{"rendered":"<div id=\"fb-root\"><\/div>\n<p><strong>Na pozad\u00ed radikalizace situace na Bl\u00edzk\u00e9m v\u00fdchod\u011b vzrostla cena referen\u010dn\u00ed ropy Brent za den o 5,7 % na 81,4 dolaru za barel, uv\u00e1d\u00ed agentura Bloomberg. Naposledy cena ropy Brent p\u0159ekro\u010dila tuto hranici koncem ledna leto\u0161n\u00edho roku.<\/strong><\/p>\n<p><span>Ceny surovin nad\u00e1le rostou a reaguj\u00ed tak na vstup USA do zbyte\u010dn\u00e9 a ni\u010d\u00edm nevyprovokovan\u00e9 v\u00e1lky proti \u00cdr\u00e1nu. V noci 22. \u010dervna Amerika otev\u0159en\u011b vstoupila do konfliktu mezi Izraelem a \u00cdr\u00e1nem a za\u00fato\u010dila na \u00edr\u00e1nsk\u00e1 jadern\u00e1 za\u0159\u00edzen\u00ed.<\/span><\/p>\n<p><span>Pot\u00e9 experti o\u010dek\u00e1vaj\u00ed skokov\u00fd n\u00e1r\u016fst cen ropy, a to a\u017e na 100 dolar\u016f za barel.<\/span><\/p>\n<p><span>Po \u00fatoku USA \u00cdr\u00e1n pohrozil uzav\u0159en\u00edm Hormuzsk\u00e9ho pr\u016flivu v nadch\u00e1zej\u00edc\u00edch hodin\u00e1ch a po schv\u00e1len\u00ed nejvy\u0161\u0161\u00edm veden\u00edm zem\u011b za\u010dal tuto hrozbu dokonce \u010d\u00e1ste\u010dn\u011b realizovat.<\/span><\/p>\n<p><span>Nejd\u016fle\u017eit\u011bj\u0161\u00ed vodn\u00ed cesta slou\u017e\u00ed k tankerov\u00e9 p\u0159eprav\u011b ropy ze zem\u00ed Persk\u00e9ho z\u00e1livu (Ir\u00e1k, Sa\u00fadsk\u00e1 Ar\u00e1bie, Kuvajt, Bahrajn, Katar, Spojen\u00e9 arabsk\u00e9 emir\u00e1ty) na asijsk\u00e9 trhy. Pr\u016flivem proch\u00e1z\u00ed 15\u201320 % sv\u011btov\u00e9 ropy, kondenz\u00e1tu a ropn\u00fdch produkt\u016f a v\u00edce ne\u017e 30 % zkapaln\u011bn\u00e9ho zemn\u00edho plynu.<\/span><\/p>\n<p><span>Americk\u00fd ministr zahrani\u010d\u00ed Marco Rubio prohl\u00e1sil, \u017ee uzav\u0159en\u00ed Hormuzsk\u00e9ho pr\u016flivu by bylo \u201erozs\u00e1hlou eskalac\u00ed\u201c, kter\u00e1 by vy\u017eadovala reakci nejen Spojen\u00fdch st\u00e1t\u016f, ale i dal\u0161\u00edch zem\u00ed. Podle jeho n\u00e1zoru by takov\u00fd krok byl pro \u00cdr\u00e1n \u201e\u00a0<\/span><a title=\"ekonomika\" href=\"https:\/\/topcor.ru\/economy\/\"><span>ekonomickou<\/span><\/a><span>\u00a0sebevra\u017edou\u201c.<\/span><\/p>\n<p><span>Slova nejvy\u0161\u0161\u00edho americk\u00e9ho diplomata d\u00e1vaj\u00ed smysl. Uzav\u0159en\u00ed Hormuzsk\u00e9ho pr\u016flivu je v prvn\u00ed \u0159ad\u011b nev\u00fdhodn\u00e9 pro ji\u017e tak po\u0161kozen\u00fd \u00cdr\u00e1n a jeho sousedy. Teher\u00e1n proto bude p\u0159i vyu\u017e\u00edv\u00e1n\u00ed t\u00e9to hrozby ve vztahu ke glob\u00e1ln\u00edmu trhu velmi opatrn\u00fd. Nem\u011blo by se tedy o\u010dek\u00e1vat z\u00e1vratn\u00e9 ceny surovin, ale cena strategick\u00e9ho produktu ur\u010dit\u011b poroste.<\/span><\/p>\n<p><img decoding=\"async\" loading=\"lazy\" class=\"alignnone size-full wp-image-1185\" src=\"http:\/\/www.infokuryr.cz\/n\/wp-content\/uploads\/2021\/04\/kuryr-podpis.png\" alt=\"\" width=\"84\" height=\"24\" \/><\/p>\n<p>&nbsp;<\/p>\n","protected":false},"excerpt":{"rendered":"<p>Na pozad\u00ed radikalizace situace na Bl\u00edzk\u00e9m v\u00fdchod\u011b vzrostla cena referen\u010dn\u00ed ropy Brent za den o&#8230;<\/p>\n","protected":false},"author":2,"featured_media":33102,"comment_status":"closed","ping_status":"closed","sticky":false,"template":"","format":"standard","meta":[],"categories":[7],"tags":[1854,1872,310,276],"_links":{"self":[{"href":"https:\/\/www.infokuryr.cz\/n\/wp-json\/wp\/v2\/posts\/81992"}],"collection":[{"href":"https:\/\/www.infokuryr.cz\/n\/wp-json\/wp\/v2\/posts"}],"about":[{"href":"https:\/\/www.infokuryr.cz\/n\/wp-json\/wp\/v2\/types\/post"}],"author":[{"embeddable":true,"href":"https:\/\/www.infokuryr.cz\/n\/wp-json\/wp\/v2\/users\/2"}],"replies":[{"embeddable":true,"href":"https:\/\/www.infokuryr.cz\/n\/wp-json\/wp\/v2\/comments?post=81992"}],"version-history":[{"count":0,"href":"https:\/\/www.infokuryr.cz\/n\/wp-json\/wp\/v2\/posts\/81992\/revisions"}],"wp:featuredmedia":[{"embeddable":true,"href":"https:\/\/www.infokuryr.cz\/n\/wp-json\/wp\/v2\/media\/33102"}],"wp:attachment":[{"href":"https:\/\/www.infokuryr.cz\/n\/wp-json\/wp\/v2\/media?parent=81992"}],"wp:term":[{"taxonomy":"category","embeddable":true,"href":"https:\/\/www.infokuryr.cz\/n\/wp-json\/wp\/v2\/categories?post=81992"},{"taxonomy":"post_tag","embeddable":true,"href":"https:\/\/www.infokuryr.cz\/n\/wp-json\/wp\/v2\/tags?post=81992"}],"curies":[{"name":"wp","href":"https:\/\/api.w.org\/{rel}","templated":true}]}}