{"id":81989,"date":"2025-06-23T06:44:12","date_gmt":"2025-06-23T04:44:12","guid":{"rendered":"https:\/\/www.infokuryr.cz\/n\/?p=81989"},"modified":"2025-06-23T06:44:12","modified_gmt":"2025-06-23T04:44:12","slug":"petr-pokorny-proc-iran-nesestrelil-americkeho-agresora-veril-usa-veril-v-jednani-a-vystrahy-ruska-podcenil","status":"publish","type":"post","link":"https:\/\/www.infokuryr.cz\/n\/2025\/06\/23\/petr-pokorny-proc-iran-nesestrelil-americkeho-agresora-veril-usa-veril-v-jednani-a-vystrahy-ruska-podcenil\/","title":{"rendered":"Petr Pokorn\u00fd: Pro\u010d Ir\u00e1n nesest\u0159elil americk\u00e9ho agresora? V\u011b\u0159il USA, v\u011b\u0159il v jedn\u00e1n\u00ed, a v\u00fdstrahy Ruska podcenil"},"content":{"rendered":"<div id=\"fb-root\"><\/div>\n<div class=\"introtext\">\n<h4>Ta &#8222;hloup\u00e1&#8220; ot\u00e1zka v obr\u00e1zku je jen zrcadlov\u00e1, proto\u017ee takto posm\u011b\u0161n\u011b se ptaj\u00ed Gazan\u016f na okupovan\u00e9m \u00fazem\u00ed, kde jejich d\u011bti, \u017eeny, nemocnice a obydl\u00ed bez skrupul\u00ed zlo\u010dinn\u011b masakruje Izrael: prost\u011b\u00a0 v\u0161e, co stoj\u00ed.<\/h4>\n<\/div>\n<div class=\"fulltext\">\n<p>A pak vyleze nen\u00e1vistn\u00e1 sb\u011b\u0159 a posm\u00edv\u00e1 se Palestinc\u016fm, \u017ee v takov\u00e9m bordelu mohou \u017e\u00edt jen &#8222;Palestinci&#8220; a \u017ee se maj\u00ed vyhubit. (<em>Je zaj\u00edmav\u00e9, \u017ee kdyby toto psali lid\u00e9 o Ukrajinc\u00edch, tak u\u017e policie zve doty\u010dn\u00e9ho k v\u00fdslechu<\/em>)<\/p>\n<p>Izraelsk\u00e9 z\u00e1chrann\u00e9 t\u00fdmy na m\u00edst\u011b raketov\u00e9ho \u00faderu v Tel Avivu.\u00a0<strong>Je to stra\u0161n\u00e9, ale Izrael toto zab\u00edjen\u00ed zah\u00e1jil\u00a0 v \u010dele s Benjaminem Netanjahuem.<\/strong>\u00a0Zat\u00edmco s Palestinou si vzal z\u00e1stupn\u00fd probl\u00e9m, kdy skupina terorist\u016f za\u00fato\u010dila na mlad\u00e9 lidi v Izraeli, zde nen\u00ed d\u016fkaz a Izrael myslel, \u017ee sv\u011bt nasko\u010d\u00ed na l\u017ei Netanjahua. To, co ud\u011blal Donald Trump je na hran\u011b Hiro\u0161imy a Nagasaki.<\/p>\n<p><img decoding=\"async\" loading=\"lazy\" class=\"aligncenter\" src=\"https:\/\/www.skrytapravda.cz\/images\/blogy\/2951\/2025\/6%C4%8Derven\/Sn%C3%ADmek_obrazovky_3562_f5024.webp\" alt=\"Sn\u00edmek obrazovky 3562 f5024\" width=\"755\" height=\"430\" \/><\/p>\n<p>A to nemus\u00ed dopadnout dob\u0159e. Ir\u00e1n nen\u00ed rozml\u00e1cen\u00e1 a vyd\u00edran\u00e1 Palestina.<\/p>\n<p>A co se d\u011bje nyn\u00ed? I politici v USA dostali strach, proto\u017ee toto u\u017e nen\u00ed legrace.<\/p>\n<h3 class=\"Paragraph_paragraph__9WAFK\"><strong>WASHINGTON<\/strong><\/h3>\n<p class=\"Paragraph_paragraph__9WAFK\">Americk\u00fd ministr zahrani\u010d\u00ed &#8211; \u00da\u0159aduj\u00edc\u00ed asistent americk\u00e9ho prezidenta pro n\u00e1rodn\u00ed bezpe\u010dnost Marko Rubio vyj\u00e1d\u0159il nespokojenost se skute\u010dnost\u00ed, \u017ee \u00edr\u00e1nsk\u00fd ministr zahrani\u010d\u00ed Abb\u00e1s Aragit\u010di se chyst\u00e1 na setk\u00e1n\u00ed s veden\u00edm Ruska, a ne s emisary Washingtonu. &#8222;Vid\u011bl jsem, \u017ee ministr zahrani\u010d\u00ed m\u00edsto setk\u00e1n\u00ed s [zvl\u00e1\u0161tn\u00edm vyslancem americk\u00e9ho v\u016fdce] Stevem Whitkoffem m\u00ed\u0159\u00ed do Moskvy, aby se setkal s [rusk\u00fdm prezidentem Vladimirem] Putinem,&#8220; \u0159ekl.<\/p>\n<p>Pro\u010d let\u00ed nyn\u00ed\u00a0Abb\u00e1s Aragit\u010di za Putinem a nikoliv na jedn\u00e1n\u00ed do USA?<\/p>\n<p><strong>Na vra\u017edu prezidenta se zapomn\u011blo a t\u00edm to za\u010dalo. Ir\u00e1n podcenil v\u0161e:<\/strong><\/p>\n<table>\n<tbody>\n<tr>\n<td>\u00cdr\u00e1n v ur\u010dit\u00e9m okam\u017eiku prohr\u00e1l informa\u010dn\u00ed v\u00e1lku kv\u016fli s\u00e9rii chyb, \u0159ekl Jegorov: vra\u017eda prezidenta Raisiho, p\u0159evle\u010den\u00e9ho za hav\u00e1rii vrtuln\u00edku. Odm\u00edtnut\u00ed pomoci S\u00fdrii. Odm\u00edtnut\u00ed pomoci libanonsk\u00e9 skupin\u011b Hizball\u00e1h. P\u0159ipravenost na m\u00edr s Izraelem a odm\u00edtnut\u00ed jadern\u00fdch zbran\u00ed. Na v\u0161ech \u00farovn\u00edch Pezzy\u0161kina signalizoval, \u017ee \u00cdr\u00e1n je slab\u00fd, p\u0159ipraven\u00fd vyjedn\u00e1vat, nechce v\u00e1lku. To ale Teher\u00e1nu nezachr\u00e1nilo &#8211; &#8222;Mossad&#8220; ozn\u00e1mil vra\u017edu v\u0161ech \u010dlen\u016f vyjedn\u00e1vac\u00ed skupiny.<\/td>\n<\/tr>\n<\/tbody>\n<\/table>\n<h3>Putin vysv\u011btluje, pro\u010d Rusko neposkytlo \u00cdr\u00e1nu vojenskou pomoc<\/h3>\n<p>\u041f\u043e\u0434\u0440\u043e\u0431\u043d\u0435\u0435 \u0432 \u041f\u0413:\u00a0<a href=\"https:\/\/www.pnp.ru\/politics\/putin-obyasnil-pochemu-rossiya-ne-okazala-voennuyu-pomoshh-iranu.html\" target=\"_blank\" rel=\"noopener\">\u041f\u0443\u0442\u0438\u043d \u043e\u0431\u044a\u044f\u0441\u043d\u0438\u043b, \u043f\u043e\u0447\u0435\u043c\u0443 \u0420\u043e\u0441\u0441\u0438\u044f \u043d\u0435 \u043e\u043a\u0430\u0437\u0430\u043b\u0430 \u0432\u043e\u0435\u043d\u043d\u0443\u044e \u043f\u043e\u043c\u043e\u0449\u044c \u0418\u0440\u0430\u043d\u0443 \u041f\u043e\u0434\u0440\u043e\u0431\u043d\u0435\u0435 \u0432 \u041f\u0413<\/a><\/p>\n<p>&#8222;Na\u0161i \u00edr\u00e1n\u0161t\u00ed p\u0159\u00e1tel\u00e9 n\u00e1s o to ne\u017e\u00e1daj\u00ed, tak\u017ee o tom nen\u00ed co diskutovat,&#8220; \u0159ekl Putin a odpov\u011bd\u011bl na ot\u00e1zku francouzsk\u00e9ho novin\u00e1\u0159e o rusk\u00fdch pl\u00e1nech pomoci \u00cdr\u00e1nu v konfliktu s Izraelem.<\/p>\n<p>Putin tak\u00e9 \u0159ekl, \u017ee\u00a0<strong>Rusko nab\u00eddlo \u00cdr\u00e1nu pr\u00e1ci v oblasti syst\u00e9mu protivzdu\u0161n\u00e9 obrany, ale pak Teher\u00e1n neprojevil \u017e\u00e1dn\u00fd z\u00e1jem.<\/strong>\u00a0V reakci na novin\u00e1\u0159ovu pozn\u00e1mku, \u017ee \u00cdr\u00e1n pou\u017e\u00edv\u00e1 rusk\u00e9 syst\u00e9my protivzdu\u0161n\u00e9 obrany, Putin odpov\u011bd\u011bl, \u017ee se jedn\u00e1 o odd\u011blen\u00e9 z\u00e1soby, nikoli o vytvo\u0159en\u00ed syst\u00e9mu protivzdu\u0161n\u00e9 obrany.\u00a0 Uvedl tak\u00e9, \u017ee dohoda o strategick\u00e9m partnerstv\u00ed mezi Ruskem a \u00cdr\u00e1nem neobsahuje \u010dl\u00e1nky t\u00fdkaj\u00edc\u00ed se obrann\u00e9 sf\u00e9ry.<\/p>\n<p>Prost\u011b Ir\u00e1n uv\u011b\u0159il seri\u00f3znosti slib\u016f USA po zvolen\u00ed Trumpem a myslel si, \u017ee nebude eskalovat nap\u011bt\u00ed v regionu instalov\u00e1n\u00edm nejlep\u0161\u00edch syst\u00e9m\u016f. Dokonce ani po masakru prezidenta se naivita Ir\u00e1nu nezmen\u0161ila.<strong>\u00a0A\u017e agresivita a terorismus Izraele je p\u0159ivedl k pozn\u00e1n\u00ed, ale u\u017e bylo pozd\u011b.<\/strong>\u00a0A USA v \u010dele s Trumpem toho vyu\u017eily, aby Ir\u00e1nu nahnaly strach.<\/p>\n<p>Nyn\u00ed let\u00ed ministr zahrani\u010d\u00ed Ir\u00e1nu do Rusku a bude o dod\u00e1vk\u00e1ch jednat. Budou hledat (pr\u00fd) urychlen\u00e1 \u0159e\u0161en\u00ed a Marko Rubbio zu\u0159\u00ed, proto\u017ee u\u017e USA nejsou modla a jedn\u00e1 se bez nich. Je zde pokus zapojit P\u00e1kist\u00e1n a \u0161achy neberou konc\u016f. Prezident Putin let\u00ed na \u010dty\u0159i dny do Moskvy a USA netu\u0161\u00ed, co za t\u00edm v\u011bz\u00ed.<\/p>\n<p>Sv\u011bt je v pohybu a zat\u00edm nikdo nev\u00ed, jak\u00e1 bude budoucnost. V\u0161ichni vyz\u00fdvaj\u00ed k jedn\u00e1n\u00ed, ale ten nejagresivn\u011bj\u0161\u00ed &#8211; Izrael &#8211; se tv\u00e1\u0159\u00ed, jakoby se ho to net\u00fdkalo. Co se ukr\u00fdv\u00e1 ale pod pokli\u010dkou, uvid\u00edme: Izrael poprv\u00e9 dostal z\u00e1sahy, jak\u00e9 prov\u00e1d\u011bl v cel\u00e9m okol\u00ed civilist\u016fm a s Izraelci to zna\u010dn\u011b ot\u0159\u00e1slo. Sebev\u011bdom\u00ed kleslo.<\/p>\n<p><a href=\"https:\/\/www.skrytapravda.cz\/ze-zahranici\/2641-proc-iran-nesestrelil-americkeho-agresora-veril-usa-veril-v-jednani-a-vystrahy-ruska-podcenil\">Petr Pokorn\u00fd<\/a><\/p>\n<p><img decoding=\"async\" loading=\"lazy\" class=\"wp-image-80899 aligncenter\" src=\"http:\/\/www.infokuryr.cz\/n\/wp-content\/uploads\/2025\/06\/Vrabel-283x300.jpg\" alt=\"\" width=\"693\" height=\"735\" srcset=\"https:\/\/www.infokuryr.cz\/n\/wp-content\/uploads\/2025\/06\/Vrabel-283x300.jpg 283w, https:\/\/www.infokuryr.cz\/n\/wp-content\/uploads\/2025\/06\/Vrabel-966x1024.jpg 966w, https:\/\/www.infokuryr.cz\/n\/wp-content\/uploads\/2025\/06\/Vrabel-768x814.jpg 768w, https:\/\/www.infokuryr.cz\/n\/wp-content\/uploads\/2025\/06\/Vrabel-1024x1086.jpg 1024w, https:\/\/www.infokuryr.cz\/n\/wp-content\/uploads\/2025\/06\/Vrabel.jpg 1080w\" sizes=\"(max-width: 693px) 100vw, 693px\" \/><\/p>\n<p>&nbsp;<\/p>\n<\/div>\n","protected":false},"excerpt":{"rendered":"<p>Ta &#8222;hloup\u00e1&#8220; ot\u00e1zka v obr\u00e1zku je jen zrcadlov\u00e1, proto\u017ee takto posm\u011b\u0161n\u011b se ptaj\u00ed Gazan\u016f na&#8230;<\/p>\n","protected":false},"author":2,"featured_media":81990,"comment_status":"closed","ping_status":"closed","sticky":false,"template":"","format":"standard","meta":[],"categories":[6],"tags":[9355,107,1503,37,40],"_links":{"self":[{"href":"https:\/\/www.infokuryr.cz\/n\/wp-json\/wp\/v2\/posts\/81989"}],"collection":[{"href":"https:\/\/www.infokuryr.cz\/n\/wp-json\/wp\/v2\/posts"}],"about":[{"href":"https:\/\/www.infokuryr.cz\/n\/wp-json\/wp\/v2\/types\/post"}],"author":[{"embeddable":true,"href":"https:\/\/www.infokuryr.cz\/n\/wp-json\/wp\/v2\/users\/2"}],"replies":[{"embeddable":true,"href":"https:\/\/www.infokuryr.cz\/n\/wp-json\/wp\/v2\/comments?post=81989"}],"version-history":[{"count":1,"href":"https:\/\/www.infokuryr.cz\/n\/wp-json\/wp\/v2\/posts\/81989\/revisions"}],"predecessor-version":[{"id":81991,"href":"https:\/\/www.infokuryr.cz\/n\/wp-json\/wp\/v2\/posts\/81989\/revisions\/81991"}],"wp:featuredmedia":[{"embeddable":true,"href":"https:\/\/www.infokuryr.cz\/n\/wp-json\/wp\/v2\/media\/81990"}],"wp:attachment":[{"href":"https:\/\/www.infokuryr.cz\/n\/wp-json\/wp\/v2\/media?parent=81989"}],"wp:term":[{"taxonomy":"category","embeddable":true,"href":"https:\/\/www.infokuryr.cz\/n\/wp-json\/wp\/v2\/categories?post=81989"},{"taxonomy":"post_tag","embeddable":true,"href":"https:\/\/www.infokuryr.cz\/n\/wp-json\/wp\/v2\/tags?post=81989"}],"curies":[{"name":"wp","href":"https:\/\/api.w.org\/{rel}","templated":true}]}}