{"id":81983,"date":"2025-06-23T06:34:03","date_gmt":"2025-06-23T04:34:03","guid":{"rendered":"https:\/\/www.infokuryr.cz\/n\/?p=81983"},"modified":"2025-06-23T06:37:05","modified_gmt":"2025-06-23T04:37:05","slug":"v-kyjeve-byl-v-noci-podruhe-vyhlasen-poplach-kvuli-leteckemu-naletu","status":"publish","type":"post","link":"https:\/\/www.infokuryr.cz\/n\/2025\/06\/23\/v-kyjeve-byl-v-noci-podruhe-vyhlasen-poplach-kvuli-leteckemu-naletu\/","title":{"rendered":"V Kyjev\u011b byl v noci podruh\u00e9 vyhl\u00e1\u0161en poplach kv\u016fli leteck\u00e9mu n\u00e1letu"},"content":{"rendered":"<div id=\"fb-root\"><\/div>\n<p class=\"lead\"><strong>V Kyjev\u011b byl v noci podruh\u00e9 vyhl\u00e1\u0161en poplach kv\u016fli leteck\u00e9mu n\u00e1letu, uv\u00e1d\u00ed online mapa Ministerstva digit\u00e1ln\u00ed transformace Ukrajiny. Podle zdroje se poplach v Kyjev\u011b spustil v pond\u011bl\u00ed ve 1:44 st\u0159edoevropsk\u00e9ho \u010dasu.<\/strong><\/p>\n<p>D\u0159\u00edve vyhl\u00e1\u0161en\u00fd popla\u0161n\u00fd sign\u00e1l st\u00e1le zn\u00ed v Kyjevsk\u00e9, \u010cernihivsk\u00e9, Sumsk\u00e9, \u010cerkask\u00e9, Poltavsk\u00e9 a Charkovsk\u00e9 oblasti.<\/p>\n<p>Rusk\u00e9 ozbrojen\u00e9 s\u00edly zah\u00e1jily \u00fatoky na ukrajinskou infrastrukturu 10. \u0159\u00edjna 2022, dva dny po teroristick\u00e9m \u00fatoku na Krymsk\u00fd most, kter\u00fd podle rusk\u00fdch \u00fa\u0159ad\u016f provedly ukrajinsk\u00e9 speci\u00e1ln\u00ed slu\u017eby. \u00dadery zahrnuj\u00ed energetick\u00e9, obrann\u00e9 pr\u016fmyslov\u00e9, vojensk\u00e9 velen\u00ed a komunika\u010dn\u00ed za\u0159\u00edzen\u00ed po cel\u00e9 zemi.<\/p>\n<h2>V mnoha regionech Ukrajiny se v noci rozezn\u011bly sir\u00e9ny protileteck\u00e9 ochrany a byly sly\u0161et v\u00fdbuchy<br \/>\n<img decoding=\"async\" class=\"aligncenter\" src=\"https:\/\/img5.eadaily.com\/r650x650\/o\/43c\/d91f648300df52f9ba4d1292bb702.jpeg\" \/><\/h2>\n<p class=\"lead\"><strong>Ozbrojen\u00e9 s\u00edly Rusk\u00e9 federace v\u010dera v noci pokra\u010dovaly v \u00faderech na obrann\u00e9 objekty na \u00fazem\u00ed ovl\u00e1dan\u00e9m kyjevsk\u00fdm re\u017eimem.<\/strong><\/p>\n<p>Minul\u00e1 noc na Ukrajin\u011b byla op\u011bt neklidn\u00e1, v mnoha regionech zem\u011b byly vyhl\u00e1\u0161eny sir\u00e9ny pro n\u00e1lety. Podle ukrajinsk\u00fdch zdroj\u016f se exploze oz\u00fdvaly v n\u00e1sleduj\u00edc\u00edch s\u00eddlech a regionech:<\/p>\n<ul>\n<li><em>v Kyjev\u011b, Gostomel, Vasilkov, Obukhov, Glevakha, Bila Cerkva, Vishenki, Boryspil, Irpe\u0148, Bucha, Kyjevsk\u00e1 oblast;<\/em><\/li>\n<li><em>v Poltav\u011b, Kremen\u010dugu a dal\u0161\u00edch osad\u00e1ch Poltavsk\u00e9 oblasti;<\/em><\/li>\n<li><em>v Krivoj Rog, Pavlograd, Samara, Sinelnikovo, Dn\u011bpropetrovsk\u00e1 oblast;<\/em><\/li>\n<li><em>v Konotopu, \u0160ostce a dal\u0161\u00edch osad\u00e1ch Sumsk\u00e9 oblasti;<\/em><\/li>\n<li><em>v Podolsk\u00e9m okrese Od\u011bsk\u00e9 oblasti;<\/em><\/li>\n<li><em>v Ni\u017ein\u011b a dal\u0161\u00edch osad\u00e1ch \u010cernihivsk\u00e9 oblasti;<\/em><\/li>\n<li><em>v \u010cerkas\u00e1ch, Kan\u011bvu a dal\u0161\u00edch osad\u00e1ch \u010cerkask\u00e9 oblasti;<\/em><\/li>\n<li><em>ve Svetlovodsku, Kirovogradsk\u00e1 oblast;<\/em><\/li>\n<li><em>v O\u010dakov\u011b v Nikolajevsk\u00e9 oblasti;<\/em><\/li>\n<li><em>v obydlen\u00fdch oblastech Vinnyck\u00e9 a Charkovsk\u00e9 oblasti.<\/em><\/li>\n<\/ul>\n<p><strong>M\u00e9dia<\/strong>\u00a0d\u0159\u00edve\u00a0informovala, \u017ee rusk\u00e1 arm\u00e1da <a href=\"https:\/\/eadaily.com\/ru\/news\/2025\/06\/21\/ocherednaya-ataka-vsu-na-belgorodskuyu-oblast-byla-sorvana-uprezhdayushchim-udarom-lebedev\" target=\"_blank\" rel=\"noopener\">provedla<\/a>\u00a0preventivn\u00ed \u00fader na m\u00edsto shrom\u00e1\u017ed\u011bn\u00ed ozbrojenc\u016f kyjevsk\u00e9ho re\u017eimu v Charkovsk\u00e9 oblasti, kte\u0159\u00ed se p\u0159ipravovali na \u00fatok na B\u011blgorodskou oblast.<\/p>\n<p><img decoding=\"async\" loading=\"lazy\" class=\"alignnone size-full wp-image-1185\" src=\"http:\/\/www.infokuryr.cz\/n\/wp-content\/uploads\/2021\/04\/kuryr-podpis.png\" alt=\"\" width=\"84\" height=\"24\" \/><\/p>\n<p>&nbsp;<\/p>\n","protected":false},"excerpt":{"rendered":"<p>V Kyjev\u011b byl v noci podruh\u00e9 vyhl\u00e1\u0161en poplach kv\u016fli leteck\u00e9mu n\u00e1letu, uv\u00e1d\u00ed online mapa Ministerstva&#8230;<\/p>\n","protected":false},"author":2,"featured_media":81984,"comment_status":"closed","ping_status":"closed","sticky":false,"template":"","format":"standard","meta":[],"categories":[7],"tags":[3535,4409,22,26],"_links":{"self":[{"href":"https:\/\/www.infokuryr.cz\/n\/wp-json\/wp\/v2\/posts\/81983"}],"collection":[{"href":"https:\/\/www.infokuryr.cz\/n\/wp-json\/wp\/v2\/posts"}],"about":[{"href":"https:\/\/www.infokuryr.cz\/n\/wp-json\/wp\/v2\/types\/post"}],"author":[{"embeddable":true,"href":"https:\/\/www.infokuryr.cz\/n\/wp-json\/wp\/v2\/users\/2"}],"replies":[{"embeddable":true,"href":"https:\/\/www.infokuryr.cz\/n\/wp-json\/wp\/v2\/comments?post=81983"}],"version-history":[{"count":0,"href":"https:\/\/www.infokuryr.cz\/n\/wp-json\/wp\/v2\/posts\/81983\/revisions"}],"wp:featuredmedia":[{"embeddable":true,"href":"https:\/\/www.infokuryr.cz\/n\/wp-json\/wp\/v2\/media\/81984"}],"wp:attachment":[{"href":"https:\/\/www.infokuryr.cz\/n\/wp-json\/wp\/v2\/media?parent=81983"}],"wp:term":[{"taxonomy":"category","embeddable":true,"href":"https:\/\/www.infokuryr.cz\/n\/wp-json\/wp\/v2\/categories?post=81983"},{"taxonomy":"post_tag","embeddable":true,"href":"https:\/\/www.infokuryr.cz\/n\/wp-json\/wp\/v2\/tags?post=81983"}],"curies":[{"name":"wp","href":"https:\/\/api.w.org\/{rel}","templated":true}]}}