{"id":81974,"date":"2025-06-23T06:12:39","date_gmt":"2025-06-23T04:12:39","guid":{"rendered":"https:\/\/www.infokuryr.cz\/n\/?p=81974"},"modified":"2025-06-23T06:12:39","modified_gmt":"2025-06-23T04:12:39","slug":"moskva-kritizuje-americkou-verzi-triku-s-irackymi-zbranemi-hromadneho-niceni","status":"publish","type":"post","link":"https:\/\/www.infokuryr.cz\/n\/2025\/06\/23\/moskva-kritizuje-americkou-verzi-triku-s-irackymi-zbranemi-hromadneho-niceni\/","title":{"rendered":"Moskva kritizuje americkou verzi triku s \u201eir\u00e1ck\u00fdmi zbran\u011bmi hromadn\u00e9ho ni\u010den\u00ed\u201c"},"content":{"rendered":"<div id=\"fb-root\"><\/div>\n<h3>Rusk\u00fd velvyslanec v Rad\u011b bezpe\u010dnosti OSN prohl\u00e1sil, \u017ee \u00fatoky na \u00cdr\u00e1n Washington \u201eotev\u0159el Pando\u0159inu sk\u0159\u00ed\u0148ku\u201c<\/h3>\n<p data-start=\"158\" data-end=\"355\"><span>Rusko ost\u0159e odsoudilo Spojen\u00e9 st\u00e1ty za jejich leteck\u00e9 \u00fatoky na \u00edr\u00e1nsk\u00e1 jadern\u00e1 za\u0159\u00edzen\u00ed a ozna\u010dilo je za\u00a0<\/span><em><span>\u201enezodpov\u011bdn\u00e9, provokativn\u00ed a nebezpe\u010dn\u00e9\u201c<\/span><\/em><span>\u00a0a varovalo, \u017ee riskuj\u00ed, \u017ee Bl\u00edzk\u00fd v\u00fdchod zas\u00e1hnou rozs\u00e1hlou v\u00e1lku s potenci\u00e1ln\u011b katastrof\u00e1ln\u00edmi jadern\u00fdmi d\u016fsledky.<\/span><\/p>\n<p data-start=\"158\" data-end=\"355\"><span>Rusk\u00fd velvyslanec Vasilij N\u011bbenzja v ned\u011bli na mimo\u0159\u00e1dn\u00e9m zased\u00e1n\u00ed Rady bezpe\u010dnosti OSN obvinil Washington z poru\u0161en\u00ed Charty OSN, mezin\u00e1rodn\u00edho pr\u00e1va a Smlouvy o ne\u0161\u00ed\u0159en\u00ed jadern\u00fdch zbran\u00ed (NPT).<\/span><\/p>\n<p data-start=\"878\" data-end=\"1149\"><em><span>\u201eSpojen\u00e9 st\u00e1ty otev\u0159ely Pando\u0159inu sk\u0159\u00ed\u0148ku a nikdo nev\u00ed, jak\u00e9 mohou n\u00e1sledovat d\u016fsledky,\u201c<\/span><\/em><span>\u00a0\u0159ekl Nebenzja a poznamenal, \u017ee \u00fatoky na jadern\u00e1 za\u0159\u00edzen\u00ed pod dohledem MAAE Washington\u00a0<\/span><em><span>\u201eop\u011bt prok\u00e1zal naprostou ne\u00factu k postoji mezin\u00e1rodn\u00edho spole\u010denstv\u00ed\u201c.<\/span><\/em><\/p>\n<p data-start=\"1151\" data-end=\"1441\"><span>Nebenzja provedl ostr\u00e9 srovn\u00e1n\u00ed s obdob\u00edm p\u0159ed v\u00e1lkou v Ir\u00e1ku v roce 2003, kdy tehdej\u0161\u00ed americk\u00fd ministr zahrani\u010d\u00ed Colin Powell p\u0159edlo\u017eil fale\u0161n\u00e9 d\u016fkazy, aby\u00a0<\/span><em><span>\u201eospravedlnil invazi do jin\u00e9ho suver\u00e9nn\u00edho st\u00e1tu, jen aby jeho obyvatele na cel\u00e1 desetilet\u00ed uvrhl do chaosu a nena\u0161el \u017e\u00e1dn\u00e9 zbran\u011b hromadn\u00e9ho ni\u010den\u00ed\u201c.<\/span><\/em><\/p>\n<p data-start=\"1443\" data-end=\"1693\"><em><span>\u201eMnoz\u00ed dnes c\u00edt\u00ed siln\u00fd pocit d\u00e9j\u00e0 vu,\u201c<\/span><\/em><span>\u00a0\u0159ekl.\u00a0<\/span><em><span>\u201eSou\u010dasn\u00e1 situace se v podstat\u011b neli\u0161\u00ed: op\u011bt jsme nab\u00e1d\u00e1ni k v\u00ed\u0159e v poh\u00e1dky, abychom znovu zp\u016fsobili utrpen\u00ed milion\u016fm lid\u00ed \u017eij\u00edc\u00edch na Bl\u00edzk\u00e9m v\u00fdchod\u011b.\u201c<\/span><\/em><\/p>\n<p data-start=\"1695\" data-end=\"2057\"><span>Rusko argumentovalo, \u017ee nebylo prok\u00e1z\u00e1no, \u017ee by Teher\u00e1n usiloval o jadernou zbra\u0148, co\u017e zopakovalo d\u0159\u00edv\u011bj\u0161\u00ed hodnocen\u00ed americk\u00fdch zpravodajsk\u00fdch slu\u017eeb, kter\u00e1 prezident Donald Trump odm\u00edtl jako\u00a0<\/span><em><span>\u201enespr\u00e1vn\u00e1\u201c.<\/span><\/em><span>\u00a0Nebenzja obvinil Washington z vym\u00fd\u0161len\u00ed narativu, kter\u00fd ospravedl\u0148uje pou\u017eit\u00ed s\u00edly, a z podkop\u00e1v\u00e1n\u00ed desetilet\u00ed trvaj\u00edc\u00edho diplomatick\u00e9ho r\u00e1mce vybudovan\u00e9ho kolem \u00edr\u00e1nsk\u00e9ho m\u00edrov\u00e9ho jadern\u00e9ho programu.<\/span><\/p>\n<p data-start=\"2059\" data-end=\"2327\"><span>Rusk\u00fd vyslanec tak\u00e9 kritizoval to, co ozna\u010dil za pokrytectv\u00ed z\u00e1padn\u00edch zem\u00ed, kter\u00e9 v t\u00e9\u017ee komo\u0159e Rady bezpe\u010dnosti OSN ji\u017e n\u011bkolik dn\u00ed vyz\u00fdvaly k\u00a0<\/span><em><span>\u201ezdr\u017eenlivosti\u201c<\/span><\/em><span>\u00a0, ale neodsoudily Washington za to, \u017ee se p\u0159ipojil k izraelsk\u00fdm \u00fader\u016fm \u2013 a dokonce z eskalace obvinily \u00cdr\u00e1n.<\/span><\/p>\n<p data-start=\"2329\" data-end=\"2645\"><em><span>\u201eJsme sv\u011bdky ohromuj\u00edc\u00edho p\u0159\u00edkladu dvoj\u00edho metru,\u201c<\/span><\/em><span>\u00a0\u0159ekl.\u00a0<\/span><em><span>\u201e\u00cdr\u00e1n byl a z\u016fst\u00e1v\u00e1 jedn\u00edm z nejd\u016fkladn\u011bji kontrolovan\u00fdch st\u00e1t\u016f v r\u00e1mci Smlouvy o ne\u0161\u00ed\u0159en\u00ed jadern\u00fdch zbran\u00ed, ale m\u00edsto toho, aby takov\u00fd p\u0159\u00edstup podporoval, je bombardov\u00e1n sv\u00fdm \u00fazem\u00edm a civilisty st\u00e1tem, kter\u00fd v z\u00e1sad\u011b odm\u00edt\u00e1 Smlouvu o ne\u0161\u00ed\u0159en\u00ed jadern\u00fdch zbran\u00ed podepsat.\u201c<\/span><\/em><\/p>\n<p data-start=\"2647\" data-end=\"2852\"><span>Nebenzja varoval, \u017ee americk\u00e9 \u00fadery podkop\u00e1vaj\u00ed autoritu MAAE a glob\u00e1ln\u00edho re\u017eimu ne\u0161\u00ed\u0159en\u00ed jadern\u00fdch zbran\u00ed a \u017ee pokra\u010duj\u00edc\u00ed eskalace by mohla sv\u011bt vr\u00e1tit do \u00e9ry nekontrolovan\u00e9ho jadern\u00e9ho rizika.<\/span><\/p>\n<p data-start=\"2854\" data-end=\"3060\"><em><span>\u201eToto je nehor\u00e1zn\u00e1 a cynick\u00e1 situace a je velmi zvl\u00e1\u0161tn\u00ed, \u017ee gener\u00e1ln\u00ed \u0159editel MAAE o n\u00ed ne\u0159ekl ani slovo. Nikdy ani nevyzval Izrael k p\u0159ipojen\u00ed se k NPT,\u201c<\/span><\/em><span>\u00a0dodal Nebenzja.<\/span><\/p>\n<p data-start=\"3062\" data-end=\"3281\"><span>Rusko \u2013 spolu s \u010c\u00ednou a P\u00e1kist\u00e1nem \u2013 p\u0159edlo\u017eilo n\u00e1vrh rezoluce Rady bezpe\u010dnosti OSN, v n\u00ed\u017e po\u017eaduje okam\u017eit\u00e9 a bezpodm\u00edne\u010dn\u00e9 p\u0159\u00edm\u011b\u0159\u00ed a n\u00e1vrat k diplomatick\u00fdm rozhovor\u016fm o \u00edr\u00e1nsk\u00e9m jadern\u00e9m programu a vyzvalo k nal\u00e9hav\u00fdm krok\u016fm.<\/span><\/p>\n<p data-start=\"3062\" data-end=\"3281\"><img decoding=\"async\" loading=\"lazy\" class=\"alignnone size-full wp-image-1185\" src=\"http:\/\/www.infokuryr.cz\/n\/wp-content\/uploads\/2021\/04\/kuryr-podpis.png\" alt=\"\" width=\"84\" height=\"24\" \/><\/p>\n<p data-start=\"3062\" data-end=\"3281\">\n","protected":false},"excerpt":{"rendered":"<p>Rusk\u00fd velvyslanec v Rad\u011b bezpe\u010dnosti OSN prohl\u00e1sil, \u017ee \u00fatoky na \u00cdr\u00e1n Washington \u201eotev\u0159el Pando\u0159inu sk\u0159\u00ed\u0148ku\u201c&#8230;<\/p>\n","protected":false},"author":2,"featured_media":81975,"comment_status":"closed","ping_status":"closed","sticky":false,"template":"","format":"standard","meta":[],"categories":[7],"tags":[186,1408,22,37,723],"_links":{"self":[{"href":"https:\/\/www.infokuryr.cz\/n\/wp-json\/wp\/v2\/posts\/81974"}],"collection":[{"href":"https:\/\/www.infokuryr.cz\/n\/wp-json\/wp\/v2\/posts"}],"about":[{"href":"https:\/\/www.infokuryr.cz\/n\/wp-json\/wp\/v2\/types\/post"}],"author":[{"embeddable":true,"href":"https:\/\/www.infokuryr.cz\/n\/wp-json\/wp\/v2\/users\/2"}],"replies":[{"embeddable":true,"href":"https:\/\/www.infokuryr.cz\/n\/wp-json\/wp\/v2\/comments?post=81974"}],"version-history":[{"count":0,"href":"https:\/\/www.infokuryr.cz\/n\/wp-json\/wp\/v2\/posts\/81974\/revisions"}],"wp:featuredmedia":[{"embeddable":true,"href":"https:\/\/www.infokuryr.cz\/n\/wp-json\/wp\/v2\/media\/81975"}],"wp:attachment":[{"href":"https:\/\/www.infokuryr.cz\/n\/wp-json\/wp\/v2\/media?parent=81974"}],"wp:term":[{"taxonomy":"category","embeddable":true,"href":"https:\/\/www.infokuryr.cz\/n\/wp-json\/wp\/v2\/categories?post=81974"},{"taxonomy":"post_tag","embeddable":true,"href":"https:\/\/www.infokuryr.cz\/n\/wp-json\/wp\/v2\/tags?post=81974"}],"curies":[{"name":"wp","href":"https:\/\/api.w.org\/{rel}","templated":true}]}}