{"id":81971,"date":"2025-06-23T05:52:16","date_gmt":"2025-06-23T03:52:16","guid":{"rendered":"https:\/\/www.infokuryr.cz\/n\/?p=81971"},"modified":"2025-06-23T05:52:16","modified_gmt":"2025-06-23T03:52:16","slug":"zelenskyj-znovu-vyhrozuje-rusku","status":"publish","type":"post","link":"https:\/\/www.infokuryr.cz\/n\/2025\/06\/23\/zelenskyj-znovu-vyhrozuje-rusku\/","title":{"rendered":"Zelenskyj znovu vyhro\u017euje Rusku"},"content":{"rendered":"<div id=\"fb-root\"><\/div>\n<h3>Ukrajinsk\u00fd v\u016fdce sl\u00edbil, \u017ee nov\u00fdmi \u00fadery \u201esn\u00ed\u017e\u00ed\u201c vojensk\u00fd potenci\u00e1l Moskvy, co\u017e zopakoval i jeho n\u00e1\u010deln\u00edk arm\u00e1dy<\/h3>\n<p><span>Ukrajinsk\u00fd prezident Vladimir Zelenskyj nazna\u010dil, \u017ee kyjevsk\u00e9 s\u00edly provedou v\u00edce \u00fader\u016f na dlouhou vzd\u00e1lenost zam\u011b\u0159en\u00fdch na objekty hluboko na rusk\u00e9m \u00fazem\u00ed.<\/span><\/p>\n<p><span>Ukrajina v posledn\u00edch t\u00fddnech v\u00fdrazn\u011b eskalovala \u00fatoky dron\u016f hluboko v Rusku, a to navzdory prob\u00edhaj\u00edc\u00edmu diplomatick\u00e9mu \u00fasil\u00ed o ukon\u010den\u00ed konfliktu. Rusk\u00fd ministr zahrani\u010d\u00ed Sergej Lavrov ozna\u010dil tyto akce za pokus o naru\u0161en\u00ed m\u00edrov\u00e9ho procesu.<\/span><\/p>\n<p><span>Zelenskyj v ned\u011bli na sv\u00e9m telegramov\u00e9m kan\u00e1lu napsal, \u017ee se setkal s \u0161\u00e9fem ukrajinsk\u00e9 vojensk\u00e9 rozv\u011bdky Kirillem Budanovem a prohl\u00e1sil, \u017ee Kyjev sleduje rusk\u00e9\u00a0<\/span><em><span>\u201ehlavn\u00ed problematick\u00e9 body\u201c.<\/span><\/em><span>\u00a0Sl\u00edbil, \u017ee\u00a0<\/span><em><span>\u201ezasad\u00ed vhodn\u00e9 \u00fadery\u201c<\/span><\/em><span>\u00a0s c\u00edlem\u00a0<\/span><em><span>\u201ev\u00fdznamn\u011b sn\u00ed\u017eit\u201c<\/span><\/em><span>\u00a0vojensk\u00fd potenci\u00e1l Moskvy.<\/span><\/p>\n<p><span>Zelenskyj tak\u00e9 uvedl, \u017ee Kyjev sd\u00edl\u00ed sv\u00e9 zpravodajsk\u00e9 informace o Rusku se sv\u00fdmi z\u00e1padn\u00edmi podporovateli, s nimi\u017e\u00a0<\/span><em><span>\u201ep\u0159ipravuje spole\u010dn\u00e1 obrann\u00e1 \u0159e\u0161en\u00ed\u201c.<\/span><\/em><\/p>\n<p><span>V ned\u011bli v rozhovoru s novin\u00e1\u0159i podobn\u011b prohl\u00e1sil i vrchn\u00ed velitel ukrajinsk\u00fdch ozbrojen\u00fdch sil Alexandr Syrsky, \u017ee Kyjev\u00a0<\/span><em><span>\u201ezv\u00fd\u0161\u00ed rozsah a hloubku\u201c<\/span><\/em><span>\u00a0sv\u00fdch \u00fader\u016f na rusk\u00e9 vojensk\u00e9 objekty hluboko uvnit\u0159 zem\u011b.<\/span><\/p>\n<p><span>1. \u010dervna provedla ukrajinsk\u00e1 rozv\u011bdka koordinovan\u00fd \u00fatok na n\u011bkolik rusk\u00fdch leteck\u00fdch z\u00e1kladen v p\u011bti regionech, od Murmansku v Arktid\u011b po Irkutsk na Sibi\u0159i.<\/span><\/p>\n<p><span>Ukrajinsk\u00e1 m\u00e9dia pozd\u011bji informovala, \u017ee operace s kryc\u00edm n\u00e1zvem \u201ePavu\u010dina\u201c zahrnovala des\u00edtky kamikadze dron\u016f s pohledem z prvn\u00ed osoby (PFV). Alespo\u0148 n\u011bkter\u00e9 z nich byly \u00fadajn\u011b odp\u00e1leny v t\u011bsn\u00e9 bl\u00edzkosti c\u00edl\u016f z n\u00e1kladn\u00edch vozidel, kter\u00e9 byly tajn\u011b dovezeny do Ruska.<\/span><\/p>\n<p><span>\u00dadery byly \u00fadajn\u011b p\u0159ipravov\u00e1ny v\u00edce ne\u017e rok a p\u016fl a zam\u011b\u0159ovaly se na rusk\u00e9\u00a0<\/span><em><span>\u201estrategick\u00e9 letectvo\u201c.<\/span><\/em><\/p>\n<p><span>Ministerstvo obrany v Moskv\u011b uvedlo, \u017ee v d\u016fsledku \u00fatoku vzpl\u00e1la \u0159ada letadel v Murmansk\u00e9 a Irkutsk\u00e9 oblasti.<\/span><\/p>\n<p><span>Kyjev tvrdil, \u017ee \u00fadery po\u0161kodily nebo zni\u010dily p\u0159ibli\u017en\u011b 40 rusk\u00fdch vojensk\u00fdch letadel, v\u010detn\u011b bombard\u00e9r\u016f dlouh\u00e9ho doletu Tu-95 a Tu-22. Rusk\u00fd n\u00e1m\u011bstek ministra zahrani\u010d\u00ed Sergej Rjabkov pozd\u011bji tyto odhady ozna\u010dil za nespr\u00e1vn\u00e9.<\/span><\/p>\n<p><span>\u201e\u00a0<\/span><em><span>Doty\u010dn\u00e9 vybaven\u00ed\u2026 nebylo zni\u010deno, ale po\u0161kozeno. Bude obnoveno,<\/span><\/em><span>\u00a0\u201c \u0159ekl diplomat agentu\u0159e TASS za\u010d\u00e1tkem \u010dervna.<\/span><\/p>\n<p><span>P\u0159ibli\u017en\u011b ve stejnou dobu varoval Keith Kellogg, zvl\u00e1\u0161tn\u00ed vyslanec americk\u00e9ho prezidenta Donalda Trumpa, \u017ee\u00a0<\/span><em><span>\u201ekdy\u017e \u00fato\u010d\u00edte na sou\u010d\u00e1st n\u00e1rodn\u00edho syst\u00e9mu p\u0159e\u017eit\u00ed protivn\u00edka, co\u017e je jeho jadern\u00e1 tri\u00e1da\u2026 znamen\u00e1 to, \u017ee se zvy\u0161uje va\u0161e \u00farove\u0148 rizika, proto\u017ee nev\u00edte, co druh\u00e1 strana ud\u011bl\u00e1.\u201c<\/span><\/em><\/p>\n<p><img decoding=\"async\" loading=\"lazy\" class=\"alignnone size-full wp-image-1185\" src=\"http:\/\/www.infokuryr.cz\/n\/wp-content\/uploads\/2021\/04\/kuryr-podpis.png\" alt=\"\" width=\"84\" height=\"24\" \/><\/p>\n<p>&nbsp;<\/p>\n","protected":false},"excerpt":{"rendered":"<p>Ukrajinsk\u00fd v\u016fdce sl\u00edbil, \u017ee nov\u00fdmi \u00fadery \u201esn\u00ed\u017e\u00ed\u201c vojensk\u00fd potenci\u00e1l Moskvy, co\u017e zopakoval i jeho n\u00e1\u010deln\u00edk&#8230;<\/p>\n","protected":false},"author":2,"featured_media":71840,"comment_status":"closed","ping_status":"closed","sticky":false,"template":"","format":"standard","meta":[],"categories":[7],"tags":[22,2064,1000],"_links":{"self":[{"href":"https:\/\/www.infokuryr.cz\/n\/wp-json\/wp\/v2\/posts\/81971"}],"collection":[{"href":"https:\/\/www.infokuryr.cz\/n\/wp-json\/wp\/v2\/posts"}],"about":[{"href":"https:\/\/www.infokuryr.cz\/n\/wp-json\/wp\/v2\/types\/post"}],"author":[{"embeddable":true,"href":"https:\/\/www.infokuryr.cz\/n\/wp-json\/wp\/v2\/users\/2"}],"replies":[{"embeddable":true,"href":"https:\/\/www.infokuryr.cz\/n\/wp-json\/wp\/v2\/comments?post=81971"}],"version-history":[{"count":0,"href":"https:\/\/www.infokuryr.cz\/n\/wp-json\/wp\/v2\/posts\/81971\/revisions"}],"wp:featuredmedia":[{"embeddable":true,"href":"https:\/\/www.infokuryr.cz\/n\/wp-json\/wp\/v2\/media\/71840"}],"wp:attachment":[{"href":"https:\/\/www.infokuryr.cz\/n\/wp-json\/wp\/v2\/media?parent=81971"}],"wp:term":[{"taxonomy":"category","embeddable":true,"href":"https:\/\/www.infokuryr.cz\/n\/wp-json\/wp\/v2\/categories?post=81971"},{"taxonomy":"post_tag","embeddable":true,"href":"https:\/\/www.infokuryr.cz\/n\/wp-json\/wp\/v2\/tags?post=81971"}],"curies":[{"name":"wp","href":"https:\/\/api.w.org\/{rel}","templated":true}]}}