{"id":81969,"date":"2025-06-23T05:46:37","date_gmt":"2025-06-23T03:46:37","guid":{"rendered":"https:\/\/www.infokuryr.cz\/n\/?p=81969"},"modified":"2025-06-23T05:46:37","modified_gmt":"2025-06-23T03:46:37","slug":"iranska-media-odhaduji-skody-zpusobene-americkym-utokem","status":"publish","type":"post","link":"https:\/\/www.infokuryr.cz\/n\/2025\/06\/23\/iranska-media-odhaduji-skody-zpusobene-americkym-utokem\/","title":{"rendered":"\u00cdr\u00e1nsk\u00e1 m\u00e9dia odhaduj\u00ed \u0161kody zp\u016fsoben\u00e9 americk\u00fdm \u00fatokem"},"content":{"rendered":"<div id=\"fb-root\"><\/div>\n<h3>Prezident Donald Trump prohl\u00e1sil, \u017ee teher\u00e1nsk\u00e1 jadern\u00e1 za\u0159\u00edzen\u00ed byla \u201ezcela a tot\u00e1ln\u011b zni\u010dena\u201c<\/h3>\n<p><span>\u00cdr\u00e1nsk\u00fd jadern\u00fd objekt Fordow neutrp\u011bl p\u0159i \u00fatoku USA \u017e\u00e1dn\u00e9 v\u00e1\u017en\u00e9 \u0161kody, informovala v ned\u011bli tiskov\u00e1 agentura Fars s odvol\u00e1n\u00edm na poslance Mohammada Manana Raisiho z provincie Qom, kde se za\u0159\u00edzen\u00ed nach\u00e1z\u00ed.<\/span><\/p>\n<p><span>Americk\u00fd prezident Donald Trump prohl\u00e1sil, \u017ee jadern\u00e9 lokality Fordow, Natanz a Isfah\u00e1n byly\u00a0b\u011bhem americk\u00fdch \u00fader\u016f\u00a0<\/span><em><span>\u201ezcela a tot\u00e1ln\u011b zni\u010deny\u201c .<\/span><\/em><\/p>\n<p><span>Raisi agentu\u0159e \u0159ekl, \u017ee\u00a0<\/span><em><span>\u201ena rozd\u00edl od tvrzen\u00ed l\u017eouc\u00edho americk\u00e9ho prezidenta nebylo jadern\u00e9 za\u0159\u00edzen\u00ed Fordow v\u00e1\u017en\u011b po\u0161kozeno a v\u011bt\u0161ina toho, co bylo po\u0161kozeno, byla pouze na \u00farovni ter\u00e9nu a lze to obnovit.\u201c<\/span><\/em><\/p>\n<p><span>Z\u00e1konod\u00e1rce popsal dopad americk\u00e9ho bombardov\u00e1n\u00ed jako\u00a0<\/span><em><span>\u201epovrchn\u00ed\u201c a<\/span><\/em><span>\u00a0d\u00e1le uvedl, \u017ee po n\u011bm nedo\u0161lo k \u017e\u00e1dn\u00fdm ob\u011btem ani k \u00fanik\u016fm radiace.<\/span><\/p>\n<p><span>\u00cdr\u00e1nsk\u00e9 \u00fa\u0159ady evakuovaly jadern\u00e1 za\u0159\u00edzen\u00ed Fordow, Natanz a Isfah\u00e1n p\u0159ed americk\u00fdmi \u00fadery, prohl\u00e1sil v ned\u011bli Hasan Abedini, z\u00e1stupce \u0159editele pro politick\u00e9 z\u00e1le\u017eitosti st\u00e1tn\u00ed \u00cdr\u00e1nsk\u00e9 vys\u00edlac\u00ed spole\u010dnosti (IRIB).<\/span><\/p>\n<p><em><span>\u201eZ\u00e1soby obohacen\u00e9ho uranu byly p\u0159evezeny z jadern\u00fdch center a nez\u016fstaly tam \u017e\u00e1dn\u00e9 materi\u00e1ly, kter\u00e9 by v p\u0159\u00edpad\u011b c\u00edle zp\u016fsobily radiaci a byly by \u0161kodliv\u00e9 pro na\u0161e krajany,\u201c<\/span><\/em><span>\u00a0uvedl.<\/span><\/p>\n<p><span>\u00cdr\u00e1nsk\u00fd n\u00e1m\u011bstek ministra zdravotnictv\u00ed Alireza Raisi u\u010dinil podobn\u00e9 tvrzen\u00ed a trval na tom, \u017ee pro m\u00edstn\u00ed obyvatele neexistuje \u017e\u00e1dn\u00e9 riziko radioaktivn\u00ed kontaminace, jak citovala medi\u00e1ln\u00ed agentura Tasnim.<\/span><\/p>\n<p><span>\u00cdr\u00e1nsk\u00fd n\u00e1m\u011bstek ministra zdravotnictv\u00ed Alireza Raisi u\u010dinil podobn\u00e9 tvrzen\u00ed a trval na tom, \u017ee pro m\u00edstn\u00ed obyvatele neexistuje \u017e\u00e1dn\u00e9 riziko radioaktivn\u00ed kontaminace, jak citovala medi\u00e1ln\u00ed agentura Tasnim.<\/span><\/p>\n<p><span>Agentura Reuters s odvol\u00e1n\u00edm na nejmenovan\u00e9ho vysoce postaven\u00e9ho \u00edr\u00e1nsk\u00e9ho \u00fa\u0159edn\u00edka d\u0159\u00edve zve\u0159ejnila podobnou zpr\u00e1vu, v n\u00ed\u017e tvrdila, \u017ee v\u011bt\u0161ina obohacen\u00e9ho uranu byla ulo\u017eena na nezve\u0159ejn\u011bn\u00e9m m\u00edst\u011b.<\/span><\/p>\n<p><span>\u00cdr\u00e1nsk\u00e9 Centrum pro n\u00e1rodn\u00ed syst\u00e9m jadern\u00e9 bezpe\u010dnosti v koment\u00e1\u0159i k americk\u00e9mu bombardov\u00e1n\u00ed uvedlo, \u017ee mimo\u0159\u00e1dn\u00e9 inspekce v c\u00edlov\u00fdch lokalit\u00e1ch neodhalily \u017e\u00e1dn\u00e9 zn\u00e1mky radioaktivn\u00ed kontaminace ani \u00fanik\u016f.<\/span><\/p>\n<p><span>Mezin\u00e1rodn\u00ed agentura pro atomovou energii pozd\u011bji tak\u00e9 potvrdila, \u017ee ve Fordowu, Natanzu a Isfah\u00e1nu nedo\u0161lo ke zv\u00fd\u0161en\u00ed \u00farovn\u011b radiace.<\/span><\/p>\n<p><span>Isl\u00e1msk\u00e9 revolu\u010dn\u00ed gardy (IRGC) v ned\u011bli vydaly prohl\u00e1\u0161en\u00ed, v n\u011bm\u017e obvinily USA z\u00a0<\/span><em><span>\u201enez\u00e1konn\u00e9ho vojensk\u00e9ho \u00fatoku na m\u00edrov\u00e1 jadern\u00e1 za\u0159\u00edzen\u00ed\u201c<\/span><\/em><span>\u00a0v koordinaci s Izraelem a v rozporu s Chartou OSN a mezin\u00e1rodn\u00edm pr\u00e1vem.<\/span><\/p>\n<p><span>Ameri\u010dan\u00e9 a Izraelci\u00a0<\/span><em><span>\u201enemaj\u00ed ani s\u00edlu iniciativy, ani schopnost uniknout tvrd\u00e9 odpov\u011bdi\u201c<\/span><\/em><span>\u00a0ze strany \u00cdr\u00e1nu, uvedla IRGC a dodala, \u017ee ji\u017e ur\u010dila, kde jsou um\u00edst\u011bna letadla, kter\u00e1 se \u00fatoku z\u00fa\u010dastnila.<\/span><\/p>\n<p><img decoding=\"async\" loading=\"lazy\" class=\"alignnone size-full wp-image-1185\" src=\"http:\/\/www.infokuryr.cz\/n\/wp-content\/uploads\/2021\/04\/kuryr-podpis.png\" alt=\"\" width=\"84\" height=\"24\" \/><\/p>\n<p>&nbsp;<\/p>\n","protected":false},"excerpt":{"rendered":"<p>Prezident Donald Trump prohl\u00e1sil, \u017ee teher\u00e1nsk\u00e1 jadern\u00e1 za\u0159\u00edzen\u00ed byla \u201ezcela a tot\u00e1ln\u011b zni\u010dena\u201c \u00cdr\u00e1nsk\u00fd jadern\u00fd&#8230;<\/p>\n","protected":false},"author":2,"featured_media":81970,"comment_status":"closed","ping_status":"closed","sticky":false,"template":"","format":"standard","meta":[],"categories":[7],"tags":[38,158,739],"_links":{"self":[{"href":"https:\/\/www.infokuryr.cz\/n\/wp-json\/wp\/v2\/posts\/81969"}],"collection":[{"href":"https:\/\/www.infokuryr.cz\/n\/wp-json\/wp\/v2\/posts"}],"about":[{"href":"https:\/\/www.infokuryr.cz\/n\/wp-json\/wp\/v2\/types\/post"}],"author":[{"embeddable":true,"href":"https:\/\/www.infokuryr.cz\/n\/wp-json\/wp\/v2\/users\/2"}],"replies":[{"embeddable":true,"href":"https:\/\/www.infokuryr.cz\/n\/wp-json\/wp\/v2\/comments?post=81969"}],"version-history":[{"count":0,"href":"https:\/\/www.infokuryr.cz\/n\/wp-json\/wp\/v2\/posts\/81969\/revisions"}],"wp:featuredmedia":[{"embeddable":true,"href":"https:\/\/www.infokuryr.cz\/n\/wp-json\/wp\/v2\/media\/81970"}],"wp:attachment":[{"href":"https:\/\/www.infokuryr.cz\/n\/wp-json\/wp\/v2\/media?parent=81969"}],"wp:term":[{"taxonomy":"category","embeddable":true,"href":"https:\/\/www.infokuryr.cz\/n\/wp-json\/wp\/v2\/categories?post=81969"},{"taxonomy":"post_tag","embeddable":true,"href":"https:\/\/www.infokuryr.cz\/n\/wp-json\/wp\/v2\/tags?post=81969"}],"curies":[{"name":"wp","href":"https:\/\/api.w.org\/{rel}","templated":true}]}}