{"id":81944,"date":"2025-06-23T00:26:20","date_gmt":"2025-06-22T22:26:20","guid":{"rendered":"https:\/\/www.infokuryr.cz\/n\/?p=81944"},"modified":"2025-06-22T18:32:01","modified_gmt":"2025-06-22T16:32:01","slug":"jan-campbell-letni-lekce-mirotvorce","status":"publish","type":"post","link":"https:\/\/www.infokuryr.cz\/n\/2025\/06\/23\/jan-campbell-letni-lekce-mirotvorce\/","title":{"rendered":"Jan Campbell: Letn\u00ed lekce m\u00edrotvorce"},"content":{"rendered":"<div id=\"fb-root\"><\/div>\n<p>(P\u016fl) no\u010dn\u00ed kladivo Spojen\u00fdch st\u00e1t\u016f ude\u0159ilo v\u00a0Ir\u00e1nu a uzav\u0159elo s\u00a0kone\u010dnou platnost\u00ed dobu v\u00edry v mezin\u00e1rodn\u00ed pr\u00e1vo, \u00famluvy a fungov\u00e1n\u00ed mezin\u00e1rodn\u00edch organizac\u00ed spoluzalo\u017een\u00fdch Spojen\u00fdmi st\u00e1ty, v\u010detn\u011b Mezin\u00e1rodn\u00ed agentury pro atomovou energii (MAAE). V\u00a0neposledn\u00ed \u0159ad\u011b (P\u016fl) no\u010dn\u00ed kladivo potvrdilo v\u00fdznam spr\u00e1vn\u00e9ho na\u010dasov\u00e1n\u00ed nejenom podp\u00e1sov\u00e9ho \u00faderu. T\u00edm m\u00edn\u00edm i zkr\u00e1cen\u00ed NATO summitu na jeden den a bezpodm\u00edne\u010dn\u00fd souhlas s p\u011bti procenty HDP na obranu, jak by nebyla vysv\u011btlov\u00e1na a interpretov\u00e1na voli\u010d\u016fm \u010dlensk\u00fdch st\u00e1t\u016f NATO.<\/p>\n<h3><strong>Fakta<\/strong><\/h3>\n<p>\u00cdr\u00e1n po celou dobu sv\u00e9ho \u010dlenstv\u00ed v\u00a0MAAE pop\u00edral vojenskou slo\u017eku sv\u00e9ho jadern\u00e9ho projektu. Gener\u00e1ln\u00ed \u0159editel MAAE Rafael Grossi 18. \u010dervna prohl\u00e1sil, \u017ee <em>inspekto\u0159i agentury nevid\u011bli a nemaj\u00ed konkr\u00e9tn\u00ed d\u016fkazy o tom, \u017ee by \u00cdr\u00e1n prov\u00e1d\u011bl program jadern\u00fdch zbran\u00ed.<\/em><\/p>\n<p>Americk\u00e1 zpravodajsk\u00e1 komunita, v rozporu s prohl\u00e1\u0161en\u00edmi prezidenta Donalda Trumpa a Izraele, v\u011b\u0159ila, \u017ee <em>\u00cdr\u00e1n neusiloval o vytvo\u0159en\u00ed jadern\u00fdch zbran\u00ed<\/em>, uvedla CNN.<\/p>\n<p>B\u00fdval\u00fd britsk\u00fd velvyslanec v Uzbekist\u00e1nu Craig Murray \u0159ekl RIA Novosti, \u017ee <em>\u00cdr\u00e1n v posledn\u00edch n\u011bkolika letech prok\u00e1zal neuv\u011b\u0159itelnou trp\u011blivost a m\u00edrumilovnost, navzdory akc\u00edm Izraele.<\/em><\/p>\n<p>P\u0159ipom\u00edn\u00e1m, \u017ee b\u00fdval\u00fd britsk\u00fd velvyslanec, dnes skotsk\u00fd autor a lidskopr\u00e1vn\u00ed aktivista b\u011bhem sv\u00e9ho p\u016fsoben\u00ed v Uzbekist\u00e1nu se stal ter\u010dem kritiky po zve\u0159ejn\u011bn\u00ed zpr\u00e1v o mu\u010den\u00ed a poru\u0161ov\u00e1n\u00ed lidsk\u00fdch pr\u00e1v. Jeho kritika vedla k odvol\u00e1n\u00ed a n\u00e1sledn\u00e9mu propu\u0161t\u011bn\u00ed z diplomatick\u00fdch slu\u017eeb.<\/p>\n<p>\u00cdr\u00e1n reaguje na izraelsk\u00e9 akce raketov\u00fdmi salvami a vypou\u0161t\u011bn\u00edm \u00fato\u010dn\u00fdch dron\u016f a prohla\u0161uje, \u017ee \u00fato\u010d\u00ed na vojensk\u00e9 c\u00edle. Na obou stran\u00e1ch se zvy\u0161uje po\u010det z\u00e1sah\u016f v obytn\u00fdch budov\u00e1ch a po\u010det civiln\u00edch ob\u011bt\u00ed.<\/p>\n<p>P\u0159itom nikdo na Z\u00e1pad\u011b ne\u0159ekne a nenap\u00ed\u0161e ani slovo o ir\u00e1nsk\u00fdch p\u0159\u00edrodn\u00edch, energetick\u00fdch a vzd\u011blan\u00fdch lidsk\u00fdch zdroj\u00edch, o kter\u00e9 ve v\u00fdsledku jde.<\/p>\n<h3><strong>(P\u016fl) no\u010dn\u00ed kladivo roz\u0161t\u011bpilo americkou politickou elitu<\/strong><\/h3>\n<p>V\u00a0zemi, kter\u00e1 se nach\u00e1z\u00ed v\u00a0jedn\u00e9 z\u00a0f\u00e1z\u00ed nov\u00e9 formy ob\u010dansk\u00e9 v\u00e1lky, se oz\u00fdvaj\u00ed hlasy volaj\u00edc\u00ed po tom, aby byl prezident Trump zbaven sv\u00fdch pravomoc\u00ed. Ten po \u00faderech (P\u016fl) no\u010dn\u00edho kladiva se obr\u00e1til na Ameri\u010dany, ve sv\u00e9m projevu ozna\u010dil \u00fatok za <em>p\u016fsobiv\u00fd vojensk\u00fd \u00fasp\u011bch<\/em>, ozn\u00e1mil dobu m\u00edru, kdy\u017e Ir\u00e1n p\u0159ijde ke stolu s\u00a0b\u00edlou vlajkou.<\/p>\n<p>Trump\u016fv optimismus v\u0161ak neocenili v\u0161ichni ameri\u010dt\u00ed \u00fa\u0159edn\u00edci a stran\u00edci. Zejm\u00e9na demokratick\u00fd sen\u00e1tor Chris Murphy pop\u0159el Trumpova tvrzen\u00ed o bl\u00edzkosti \u00cdr\u00e1nu k vytvo\u0159en\u00ed jadern\u00fdch zbran\u00ed. Vyzval Kongres, aby prezidenta zbavil jeho pravomoc\u00ed.<\/p>\n<h3><strong>V\u00fdznam (P\u016fl) no\u010dn\u00edho kladiva pro Evropu a \u010cR<\/strong><\/h3>\n<p>Jak vid\u00edme, prezident Trump, kter\u00fd nem\u00e1 pod kontrolou Pentagon, FED a ani EK v\u00a0Bruselu, se sna\u017e\u00ed implementovat takzvanou <em>eskala\u010dn\u00ed strategii pro deeskalaci<\/em>. Prudce zv\u00fd\u0161il s\u00e1zky v\u00a0obchodn\u00edch jedn\u00e1n\u00edch s\u00a0p\u0159edstaviteli EK, za\u00fato\u010dil na \u00edr\u00e1nsk\u00e1 civiln\u00ed jadern\u00e1 za\u0159\u00edzen\u00ed pod kontrolou MAAE a d\u00e1le vyhro\u017euje. Vyhro\u017euje proto, \u017ee si k\u00a0hodin\u011b pr\u00e1ce na p\u0159\u00edsp\u011bvku (14 hodin v\u00a0ned\u011bli 22.6) nen\u00ed jist\u00fd, \u017ee to, co prohl\u00e1sil je skute\u010dnost\u00ed a faktem: Tot\u00e1ln\u00ed zni\u010den\u00ed ir\u00e1nsk\u00fdch za\u0159\u00edzen\u00ed ve t\u0159ech lokalit\u00e1ch.<\/p>\n<p>Podle informac\u00ed a satelitn\u00edch sn\u00edmk\u016f, kter\u00e9 se nyn\u00ed objevuj\u00ed, nebyla jadern\u00e1 za\u0159\u00edzen\u00ed tot\u00e1ln\u011b zni\u010dena nebo p\u0159\u00edli\u0161 v\u00e1\u017en\u011b po\u0161kozena. Proto se prezident Trump ob\u00e1v\u00e1 reakce v podob\u011b \u00edr\u00e1nsk\u00e9ho \u00faderu na americk\u00e9 z\u00e1kladny na Bl\u00edzk\u00e9m v\u00fdchod\u011b. Zm\u00edn\u011bn\u00e9 z\u00e1kladny je pom\u011brn\u011b obt\u00ed\u017en\u00e9 br\u00e1nit kv\u016fli vy\u010derp\u00e1n\u00ed z\u00e1sob raket protivzdu\u0161n\u00e9 obrany. Z tohoto d\u016fvodu vyz\u00fdv\u00e1 Isl\u00e1mskou republiku Ir\u00e1n, aby nepodnikala odvetn\u00e1 opat\u0159en\u00ed. A postavil Ukrajinu na kraj propasti. Je-li t\u00e9ze autora p\u0159\u00edsp\u011bvku pravdiv\u00e1, tak to znamen\u00e1, \u017ee ir\u00e1nsk\u00e9 objekty nebylo mo\u017en\u00e9 zni\u010dit a \u00fa\u010dinnost nejmocn\u011bj\u0161\u00edch americk\u00fdch zbran\u00ed je omezen\u00e1.<\/p>\n<p>Ani po pou\u017eit\u00ed \u0161esti velkor\u00e1\u017en\u00fdch bomb, kter\u00fdch m\u011bl Pentagon celkem 20, nevylu\u010duji, \u017ee prezident Trump teoreticky m\u016f\u017ee takov\u00e9 \u00fadery opakovat, \u0159ekn\u011bme je\u0161t\u011b dvakr\u00e1t, a to je v\u0161e. Z\u00e1soby t\u011bchto leteck\u00fdch pum prost\u011b nebudou. Proto se Trumpova administrativa sna\u017e\u00ed sn\u00ed\u017eit s\u00e1zky a prohla\u0161uje, \u017ee je p\u0159ipravena k vyjedn\u00e1v\u00e1n\u00ed a douf\u00e1, \u017ee (P\u016fl) no\u010dn\u00ed kladivo pos\u00edl\u00ed vyjedn\u00e1vac\u00ed pozici Spojen\u00fdch st\u00e1t\u016f s Ir\u00e1nem. V\u00a0\u017e\u00e1dn\u00e9m p\u0159\u00edpad\u011b EU v\u00a0p\u0159\u00edpadn\u00e9m jedn\u00e1n\u00ed s\u00a0Ir\u00e1nem nebude hr\u00e1t ani t\u0159et\u00ed housle. Dokazuje to zpo\u017ed\u011bn\u00e9 ozn\u00e1men\u00ed \u00faderu (P\u016fl) no\u010dn\u00edho kladiva kancl\u00e9\u0159i Merzovi a \u017e\u00e1dn\u00e9 ozn\u00e1men\u00ed pan\u00ed Kaje (Kallasov\u00e9), \u010di \u010desk\u00fdm Petr\u016fm a Pavl\u016fm.<\/p>\n<h3><strong>V\u00fdznam (P\u016fl) no\u010dn\u00edho kladiva pro p\u0159edvolebn\u00ed \u010cR<\/strong><\/h3>\n<p>Nev\u00edm, zda skute\u010dn\u011b pan europoslanec Vondra a jeho p\u0159\u00edznivci odeslali telegram vd\u011b\u010dnosti prezidentovi Trumpovi \u2013 jak hl\u00e1sal u kamar\u00e1da Moravce, za \u00fader (P\u016fl) no\u010dn\u00edho kladiva. \u00dader toti\u017e nenaru\u0161il jejich klidn\u00fd sp\u00e1nek a dovolil jim probudit se do nov\u00e9ho sv\u011bta pln\u00e9ho m\u00edru. \u00a0V\u00edm ale, \u017ee po \u00faderu (P\u016fl) no\u010dn\u00edho kladiva v\u00a0\u010desk\u00e9 kotlin\u011b m\u016f\u017ee nastat klid v\u00a0p\u0159edvolebn\u00edch akc\u00edch \u010desk\u00fdch politick\u00fdch stran. Pro\u010d?<\/p>\n<p>Proto\u017ee se bude jednat o klid p\u0159ed bou\u0159\u00ed. Ta se p\u0159ibli\u017euje ka\u017ed\u00fdm dnem a s\u00a0ka\u017edou af\u00e9rou, i tak malou a velkou jakou je bitcoin, \u010di obvin\u011bn\u00ed z \u00fa\u010dasti ve zlo\u010dineck\u00e9 organizaci, aktivn\u00edho a pasivn\u00edho \u00faplatk\u00e1\u0159stv\u00ed a pran\u00ed \u0161pinav\u00fdch pen\u011bz, kter\u00e1 byla vznesena proti Stacy Cummingsov\u00e9, gener\u00e1ln\u00ed \u0159editelce Agentury NATO pro podporu a zad\u00e1v\u00e1n\u00ed ve\u0159ejn\u00fdch zak\u00e1zek (NSPA).<\/p>\n<p>A\u017e p\u0159ijde \u010das pro inventuru v\u00a0\u010desk\u00e9 kotlin\u011b americk\u00fdmi vy\u0161et\u0159ovateli, p\u0159ijde doba m\u00edru i do n\u00ed. Nikdo se neodv\u00e1\u017e\u00ed kritizovat spojence bu\u010f ze strachu, nebo z\u00a0obdivu, nebo v\u00a0typicky \u010desk\u00e9m vy\u010dk\u00e1v\u00e1n\u00ed. Pot\u00e9 snad ka\u017ed\u00fd s\u00a0rozumem pochop\u00ed, \u017ee kdo by nebyl zvolen a nestal se premi\u00e9rem, v\u0161e v\u00a0klidu za\u0159\u00edd\u00ed a vy\u0159\u00edd\u00ed prezident Trump, jeho z\u00e1stupce, \u010di n\u00e1stupce. Bude-li prezident Trump m\u00edt \u010das a chu\u0165, tak to vy\u0159\u00edd\u00ed v\u00a0pauze na golfov\u00e9m h\u0159i\u0161ti, nebo s pomoc\u00ed dron\u016f, kter\u00e9 p\u0159inesou n\u00e1vod na kon\u00e1n\u00ed p\u0159\u00edmo na pracovn\u00ed st\u016fl. Nebo v\u00a0p\u0159\u00edpad\u011b neo\u010dek\u00e1van\u00e9 nutnosti, kr\u00e1tkou n\u00e1v\u0161t\u011bvou v\u00a0B\u00edl\u00e9m dom\u011b, s\u00a0otev\u00edrac\u00ed ot\u00e1zkou typu: A jak\u00e9 to bylo v\u00a0Langley Andreji?<\/p>\n<p>V\u00a0tomto smyslu \u010desk\u00e1 kotlina se kone\u010dn\u011b stane z\u00e1padn\u00ed bez pot\u0159eby b\u00fdt t\u00e1z\u00e1na Washingtonem nebo se tam sama hl\u00e1sit o slovo, nebo p\u0159ij\u00edmat p\u0159\u00edkazy od nevolen\u00fdch\u00a0neozbrojen\u00e9ho\u00a0Bruselu.<\/p>\n<h3><strong>Z\u00e1v\u011br<\/strong><\/h3>\n<p><strong>S<\/strong>trategie Spojen\u00fdch st\u00e1t\u016f nebude fungovat z\u00a0mnoha objektivn\u00edch d\u016fvod\u016f. V kontextu rozhodn\u011b nepos\u00edl\u00ed vyjedn\u00e1vac\u00ed pozici Spojen\u00fdch st\u00e1t\u016f s Ir\u00e1nem. Proto\u017ee v\u00a0Ir\u00e1nu existuj\u00ed objekty, kter\u00e9 nebyly zni\u010deny, indikuje to na p\u0159edem zm\u00edn\u011bnou ne\u00fa\u010dinnost nejmocn\u011bj\u0161\u00edch americk\u00fdch zbran\u00ed. Nab\u00edz\u00ed se ot\u00e1zka: \u010c\u00edm jin\u00fdm, ne\u017e atomovou bombou m\u016f\u017ee Amerika ohrozit \u00cdr\u00e1n?<\/p>\n<p>Prezident Trump s (P\u016fl) no\u010dn\u00edm kladivem se zahnal s\u00e1m a s\u00a0n\u00edm i Spojen\u00e9 st\u00e1ty do rohu. V\u00a0n\u011bm nebude m\u00edt odvahu za\u010d\u00edt v\u00e1lku s\u00a0jadern\u00fdmi zbran\u011bmi p\u0159\u00edznivc\u016f Ir\u00e1nu, P\u00e1kist\u00e1nu a KLDR. Europoslanec Vondra &amp; Co mohou proto klidn\u011b sp\u00e1t, aby se mohli probudit ve skute\u010dn\u011b nov\u00e9m sv\u011bt\u011b po letn\u00ed lekci m\u00edrotvorce prezidenta Trumpa. Sv\u011bta, ve kter\u00e9m Spojen\u00e9 st\u00e1ty budou i nad\u00e1le otev\u00edrat nov\u00e9 v\u00e1le\u010dn\u00e9 fronty, Rusko bude zvy\u0161ovat svou zahrani\u010dn\u011bpolitickou aktivitu a OSN ztrat\u00ed zcela podporu. Co se stane s\u00a0Ir\u00e1nem, uk\u00e1\u017ee \u010das. Jist\u00e9 ale je, \u017ee sv\u011btov\u00fd \u0159\u00e1d, na kter\u00fd si poslanci, europoslanci a politici zvykli se st\u00e1v\u00e1 minulosti a budoucnost se formuje v re\u00e1ln\u00e9m \u010dase bez ohledu na sp\u00e1nek a sny politik\u016f v \u010cT. Souhlasu net\u0159eba.<\/p>\n<p><strong><em>Jan Campbell<\/em><\/strong><br \/>\n<strong><em>22.06.2025<\/em><\/strong><\/p>\n<p><img decoding=\"async\" loading=\"lazy\" class=\"wp-image-80899 aligncenter\" src=\"http:\/\/www.infokuryr.cz\/n\/wp-content\/uploads\/2025\/06\/Vrabel-283x300.jpg\" alt=\"\" width=\"695\" height=\"737\" srcset=\"https:\/\/www.infokuryr.cz\/n\/wp-content\/uploads\/2025\/06\/Vrabel-283x300.jpg 283w, https:\/\/www.infokuryr.cz\/n\/wp-content\/uploads\/2025\/06\/Vrabel-966x1024.jpg 966w, https:\/\/www.infokuryr.cz\/n\/wp-content\/uploads\/2025\/06\/Vrabel-768x814.jpg 768w, https:\/\/www.infokuryr.cz\/n\/wp-content\/uploads\/2025\/06\/Vrabel-1024x1086.jpg 1024w, https:\/\/www.infokuryr.cz\/n\/wp-content\/uploads\/2025\/06\/Vrabel.jpg 1080w\" sizes=\"(max-width: 695px) 100vw, 695px\" \/><\/p>\n<p>&nbsp;<\/p>\n","protected":false},"excerpt":{"rendered":"<p>(P\u016fl) no\u010dn\u00ed kladivo Spojen\u00fdch st\u00e1t\u016f ude\u0159ilo v\u00a0Ir\u00e1nu a uzav\u0159elo s\u00a0kone\u010dnou platnost\u00ed dobu v\u00edry v mezin\u00e1rodn\u00ed&#8230;<\/p>\n","protected":false},"author":2,"featured_media":47088,"comment_status":"closed","ping_status":"closed","sticky":false,"template":"","format":"standard","meta":[],"categories":[6],"tags":[1042,2181,38,37],"_links":{"self":[{"href":"https:\/\/www.infokuryr.cz\/n\/wp-json\/wp\/v2\/posts\/81944"}],"collection":[{"href":"https:\/\/www.infokuryr.cz\/n\/wp-json\/wp\/v2\/posts"}],"about":[{"href":"https:\/\/www.infokuryr.cz\/n\/wp-json\/wp\/v2\/types\/post"}],"author":[{"embeddable":true,"href":"https:\/\/www.infokuryr.cz\/n\/wp-json\/wp\/v2\/users\/2"}],"replies":[{"embeddable":true,"href":"https:\/\/www.infokuryr.cz\/n\/wp-json\/wp\/v2\/comments?post=81944"}],"version-history":[{"count":0,"href":"https:\/\/www.infokuryr.cz\/n\/wp-json\/wp\/v2\/posts\/81944\/revisions"}],"wp:featuredmedia":[{"embeddable":true,"href":"https:\/\/www.infokuryr.cz\/n\/wp-json\/wp\/v2\/media\/47088"}],"wp:attachment":[{"href":"https:\/\/www.infokuryr.cz\/n\/wp-json\/wp\/v2\/media?parent=81944"}],"wp:term":[{"taxonomy":"category","embeddable":true,"href":"https:\/\/www.infokuryr.cz\/n\/wp-json\/wp\/v2\/categories?post=81944"},{"taxonomy":"post_tag","embeddable":true,"href":"https:\/\/www.infokuryr.cz\/n\/wp-json\/wp\/v2\/tags?post=81944"}],"curies":[{"name":"wp","href":"https:\/\/api.w.org\/{rel}","templated":true}]}}