{"id":81939,"date":"2025-06-23T00:22:59","date_gmt":"2025-06-22T22:22:59","guid":{"rendered":"https:\/\/www.infokuryr.cz\/n\/?p=81939"},"modified":"2025-06-22T13:14:34","modified_gmt":"2025-06-22T11:14:34","slug":"ludek-ruzicka-jsou-pravnicke-tituly-min-spravedlnosti-evy-decroix-podvodne","status":"publish","type":"post","link":"https:\/\/www.infokuryr.cz\/n\/2025\/06\/23\/ludek-ruzicka-jsou-pravnicke-tituly-min-spravedlnosti-evy-decroix-podvodne\/","title":{"rendered":"Lud\u011bk R\u016f\u017ei\u010dka: Jsou pr\u00e1vnick\u00e9 tituly min. spravedlnosti Evy Decroix podvodn\u00e9?"},"content":{"rendered":"<div id=\"fb-root\"><\/div>\n<p>Pr\u00e1vn\u00edk a investigativec Lud\u011bk R\u016f\u017ei\u010dka se zam\u011b\u0159il na &#8222;dolo\u017een\u00e9&#8220; vzd\u011bl\u00e1n\u00ed nov\u00e9 ministryn\u011b spravedlnosti Evy Decoix, kter\u00e9 bylo nejsp\u00ed\u0161 podvodem nostrifikov\u00e1no vzd\u011bl\u00e1n\u00ed z Francie, kter\u00e9 bylo podle Lu\u010fka R\u016f\u017ei\u010dky pochybn\u00e9.<\/p>\n<p>D\u00e1le Lud\u011bk R\u016f\u017ei\u010dka p\u0159in\u00e1\u0161\u00ed dal\u0161\u00ed nov\u00e9 informace o okolnostech bitcoinov\u00e9 kauzy a lidech nav\u00e1zan\u00fdch na ministerstvo spravedlnosti.<\/p>\n<div class=\"f2c-introarticle\">\n<h3 class=\"f2c-imagewrap\"><img decoding=\"async\" class=\"f2c-image aligncenter\" src=\"https:\/\/www.czechfreepress.cz\/images\/stories\/com_form2content\/p2\/f28112\/23.jpg\" alt=\"jsou-pravnicke-tituly-min-spravedlnosti-evy-decroix-podvodne-ludek-ruzicka\" \/><br \/>\nVIDEO:<\/h3>\n<\/div>\n<div class=\"f2c-maintext\"><iframe id=\"odysee-iframe\" src=\"https:\/\/odysee.com\/%24\/embed\/%40paralelne%3A8%2FJsou-pr%C3%A1vnick%C3%A9-tituly-min.-spravedlnosti-Evy-Decroix-podvodn%C3%A9_-_-Lud%C4%9Bk-R%C5%AF%C5%BEi%C4%8Dka%3Ad?r=A3WF7qyEM8VQNp2AeisSF6Ysqkm2uquk\" allowfullscreen=\"allowfullscreen\" data-mce-fragment=\"1\"><\/iframe><\/div>\n<div>\n<img decoding=\"async\" loading=\"lazy\" class=\"alignnone size-full wp-image-1185\" src=\"http:\/\/www.infokuryr.cz\/n\/wp-content\/uploads\/2021\/04\/kuryr-podpis.png\" alt=\"\" width=\"84\" height=\"24\" \/><br \/>\n<img decoding=\"async\" loading=\"lazy\" class=\"wp-image-80899 aligncenter\" src=\"http:\/\/www.infokuryr.cz\/n\/wp-content\/uploads\/2025\/06\/Vrabel-283x300.jpg\" alt=\"\" width=\"728\" height=\"772\" srcset=\"https:\/\/www.infokuryr.cz\/n\/wp-content\/uploads\/2025\/06\/Vrabel-283x300.jpg 283w, https:\/\/www.infokuryr.cz\/n\/wp-content\/uploads\/2025\/06\/Vrabel-966x1024.jpg 966w, https:\/\/www.infokuryr.cz\/n\/wp-content\/uploads\/2025\/06\/Vrabel-768x814.jpg 768w, https:\/\/www.infokuryr.cz\/n\/wp-content\/uploads\/2025\/06\/Vrabel-1024x1086.jpg 1024w, https:\/\/www.infokuryr.cz\/n\/wp-content\/uploads\/2025\/06\/Vrabel.jpg 1080w\" sizes=\"(max-width: 728px) 100vw, 728px\" \/><\/div>\n","protected":false},"excerpt":{"rendered":"<p>Pr\u00e1vn\u00edk a investigativec Lud\u011bk R\u016f\u017ei\u010dka se zam\u011b\u0159il na &#8222;dolo\u017een\u00e9&#8220; vzd\u011bl\u00e1n\u00ed nov\u00e9 ministryn\u011b spravedlnosti Evy Decoix,&#8230;<\/p>\n","protected":false},"author":2,"featured_media":81940,"comment_status":"closed","ping_status":"closed","sticky":false,"template":"","format":"standard","meta":[],"categories":[6],"tags":[4758,1503,9351,2132,889],"_links":{"self":[{"href":"https:\/\/www.infokuryr.cz\/n\/wp-json\/wp\/v2\/posts\/81939"}],"collection":[{"href":"https:\/\/www.infokuryr.cz\/n\/wp-json\/wp\/v2\/posts"}],"about":[{"href":"https:\/\/www.infokuryr.cz\/n\/wp-json\/wp\/v2\/types\/post"}],"author":[{"embeddable":true,"href":"https:\/\/www.infokuryr.cz\/n\/wp-json\/wp\/v2\/users\/2"}],"replies":[{"embeddable":true,"href":"https:\/\/www.infokuryr.cz\/n\/wp-json\/wp\/v2\/comments?post=81939"}],"version-history":[{"count":1,"href":"https:\/\/www.infokuryr.cz\/n\/wp-json\/wp\/v2\/posts\/81939\/revisions"}],"predecessor-version":[{"id":81941,"href":"https:\/\/www.infokuryr.cz\/n\/wp-json\/wp\/v2\/posts\/81939\/revisions\/81941"}],"wp:featuredmedia":[{"embeddable":true,"href":"https:\/\/www.infokuryr.cz\/n\/wp-json\/wp\/v2\/media\/81940"}],"wp:attachment":[{"href":"https:\/\/www.infokuryr.cz\/n\/wp-json\/wp\/v2\/media?parent=81939"}],"wp:term":[{"taxonomy":"category","embeddable":true,"href":"https:\/\/www.infokuryr.cz\/n\/wp-json\/wp\/v2\/categories?post=81939"},{"taxonomy":"post_tag","embeddable":true,"href":"https:\/\/www.infokuryr.cz\/n\/wp-json\/wp\/v2\/tags?post=81939"}],"curies":[{"name":"wp","href":"https:\/\/api.w.org\/{rel}","templated":true}]}}