{"id":81935,"date":"2025-06-23T00:16:29","date_gmt":"2025-06-22T22:16:29","guid":{"rendered":"https:\/\/www.infokuryr.cz\/n\/?p=81935"},"modified":"2025-06-22T13:00:03","modified_gmt":"2025-06-22T11:00:03","slug":"jindrich-kulhavy-opravdu-jsou-na-tom-personalne-tak-bidne","status":"publish","type":"post","link":"https:\/\/www.infokuryr.cz\/n\/2025\/06\/23\/jindrich-kulhavy-opravdu-jsou-na-tom-personalne-tak-bidne\/","title":{"rendered":"Jind\u0159ich Kulhav\u00fd: Opravdu jsou na tom person\u00e1ln\u011b tak b\u00eddn\u011b?"},"content":{"rendered":"<div id=\"fb-root\"><\/div>\n<p><span class=\"anotation\">\u00a0Vysok\u00e1 politika v\u00a0region\u00e1ln\u00edm m\u011b\u0159\u00edtku v\u00a0r\u00e1mci \u010cesk\u00e9 republiky kop\u00edruje \u010d\u00e1ste\u010dn\u011b tu eurounijn\u00ed. Jestli\u017ee je v\u00a0\u010dele nejvy\u0161\u0161\u00edho evropsk\u00e9ho org\u00e1nu Evropsk\u00e9 komise porodn\u00ed b\u00e1ba maj\u00edc\u00ed za sebou likvidaci n\u011bmeck\u00e9ho Ministerstva obrany, n\u011bco nazna\u010duje, \u017ee je cosi v\u00a0nepo\u0159\u00e1dku. P\u0159ed n\u00ed ve stejn\u011b vysok\u00fdch funkc\u00edch \u00fa\u0159adu byl alkoholik, pohybuje se tam zelen\u00fd fanatik, n\u00e1s tam zastupovala pro zm\u011bnu souzen\u00e1 politi\u010dka.<\/span><\/p>\n<div id=\"pagetext\">\n<p>\u00a0 I v\u00a0Evropsk\u00e9m parlamentu se najdou lid\u00e9, jejich\u017e odbornost i minulost maj\u00ed sv\u00e9 st\u00edny. St\u00e1le \u010dast\u011bji se zab\u00fdv\u00e1m t\u00edm, jak je mo\u017en\u00e9, \u017ee za \u010ceskou republiku hovo\u0159\u00ed Zdechovsk\u00fd stav\u00edc\u00ed s\u00e1m sebe do pozice jednoho z\u00a0dvacet nejv\u00fdznamn\u011bj\u0161\u00edch europoslanc\u016f. Naprosto ned\u016fv\u011bryhodn\u00fd a prosp\u011bch\u00e1\u0159sk\u00fd kari\u00e9rista ochotn\u00fd ud\u011blat cokoliv pro vlastn\u00ed up\u0159ednostn\u011bn\u00ed d\u011bl\u00e1 ostudu. S\u00e1m se prezentuje jako rusobijec schopn\u00fd ihned nastoupit na frontu, ve skute\u010dnosti je to klasick\u00fd zmetek, kter\u00fdch je v\u00a0politice z\u00e1stup. Nen\u00ed jedin\u00fdm, kter\u00fd hovo\u0159\u00ed za \u010desk\u00fd n\u00e1rod, p\u0159esto\u017ee s\u00a0kvalitou jeho mand\u00e1tu to je tak n\u011bjak na \u0161t\u00edru. Podobn\u011b lze vn\u00edmat Niedermayera, fanatick\u00e9ho eurohujera, Gregorovou, jej\u00ed\u017e n\u00e1zory jdouc\u00ed ruku v\u00a0ruce s nep\u0159\u00edli\u0161 vysokou inteligenc\u00ed jsou prost\u011b ostudou.<\/p>\n<p>Jist\u011b, m\u016f\u017eete cosi \u0159\u00edkat o pr\u00e1vu na vlastn\u00ed n\u00e1zor, kter\u00fd m\u016f\u017ee b\u00fdt jin\u00fd ne\u017e m\u016fj, nicm\u00e9n\u011b hled\u00e1te-li n\u011bkoho, kdo by mohl b\u00fdt skute\u010dn\u00fdm p\u0159\u00ednosem pro na\u0161\u00ed zemi, pak hledat bude t\u011b\u017ek\u00e9. Europoslanci za vl\u00e1dn\u00ed koalici a ANO pln\u00ed agendu v souladu s p\u0159edstavou, \u017ee bez Evropsk\u00e9 unie a NATO bychom nemohli existovat. Pravdou je, \u017ee 35 let budov\u00e1n\u00ed prov\u00e1zanosti s n\u011bmeckou ekonomikou n\u00e1s vy\u0161achovalo z mo\u017enosti vr\u00e1tit se k v\u011bt\u0161inov\u00e9 samostatnosti. Prodali jsme fabriky, p\u016fdu, vodu, p\u0159estali vyv\u00edjet vlastn\u00ed pr\u016fmysl. Odst\u0159ihnuli n\u00e1s nejen od levn\u011bj\u0161\u00edch p\u0159\u00edrodn\u00edch zdroj\u016f z Ruska, z\u00e1rove\u0148 jsme si zav\u0159eli dve\u0159e na velk\u00fd rusk\u00fd a b\u011blorusk\u00fd trh. I levicov\u00e1 ekonomka profesorka \u0160vihl\u00edkov\u00e1 p\u0159ipou\u0161t\u00ed, \u017ee odchod z EU by byl extr\u00e9mn\u011b bolestn\u00fd a podobn\u011b hovo\u0159\u00ed jin\u00e1 kriti\u010dka EU \u0160ichta\u0159ov\u00e1. Ot\u00e1zkou z\u016fst\u00e1v\u00e1, zda li je tedy lep\u0161\u00ed \u010dekat, a\u017e se eurounijn\u00ed projekt zhrout\u00ed, nebo ud\u011blat prost\u011b z\u00e1sadn\u00ed krok. Jednou z mo\u017enost\u00ed je vr\u00e1tit se k ide\u00e1m Visegr\u00e1dsk\u00e9 \u010dty\u0159ky a na n\u00ed budovat budouc\u00ed z\u00e1klad pro nov\u00fd hospod\u00e1\u0159sk\u00fd \u00fatvar.<\/p>\n<p>P\u0159edstava, \u017ee n\u00e1s budou v Bruselu zastupovat skute\u010dn\u011b schopn\u00ed a mor\u00e1ln\u011b vysp\u011bl\u00ed z\u00e1stupci, by musela vych\u00e1zet z vnitropolitick\u00e9 situace. Jen\u017ee pod\u00edv\u00e1me-li se na kvalitu na\u0161ich dom\u00e1c\u00edch politik\u016f, pak ani pravd\u011bpodobnost, \u017ee by do Bruselu sm\u011b\u0159ovali ti nejlep\u0161\u00ed z nich, nen\u00ed dosta\u010duj\u00edc\u00ed. Jestli\u017ee jsou do na\u0161ich vl\u00e1d kooptov\u00e1ni amat\u00e9\u0159i neschopn\u00ed v\u00e9st sv\u00e1 ministerstva, nelze \u010dekat z\u00e1zraky. O profesorovi politologie v \u010dele vl\u00e1dy, elektrik\u00e1\u0159i na Ministerstvu financ\u00ed (ona ani Alena Schillerov\u00e1 nen\u00ed \u017e\u00e1dn\u00fd cifr\u0161pi\u00f3n) a ministryn\u00edch obrany, kter\u00e9 v posledn\u00edch letech p\u016fsob\u00ed jako sloni v porcel\u00e1nu, bychom mohli ps\u00e1t dokola. Sou\u010dasn\u00e1 vl\u00e1da je v\u016fbec unik\u00e1t a dle toho jej\u00ed hospoda\u0159en\u00ed tak\u00e9 vypad\u00e1. V re\u00e1lu lze konstatovat, \u017ee jsou vysok\u00e9 politick\u00e9 funkce p\u0159id\u011blov\u00e1ny podle toho, kdo a kde dok\u00e1\u017ee co nejv\u00edce pen\u011bz odklonit. P\u0159\u00edpadn\u011b nasm\u011brovat ministerstvo tak, aby plnilo o\u010dek\u00e1van\u00e9 \u00fakoly. Raku\u0161an na \u201evnitru\u201c je toho p\u0159\u00edkladem. Pytle na mrtvoly a v jednom z nich Vladim\u00edr Putin je n\u011b\u010d\u00edm, co si inteligentn\u00ed p\u0159edstavitel st\u00e1tu nem\u016f\u017ee v\u016fbec dovolit.<\/p>\n<p>Ministr zahrani\u010d\u00ed el\u00e9v Lipavsk\u00fd je dal\u0161\u00edm unik\u00e1tem. Nezku\u0161en\u00fd a nedostudovan\u00fd diplomat n\u00e1m d\u011bl\u00e1 sp\u00ed\u0161e ostudu a doslova \u0161kod\u00ed zahrani\u010dn\u00ed politice. Nov\u011b se nedostatek kvalitn\u00edch k\u00e1dr\u016f projevil p\u0159i v\u00fdm\u011bn\u011b Pavla Bla\u017eka. Ministerstvo spravedlnosti bylo nab\u00eddnuto nedostudovan\u00e9 pr\u00e1vni\u010dce. Je to hezk\u00e1 a vesel\u00e1 holka, ale v\u00a0oblasti pr\u00e1va blafuje ji\u017e mnoho let a rozhodn\u011b nepat\u0159\u00ed k\u00a0pr\u00e1vnick\u00fdm es\u016fm. Pt\u00e1me se tedy, jak asi vn\u00edmaj\u00ed skute\u010dn\u00ed odborn\u00edci a mist\u0159i sv\u00e9ho oboru ty, kte\u0159\u00ed jim maj\u00ed velet, ani\u017e by m\u011bli odbornou kvalifikaci na nejvy\u0161\u0161\u00ed \u00farovni. V\u00a0politice se rozd\u00e1vaj\u00ed funkce a trafiky nikoliv podle schopnost\u00ed. St\u00e1t zdaleka nevedou ti nejlep\u0161\u00ed a dle toho to tak\u00e9 vypad\u00e1.<\/p>\n<p><a href=\"https:\/\/www.inadhled.live\/uvaha-dne\/opravdu-jsou-na-tom-personalne-tak-bidne-\/\">Jind\u0159ich Kulhav\u00fd<\/a><\/p>\n<p><img decoding=\"async\" loading=\"lazy\" class=\"alignnone size-full wp-image-48136\" src=\"http:\/\/www.infokuryr.cz\/n\/wp-content\/uploads\/2024\/02\/kulhavy-jindrich.jpg\" alt=\"\" width=\"219\" height=\"221\" srcset=\"https:\/\/www.infokuryr.cz\/n\/wp-content\/uploads\/2024\/02\/kulhavy-jindrich.jpg 219w, https:\/\/www.infokuryr.cz\/n\/wp-content\/uploads\/2024\/02\/kulhavy-jindrich-150x150.jpg 150w\" sizes=\"(max-width: 219px) 100vw, 219px\" \/><\/p>\n<p><img decoding=\"async\" loading=\"lazy\" class=\"wp-image-80899 aligncenter\" src=\"http:\/\/www.infokuryr.cz\/n\/wp-content\/uploads\/2025\/06\/Vrabel-283x300.jpg\" alt=\"\" width=\"680\" height=\"721\" srcset=\"https:\/\/www.infokuryr.cz\/n\/wp-content\/uploads\/2025\/06\/Vrabel-283x300.jpg 283w, https:\/\/www.infokuryr.cz\/n\/wp-content\/uploads\/2025\/06\/Vrabel-966x1024.jpg 966w, https:\/\/www.infokuryr.cz\/n\/wp-content\/uploads\/2025\/06\/Vrabel-768x814.jpg 768w, https:\/\/www.infokuryr.cz\/n\/wp-content\/uploads\/2025\/06\/Vrabel-1024x1086.jpg 1024w, https:\/\/www.infokuryr.cz\/n\/wp-content\/uploads\/2025\/06\/Vrabel.jpg 1080w\" sizes=\"(max-width: 680px) 100vw, 680px\" \/><\/p>\n<p>&nbsp;<\/p>\n<\/div>\n","protected":false},"excerpt":{"rendered":"<p>\u00a0Vysok\u00e1 politika v\u00a0region\u00e1ln\u00edm m\u011b\u0159\u00edtku v\u00a0r\u00e1mci \u010cesk\u00e9 republiky kop\u00edruje \u010d\u00e1ste\u010dn\u011b tu eurounijn\u00ed. Jestli\u017ee je v\u00a0\u010dele nejvy\u0161\u0161\u00edho&#8230;<\/p>\n","protected":false},"author":2,"featured_media":81936,"comment_status":"closed","ping_status":"closed","sticky":false,"template":"","format":"standard","meta":[],"categories":[6],"tags":[6975,1503,35],"_links":{"self":[{"href":"https:\/\/www.infokuryr.cz\/n\/wp-json\/wp\/v2\/posts\/81935"}],"collection":[{"href":"https:\/\/www.infokuryr.cz\/n\/wp-json\/wp\/v2\/posts"}],"about":[{"href":"https:\/\/www.infokuryr.cz\/n\/wp-json\/wp\/v2\/types\/post"}],"author":[{"embeddable":true,"href":"https:\/\/www.infokuryr.cz\/n\/wp-json\/wp\/v2\/users\/2"}],"replies":[{"embeddable":true,"href":"https:\/\/www.infokuryr.cz\/n\/wp-json\/wp\/v2\/comments?post=81935"}],"version-history":[{"count":0,"href":"https:\/\/www.infokuryr.cz\/n\/wp-json\/wp\/v2\/posts\/81935\/revisions"}],"wp:featuredmedia":[{"embeddable":true,"href":"https:\/\/www.infokuryr.cz\/n\/wp-json\/wp\/v2\/media\/81936"}],"wp:attachment":[{"href":"https:\/\/www.infokuryr.cz\/n\/wp-json\/wp\/v2\/media?parent=81935"}],"wp:term":[{"taxonomy":"category","embeddable":true,"href":"https:\/\/www.infokuryr.cz\/n\/wp-json\/wp\/v2\/categories?post=81935"},{"taxonomy":"post_tag","embeddable":true,"href":"https:\/\/www.infokuryr.cz\/n\/wp-json\/wp\/v2\/tags?post=81935"}],"curies":[{"name":"wp","href":"https:\/\/api.w.org\/{rel}","templated":true}]}}