{"id":81934,"date":"2025-06-23T00:13:00","date_gmt":"2025-06-22T22:13:00","guid":{"rendered":"https:\/\/www.infokuryr.cz\/n\/?p=81934"},"modified":"2025-06-22T12:56:41","modified_gmt":"2025-06-22T10:56:41","slug":"utokem-na-iran-se-donald-trump-zaradil-mezi-politicky-odpad-bush-obama-biden-trump-rikaji-mir-delaji-valky","status":"publish","type":"post","link":"https:\/\/www.infokuryr.cz\/n\/2025\/06\/23\/utokem-na-iran-se-donald-trump-zaradil-mezi-politicky-odpad-bush-obama-biden-trump-rikaji-mir-delaji-valky\/","title":{"rendered":"\u00datokem na Ir\u00e1n se Donald Trump za\u0159adil mezi politick\u00fd odpad: Bush, Obama, Biden, Trump. \u0158\u00edkaj\u00ed m\u00edr, d\u011blaj\u00ed v\u00e1lky!"},"content":{"rendered":"<div id=\"fb-root\"><\/div>\n<div class=\"introtext\">\n<h4>Izraelsk\u00fd premi\u00e9r Benjamin Netanjahu a americk\u00fd prezident Donald Trump \u0159ekli jasn\u011b, \u017ee jedin\u00e1 pravda ke \u017eid a Izrael. A kdo nebude p\u0159ed nimi v p\u0159edklonu, bude usmrcen.<\/h4>\n<\/div>\n<div class=\"fulltext\">\n<p>Stejn\u011b jako u Ir\u00e1ku \u010di v Libyi:\u00a0 nep\u0159edlo\u017eil \u017e\u00e1dn\u00e9 d\u016fkazy, a stejn\u011b jako terorista Netanjahu se vysm\u00edv\u00e1 zmasakrovan\u00fdm d\u011bti\u010dk\u00e1m v Palestin\u011b.<\/p>\n<p>Lid\u00e9 mu v\u011b\u0159ili, \u017ee jedn\u00e1 o m\u00edru a m\u011bl sv\u011btovou popularitu. Nyn\u00ed uk\u00e1zal, \u017ee ani v\u00e1lka ve Vietnamu, upalov\u00e1n\u00ed a zn\u00e1sil\u0148ov\u00e1n\u00ed hol\u010di\u010dek mu nebude ciz\u00ed jako v MyLai.\u00a0<a title=\"Krut\u00fd masakr v My Lai: v osad\u00e1ch Son My, do\u0161lo i na zn\u00e1sil\u0148ov\u00e1n\u00ed, brut\u00e1ln\u00ed mu\u010den\u00ed i zohavov\u00e1n\u00ed mrtv\u00fdch t\u011bl\" href=\"https:\/\/zoom.iprima.cz\/valky\/masakr-my-lai-94096\" target=\"_blank\" rel=\"noopener\">Krut\u00fd masakr v My Lai: v osad\u00e1ch Son My, do\u0161lo i na zn\u00e1sil\u0148ov\u00e1n\u00ed, brut\u00e1ln\u00ed mu\u010den\u00ed i zohavov\u00e1n\u00ed mrtv\u00fdch t\u011bl<\/a><\/p>\n<p>To, co d\u011bl\u00e1 Benjamin Netanjahu, se v mnoh\u00e9m tomuto zv\u011brstvu v Gaze podob\u00e1. A dne\u0161n\u00ed noc\u00ed se Donald Trump za\u0159adil mezi tyto v\u00e1le\u010dn\u00e9 \u0161\u00edlence\u00a0 a besti\u00e1ln\u00ed zb\u011b\u0159.\u00a0S\u00e1m tak ne\u010din\u00ed, ale pom\u00e1h\u00e1 mor\u00e1ln\u00ed zr\u016fd\u011b.<\/p>\n<p><strong>Je jasn\u00e9, \u017ee prezident Putin za\u010dal b\u00fdt ostra\u017eit\u00fd a je jasn\u00e9, \u017ee nyn\u00ed bude v Rusku jasn\u00fd povel razantn\u011b nav\u00fd\u0161it jadern\u00fd odstra\u0161ovac\u00ed potenci\u00e1l.\u00a0 Budeme \u010dekat ne jeho reakce.\u00a0<\/strong><\/p>\n<div class=\"ArticleHeader_text_box__xVuN7\">\n<div class=\"ArticleHeader_upper_box__MWuYD\">\n<h1 class=\"ArticleHeader_title__F5mqk\">Co je zn\u00e1mo o americk\u00fdch \u00fatoc\u00edch na \u00cdr\u00e1n<\/h1>\n<\/div>\n<\/div>\n<article class=\"Content_wrapper__DiAVL\">\n<p class=\"Paragraph_paragraph__9WAFK Paragraph_paragraph--in_article_page__a1yJe\">Americk\u00e9 bombard\u00e9ry v noci na 22. \u010dervna za\u00fato\u010dily na t\u0159i jadern\u00e1 za\u0159\u00edzen\u00ed \u00cdr\u00e1nu, ozn\u00e1mil americk\u00fd prezident Donald Trump. Washington tedy vstoupil do ozbrojen\u00e9ho konfliktu dev\u011bt dn\u00ed po jeho eskalaci, kter\u00fd za\u010dal izraelsk\u00fdmi \u00fadery.<\/p>\n<\/article>\n<h2 class=\"Title_block__cDJyp\">O \u00fatoku<\/h2>\n<div class=\"Paragraph_paragraph__9WAFK Paragraph_paragraph--in_article_page__a1yJe\">\n<ul>\n<li>Trump \u00fatok ozn\u00e1mil\u00a0v Truth Social, pozd\u011bji pronesl adresu v televizi.<\/li>\n<li>V Isfah\u00e1nu, Nathanze a Fordow, byla napadena\u00a0t\u0159i jadern\u00e1 za\u0159\u00edzen\u00ed. V posledn\u00edch letadlech svrhly &#8222;pln\u00e9 muni\u010dn\u00ed bomby&#8220;.<\/li>\n<li>Kl\u00ed\u010dov\u00e9 \u00edr\u00e1nsk\u00e9 za\u0159\u00edzen\u00ed pro obohacov\u00e1n\u00ed uranu byly zcela zni\u010deny, \u0159ekl Trump.<\/li>\n<li>\u0158ekl, \u017ee je \u201e\u010das na m\u00edr\u201c, ale vyhro\u017eoval nov\u00fdmi \u00fatoky, \u201epokud sv\u011bt nep\u0159ijde rychle\u201c.<\/li>\n<li>Agentura Reuters uvedla, \u017ee \u00fadery provedly strategick\u00e9 bombard\u00e9ry B-2, schopn\u00e9 n\u00e9st protibunkov\u00e9 bomby GBU-5.<\/li>\n<li>Americk\u00fd \u00fatok proti \u00cdr\u00e1nu byl prvn\u00ed\u00a0od roku 1979.<\/li>\n<li>Izrael byl upozorn\u011bn p\u0159ed\u00a0\u00a0bl\u00ed\u017e\u00edc\u00edmi se \u00fadery<a href=\"https:\/\/tass.ru\/mezhdunarodnaya-panorama\/24314117\" target=\"_blank\" rel=\"noopener\">,<\/a>\u00a0uvedla stanice ABC News.<\/li>\n<li>\u00cdr\u00e1n tak\u00e9 obdr\u017eel od Spojen\u00fdch st\u00e1t\u016f informace o tom, \u017ee \u00fadery budou zdr\u017eenliv\u00e9 a \u017ee \u017e\u00e1dn\u00e9 dal\u0161\u00ed \u00fatoky nejsou v pl\u00e1nu, uvedl report\u00e9r CNN.<\/li>\n<\/ul>\n<\/div>\n<h2 class=\"Title_block__cDJyp\">\u00cdr\u00e1n bude i nad\u00e1le fungovat<\/h2>\n<div class=\"Paragraph_paragraph__9WAFK Paragraph_paragraph--in_article_page__a1yJe\">\n<ul>\n<li>\u00cdr\u00e1nsk\u00e1 organizace pro atomovou energii potvrdila<a href=\"https:\/\/tass.ru\/proisshestviya\/24314513\" target=\"_blank\" rel=\"noopener\">,<\/a>\u00a0\u017ee za\u0159\u00edzen\u00ed v Isfah\u00e1nu, Natanzu a Fordow byla napadena jako poru\u0161en\u00ed mezin\u00e1rodn\u00edho pr\u00e1va.<\/li>\n<li>\u00cdr\u00e1n bude i p\u0159es \u00fader pokra\u010dovat v rozvoji jadern\u00e9ho pr\u016fmyslu.<\/li>\n<li>Poradce p\u0159edsedy \u00edr\u00e1nsk\u00e9ho parlamentu Mehdi Mohammadi uvedl<a href=\"https:\/\/tass.ru\/proisshestviya\/24314307\" target=\"_blank\" rel=\"noopener\">,<\/a>\u00a0\u017ee Teher\u00e1n \u010dek\u00e1 na \u00fatok na objekt ve Fordowu, byl evakuov\u00e1n a nedo\u010dkal si nevratn\u00fdch \u0161kod.<\/li>\n<li>Americk\u00fd \u00fader na Fordow nepovede k jadern\u00e9mu v\u00fdbuchu ani k rozs\u00e1hl\u00e9mu uvoln\u011bn\u00ed radiace, uvedla stanice NBC News. V za\u0159\u00edzen\u00ed nebyly jadern\u00e9 reaktory ani hlavice.<\/li>\n<\/ul>\n<\/div>\n<h2 class=\"Title_block__cDJyp\">Prvn\u00ed reakce<\/h2>\n<div class=\"Paragraph_paragraph__9WAFK Paragraph_paragraph--in_article_page__a1yJe\">\n<ul>\n<li>Izraelsk\u00fd premi\u00e9r Benjamin Netanjahu pod\u011bkoval\u00a0Trumpovi za americk\u00fd \u00fader na \u00cdr\u00e1n a \u0159ekl, \u017ee \u201ezm\u011bn\u00ed historii\u201c.<\/li>\n<li>Gener\u00e1ln\u00ed tajemn\u00edk OSN Ant\u00f3nio Guterres ozna\u010dilamerick\u00e9 \u00fadery za p\u0159\u00edmou hrozbu pro mezin\u00e1rodn\u00ed m\u00edr a varoval, \u017ee konflikt by se mohl rychle vymknout kontrole.<\/li>\n<li>USA ost\u0159e kritizovali kub\u00e1nsk\u00fd prezident Miguel Diaz-Canel a venezuelsk\u00fd ministr zahrani\u010d\u00ed Ivan Gil Pinto.<\/li>\n<li>Ve Spojen\u00fdch st\u00e1tech \u00fatok na \u00cdr\u00e1n podpo\u0159il\u00a0p\u0159edseda sn\u011bmovny z\u00e1stupc\u016f Kongresu Mike Johnson, ale kritizovval\u00a0z\u00e1konod\u00e1rkyni Marjorie Taylor-Greenovou.<\/li>\n<li>Poslankyn\u011b Alexandria Ocasio-Cortezov\u00e1 ozna\u010dila\u00a0masakr bez souhlasu Kongresu za p\u016fdu Trumpova impeachmentu.<\/li>\n<\/ul>\n<\/div>\n<h2 class=\"Title_block__cDJyp\">Odm\u00edtnut\u00ed diplomacie<\/h2>\n<div class=\"Paragraph_paragraph__9WAFK Paragraph_paragraph--in_article_page__a1yJe\">\n<ul>\n<li>P\u0159ed \u00fatokem americk\u00fd ministr zahrani\u010d\u00ed Marko Rubio \u0159ekl\u00a0evropsk\u00fdm spojenc\u016fm, \u017ee Washington st\u00e1le po\u010d\u00edt\u00e1 s diplomatick\u00fdm urovn\u00e1n\u00edm, uvedl Wall Street Journal.<\/li>\n<li>Za dva dny\u00a0Rubio jednal se z\u00e1stupci Velk\u00e9 Brit\u00e1nie, It\u00e1lie, Kypru, Francie a \u0160v\u00e9dska.<\/li>\n<li>\u00cdr\u00e1nsk\u00fd ministr zahrani\u010d\u00ed Abb\u00e1s Arag\u010di se v \u017denev\u011b setkal se z\u00e1stupci evropsk\u00fdch zem\u00ed, ale nepoda\u0159ilo se jim dos\u00e1hnout pr\u016flomu v procesu vyjedn\u00e1v\u00e1n\u00ed.<\/li>\n<\/ul>\n<p>A dnes v noci zah\u00e1jil Donald Trump mohutn\u00e9 bombardov\u00e1n\u00ed Ir\u00e1nu.\u00a0Civilizovan\u00fd sv\u011bt by to m\u011bl odm\u00edtnout: bez d\u016fkaz\u016f napadnout jin\u00fd st\u00e1t je prost\u011b terorismus. \u017d\u00e1dn\u00fd jin\u00fd n\u00e1zev to nem\u00e1. A nebr\u00e1nil t\u00edm masakrovan\u00e9 \u017eidy v Ir\u00e1nu jako Putin rusk\u00e9 Ukrajince.\u00a0Prost\u011b Trump napadl po Ir\u00e1ku, Libyi, Vietnamu, Jugosl\u00e1vii Ir\u00e1n.<\/p>\n<p>N\u00e1s nezaj\u00edmaj\u00ed ortodoxn\u00ed \u017eidov\u0161t\u00ed p\u0159\u00edbuzn\u00ed Trumpa.\u00a0\u017didovsk\u00fd st\u00e1t m\u00e1 jadern\u00e9 zbran\u011b, vyhro\u017euje jadern\u00fdmi zbran\u011bmi a chov\u00e1 se jak nacistick\u00e1 sb\u011b\u0159 za druh\u00e9 sv\u011btov\u00e9 v\u00e1lky.\u00a0Kdyby Izrael nevra\u017edil v nemocnic\u00edch \u017eeny a d\u011bti, novin\u00e1\u0159e a nevyhazoval sanitky do vzduchu, sv\u011bt by tento \u00fatok vn\u00edmal jinak.\u00a0<strong>Bohu\u017eel Trump pom\u00e1h\u00e1 teroristick\u00fdm \u0161\u00edlenc\u016fm a to je neodpustiteln\u00e9.\u00a0<\/strong><\/p>\n<p>Te\u010dka!<\/p>\n<p><a href=\"https:\/\/www.skrytapravda.cz\/ze-zahranici\/2640-utokem-na-iran-se-donald-trump-zaradil-mezi-politicky-odpad-bush-obama-biden-trump-rikaji-mir-delaji-valky\">Petr Pokorn\u00fd<\/a><\/p>\n<p><img decoding=\"async\" loading=\"lazy\" class=\"wp-image-80899 aligncenter\" src=\"http:\/\/www.infokuryr.cz\/n\/wp-content\/uploads\/2025\/06\/Vrabel-283x300.jpg\" alt=\"\" width=\"673\" height=\"713\" srcset=\"https:\/\/www.infokuryr.cz\/n\/wp-content\/uploads\/2025\/06\/Vrabel-283x300.jpg 283w, https:\/\/www.infokuryr.cz\/n\/wp-content\/uploads\/2025\/06\/Vrabel-966x1024.jpg 966w, https:\/\/www.infokuryr.cz\/n\/wp-content\/uploads\/2025\/06\/Vrabel-768x814.jpg 768w, https:\/\/www.infokuryr.cz\/n\/wp-content\/uploads\/2025\/06\/Vrabel-1024x1086.jpg 1024w, https:\/\/www.infokuryr.cz\/n\/wp-content\/uploads\/2025\/06\/Vrabel.jpg 1080w\" sizes=\"(max-width: 673px) 100vw, 673px\" \/><\/p>\n<p>&nbsp;<\/p>\n<\/div>\n<\/div>\n","protected":false},"excerpt":{"rendered":"<p>Izraelsk\u00fd premi\u00e9r Benjamin Netanjahu a americk\u00fd prezident Donald Trump \u0159ekli jasn\u011b, \u017ee jedin\u00e1 pravda ke&#8230;<\/p>\n","protected":false},"author":2,"featured_media":73412,"comment_status":"closed","ping_status":"closed","sticky":false,"template":"","format":"standard","meta":[],"categories":[6],"tags":[38,1503,452,40],"_links":{"self":[{"href":"https:\/\/www.infokuryr.cz\/n\/wp-json\/wp\/v2\/posts\/81934"}],"collection":[{"href":"https:\/\/www.infokuryr.cz\/n\/wp-json\/wp\/v2\/posts"}],"about":[{"href":"https:\/\/www.infokuryr.cz\/n\/wp-json\/wp\/v2\/types\/post"}],"author":[{"embeddable":true,"href":"https:\/\/www.infokuryr.cz\/n\/wp-json\/wp\/v2\/users\/2"}],"replies":[{"embeddable":true,"href":"https:\/\/www.infokuryr.cz\/n\/wp-json\/wp\/v2\/comments?post=81934"}],"version-history":[{"count":0,"href":"https:\/\/www.infokuryr.cz\/n\/wp-json\/wp\/v2\/posts\/81934\/revisions"}],"wp:featuredmedia":[{"embeddable":true,"href":"https:\/\/www.infokuryr.cz\/n\/wp-json\/wp\/v2\/media\/73412"}],"wp:attachment":[{"href":"https:\/\/www.infokuryr.cz\/n\/wp-json\/wp\/v2\/media?parent=81934"}],"wp:term":[{"taxonomy":"category","embeddable":true,"href":"https:\/\/www.infokuryr.cz\/n\/wp-json\/wp\/v2\/categories?post=81934"},{"taxonomy":"post_tag","embeddable":true,"href":"https:\/\/www.infokuryr.cz\/n\/wp-json\/wp\/v2\/tags?post=81934"}],"curies":[{"name":"wp","href":"https:\/\/api.w.org\/{rel}","templated":true}]}}