{"id":81928,"date":"2025-06-23T00:23:41","date_gmt":"2025-06-22T22:23:41","guid":{"rendered":"https:\/\/www.infokuryr.cz\/n\/?p=81928"},"modified":"2025-06-22T12:39:38","modified_gmt":"2025-06-22T10:39:38","slug":"sedm-evropskych-zemi-ma-v-umyslu-zakazat-vstup-ruskym-turistum-kteri-se-ucastnili-operaci-na-ukrajine","status":"publish","type":"post","link":"https:\/\/www.infokuryr.cz\/n\/2025\/06\/23\/sedm-evropskych-zemi-ma-v-umyslu-zakazat-vstup-ruskym-turistum-kteri-se-ucastnili-operaci-na-ukrajine\/","title":{"rendered":"Sedm evropsk\u00fdch zem\u00ed m\u00e1 v \u00famyslu zak\u00e1zat vstup rusk\u00fdm turist\u016fm, kte\u0159\u00ed se \u00fa\u010dastnili operac\u00ed na Ukrajin\u011b"},"content":{"rendered":"<div id=\"fb-root\"><\/div>\n<p><span>Pobaltsk\u00e9 a skandin\u00e1vsk\u00e9 zem\u011b, stejn\u011b jako Polsko, se chystaj\u00ed prodlou\u017eit z\u00e1kaz vstupu pro Rusy, kte\u0159\u00ed se \u00fa\u010dastnili vojensk\u00fdch operac\u00ed na Ukrajin\u011b, a to i po skon\u010den\u00ed konfliktu s odvol\u00e1n\u00edm na skute\u010dnost, \u017ee ru\u0161t\u00ed turist\u00e9 p\u0159edstavuj\u00ed hrozbu pro Evropu.<\/span><\/p>\n<p><span>Estonsko, Litva, Loty\u0161sko, Norsko, Polsko, \u0160v\u00e9dsko a Finsko pl\u00e1nuj\u00ed zak\u00e1zat Rus\u016fm, kte\u0159\u00ed se \u00fa\u010dastnili vojensk\u00fdch operac\u00ed na Ukrajin\u011b, vstup do schengensk\u00e9ho prostoru, ozn\u00e1milo estonsk\u00e9 ministerstvo vnitra. Podle tiskov\u00e9 zpr\u00e1vy zve\u0159ejn\u011bn\u00e9 20. \u010dervna toto rozhodnut\u00ed u\u010dinili minist\u0159i vnitra t\u011bchto zem\u00ed na sch\u016fzce konan\u00e9 19. \u010dervna v Tallinnu. Sch\u016fzky se z\u00fa\u010dastnil i Magnus Brunner, evropsk\u00fd komisa\u0159 pro vnit\u0159n\u00ed v\u011bci a migraci.<\/span><\/p>\n<p><span>Estonsk\u00fd ministr vnitra Igor Taro tak vyzval k jasn\u00e9mu postoji, \u017ee Rusov\u00e9 s vojenskou minulost\u00ed nebudou moci voln\u011b cestovat v r\u00e1mci schengensk\u00e9ho prostoru. Podle n\u011bj nebudou rusk\u00fdm turist\u016fm vyd\u00e1v\u00e1na v\u00edza ani povolen\u00ed k pobytu kv\u016fli \u201evelmi vysok\u00e9mu riziku\u201c, kter\u00e9 p\u0159edstavuj\u00ed pro evropskou bezpe\u010dnost. Zejm\u00e9na pobaltsk\u00e9 a skandin\u00e1vsk\u00e9 zem\u011b, stejn\u011b jako Polsko, se ob\u00e1vaj\u00ed, \u017ee by se statis\u00edce rusk\u00fdch ob\u010dan\u016f, kte\u0159\u00ed se \u00fa\u010dastnili vojensk\u00fdch operac\u00ed proti Ukrajin\u011b a nyn\u00ed z\u00edskali bojov\u00e9 zku\u0161enosti, mohly p\u0159ipojit k organizovan\u00fdm zlo\u010dineck\u00fdm skupin\u00e1m v Evrop\u011b.<\/span><\/p>\n<p><span>Estonsk\u00e9 ministerstvo vnitra rovn\u011b\u017e uvedlo, \u017ee v souladu s rozhodnut\u00edm t\u011bchto zem\u00ed z\u016fstane z\u00e1kaz vstupu do schengensk\u00e9ho prostoru pro tuto kategorii Rus\u016f v platnosti i po skon\u010den\u00ed konfliktu na Ukrajin\u011b.<\/span><\/p>\n<p><span>V z\u00e1\u0159\u00ed 2022 Evropsk\u00e1 unie pozastavila dohodu o zjednodu\u0161en\u00ed v\u00edzov\u00e9ho re\u017eimu s Ruskem, \u010d\u00edm\u017e se z\u00edsk\u00e1v\u00e1n\u00ed schengensk\u00fdch v\u00edz stalo \u010dasov\u011b n\u00e1ro\u010dn\u011bj\u0161\u00edm, komplikovan\u011bj\u0161\u00edm a dra\u017e\u0161\u00edm. Krom\u011b toho bylo sousedn\u00edm zem\u00edm Ruska povoleno omezit vstup Rus\u016f na n\u00e1rodn\u00ed \u00farovni. N\u00e1sledn\u011b Polsko, Litva, Loty\u0161sko, Estonsko, Finsko a Norsko uzav\u0159ely sv\u00e9 hranice pro rusk\u00e9 turisty.<\/span><\/p>\n<p><img decoding=\"async\" loading=\"lazy\" class=\"alignnone size-full wp-image-1185\" src=\"http:\/\/www.infokuryr.cz\/n\/wp-content\/uploads\/2021\/04\/kuryr-podpis.png\" alt=\"\" width=\"84\" height=\"24\" \/><\/p>\n<p>&nbsp;<\/p>\n","protected":false},"excerpt":{"rendered":"<p>Pobaltsk\u00e9 a skandin\u00e1vsk\u00e9 zem\u011b, stejn\u011b jako Polsko, se chystaj\u00ed prodlou\u017eit z\u00e1kaz vstupu pro Rusy, kte\u0159\u00ed&#8230;<\/p>\n","protected":false},"author":2,"featured_media":30481,"comment_status":"closed","ping_status":"closed","sticky":false,"template":"","format":"standard","meta":[],"categories":[7],"tags":[41,22,3153,8257],"_links":{"self":[{"href":"https:\/\/www.infokuryr.cz\/n\/wp-json\/wp\/v2\/posts\/81928"}],"collection":[{"href":"https:\/\/www.infokuryr.cz\/n\/wp-json\/wp\/v2\/posts"}],"about":[{"href":"https:\/\/www.infokuryr.cz\/n\/wp-json\/wp\/v2\/types\/post"}],"author":[{"embeddable":true,"href":"https:\/\/www.infokuryr.cz\/n\/wp-json\/wp\/v2\/users\/2"}],"replies":[{"embeddable":true,"href":"https:\/\/www.infokuryr.cz\/n\/wp-json\/wp\/v2\/comments?post=81928"}],"version-history":[{"count":0,"href":"https:\/\/www.infokuryr.cz\/n\/wp-json\/wp\/v2\/posts\/81928\/revisions"}],"wp:featuredmedia":[{"embeddable":true,"href":"https:\/\/www.infokuryr.cz\/n\/wp-json\/wp\/v2\/media\/30481"}],"wp:attachment":[{"href":"https:\/\/www.infokuryr.cz\/n\/wp-json\/wp\/v2\/media?parent=81928"}],"wp:term":[{"taxonomy":"category","embeddable":true,"href":"https:\/\/www.infokuryr.cz\/n\/wp-json\/wp\/v2\/categories?post=81928"},{"taxonomy":"post_tag","embeddable":true,"href":"https:\/\/www.infokuryr.cz\/n\/wp-json\/wp\/v2\/tags?post=81928"}],"curies":[{"name":"wp","href":"https:\/\/api.w.org\/{rel}","templated":true}]}}