{"id":81923,"date":"2025-06-23T00:21:04","date_gmt":"2025-06-22T22:21:04","guid":{"rendered":"https:\/\/www.infokuryr.cz\/n\/?p=81923"},"modified":"2025-06-22T12:31:51","modified_gmt":"2025-06-22T10:31:51","slug":"pri-prvnim-iranskem-raketovem-utoku-na-izrael-po-utoku-usa-bylo-zraneno-pres-tucet-lidi","status":"publish","type":"post","link":"https:\/\/www.infokuryr.cz\/n\/2025\/06\/23\/pri-prvnim-iranskem-raketovem-utoku-na-izrael-po-utoku-usa-bylo-zraneno-pres-tucet-lidi\/","title":{"rendered":"P\u0159i prvn\u00edm \u00edr\u00e1nsk\u00e9m raketov\u00e9m \u00fatoku na Izrael po \u00fatoku USA bylo zran\u011bno p\u0159es tucet lid\u00ed"},"content":{"rendered":"<div id=\"fb-root\"><\/div>\n<p><strong><span>\u00cdr\u00e1n zah\u00e1jil 22. \u010dervna r\u00e1no ni\u010div\u00fd raketov\u00fd \u00fader proti c\u00edl\u016fm v Izraeli, jen n\u011bkolik hodin pot\u00e9, co na n\u011bj za\u00fato\u010dily Spojen\u00e9 st\u00e1ty.<\/span><\/strong><\/p>\n<p><span>Izraelsk\u00e9 obrann\u00e9 s\u00edly (IDF) uvedly, \u017ee z \u00cdr\u00e1nu bylo na Izrael ve dvou vln\u00e1ch odp\u00e1leno nejm\u00e9n\u011b 27 balistick\u00fdch raket. Prvn\u00ed vlna zahrnovala 22 raket a druh\u00e1 p\u011bt, uv\u00e1d\u00ed arm\u00e1da.<\/span><\/p>\n<p><span>Z m\u011bst Tel Aviv a Nes Tziona ve st\u0159edn\u00edm Izraeli a tak\u00e9 ze severn\u00edho m\u011bsta Haifa bylo hl\u00e1\u0161eno n\u011bkolik dopad\u016f, p\u0159i\u010dem\u017e z\u00e1b\u011bry ukazuj\u00ed zna\u010dn\u00e9 \u0161kody.<\/span><\/p>\n<p><span>Izraelsk\u00e1 z\u00e1chrann\u00e1 slu\u017eba Magen David Adom uvedla, \u017ee p\u0159i raketov\u00e9m \u00fatoku bylo zran\u011bno 16 lid\u00ed, z nich\u017e jeden je ve st\u0159edn\u011b t\u011b\u017ek\u00e9m stavu. Izraelsk\u00e9 obrann\u00e9 s\u00edly pozd\u011bji uvedly, \u017ee dopad v Haif\u011b, p\u0159i kter\u00e9m byli zran\u011bni nejm\u00e9n\u011b t\u0159i lid\u00e9, byl pravd\u011bpodobn\u011b zp\u016fsoben vadnou st\u00edhac\u00ed st\u0159elou.<\/span><\/p>\n<p><iframe loading=\"lazy\" src=\"https:\/\/s5.cdnstatic.space\/wp-content\/uploads\/2025\/06\/IMG_6436.mp4\" width=\"600\" height=\"338\" data-mce-fragment=\"1\"><\/iframe><\/p>\n<p><iframe loading=\"lazy\" src=\"https:\/\/s5.cdnstatic.space\/wp-content\/uploads\/2025\/06\/IMG_5671.mp4\" width=\"600\" height=\"338\" data-mce-fragment=\"1\"><\/iframe><\/p>\n<p><iframe loading=\"lazy\" src=\"https:\/\/s5.cdnstatic.space\/wp-content\/uploads\/2025\/06\/IMG_5670.mp4\" width=\"600\" height=\"338\" data-mce-fragment=\"1\"><\/iframe><\/p>\n<p><iframe loading=\"lazy\" src=\"https:\/\/s5.cdnstatic.space\/wp-content\/uploads\/2025\/06\/IMG_3138.mp4\" width=\"600\" height=\"338\" data-mce-fragment=\"1\"><\/iframe><\/p>\n<p><iframe loading=\"lazy\" src=\"https:\/\/s5.cdnstatic.space\/wp-content\/uploads\/2025\/06\/IMG_7763.mp4\" width=\"600\" height=\"338\" data-mce-fragment=\"1\"><\/iframe><\/p>\n<p><iframe loading=\"lazy\" src=\"https:\/\/s5.cdnstatic.space\/wp-content\/uploads\/2025\/06\/IMG_8798.mp4\" width=\"600\" height=\"338\" data-mce-fragment=\"1\"><\/iframe><\/p>\n<p><iframe loading=\"lazy\" src=\"https:\/\/s5.cdnstatic.space\/wp-content\/uploads\/2025\/06\/IMG_1187.mp4\" width=\"600\" height=\"338\" data-mce-fragment=\"1\"><\/iframe><\/p>\n<p><span>Isl\u00e1msk\u00e9 revolu\u010dn\u00ed gardy (IRGC) ozn\u00e1mily, \u017ee c\u00edlem \u00fatoku bylo poprv\u00e9 leti\u0161t\u011b Ben Guriona pobl\u00ed\u017e Tel Avivu.<\/span><\/p>\n<p><em>\u201eDvac\u00e1t\u00e1 vlna operace Honest Promise 3 za\u010dala s vyu\u017eit\u00edm kombinace raket dlouh\u00e9ho doletu na kapaln\u00e1 a pevn\u00e1 paliva s ni\u010divou silou hlavic,\u201c uvedli p\u0159\u00edslu\u0161n\u00edci gardy v prohl\u00e1\u0161en\u00ed citovan\u00e9m tiskovou agenturou Fars.<\/em><\/p>\n<p><span>Mezi c\u00edli se nach\u00e1zelo leti\u0161t\u011b, \u201ebiologick\u00e9 v\u00fdzkumn\u00e9 centrum\u201c, logistick\u00e9 z\u00e1kladny a r\u016fzn\u00e9 \u00farovn\u011b velitelsk\u00fdch a \u0159\u00eddic\u00edch center, dodala zpr\u00e1va.<\/span><\/p>\n<p><span>IRGC tak\u00e9 uvedla, \u017ee poprv\u00e9 pou\u017eila balistickou st\u0159elu st\u0159edn\u00edho doletu Kheibar, kter\u00e1 m\u00e1 dolet 2 000 kilometr\u016f a m\u016f\u017ee n\u00e9st hlavici o hmotnosti a\u017e 1 800 kg.<\/span><\/p>\n<p><span>Jen n\u011bkolik hodin p\u0159ed ni\u010div\u00fdm raketov\u00fdm \u00fatokem se USA p\u0159ipojily k izraelsk\u00e9mu \u00fatoku na \u00cdr\u00e1n. Americk\u00e9 bombard\u00e9ry a v\u00e1le\u010dn\u00e9 lod\u011b za\u00fato\u010dily na jadern\u00e1 za\u0159\u00edzen\u00ed Fordow, Natanz a Isfah\u00e1n v Isl\u00e1msk\u00e9 republice. Teher\u00e1n na tento bezprecedentn\u00ed \u00fatok dosud nereagoval.<\/span><\/p>\n<p><span>\u00cdr\u00e1n od zah\u00e1jen\u00ed izraelsk\u00e9ho \u00fatoku na jeho jadern\u00fd program s kryc\u00edm n\u00e1zvem Operace Rising Lion 13. \u010dervna odp\u00e1lil podle IDF v\u00edce ne\u017e 450 balistick\u00fdch raket a 1000 sebevra\u017eedn\u00fdch dron\u016f. Odvetn\u00e9 \u00fatoky s kryc\u00edm n\u00e1zvem Operace True Promise 3 si v Izraeli vy\u017e\u00e1daly 24 \u017eivot\u016f a v\u00edce ne\u017e 500 dal\u0161\u00edch bylo zran\u011bno.<\/span><\/p>\n<p><img decoding=\"async\" loading=\"lazy\" class=\"alignnone size-full wp-image-1185\" src=\"http:\/\/www.infokuryr.cz\/n\/wp-content\/uploads\/2021\/04\/kuryr-podpis.png\" alt=\"\" width=\"84\" height=\"24\" \/><\/p>\n<p>&nbsp;<\/p>\n","protected":false},"excerpt":{"rendered":"<p>\u00cdr\u00e1n zah\u00e1jil 22. \u010dervna r\u00e1no ni\u010div\u00fd raketov\u00fd \u00fader proti c\u00edl\u016fm v Izraeli, jen n\u011bkolik hodin&#8230;<\/p>\n","protected":false},"author":2,"featured_media":81924,"comment_status":"closed","ping_status":"closed","sticky":false,"template":"","format":"standard","meta":[],"categories":[7],"tags":[38,107,723,5135],"_links":{"self":[{"href":"https:\/\/www.infokuryr.cz\/n\/wp-json\/wp\/v2\/posts\/81923"}],"collection":[{"href":"https:\/\/www.infokuryr.cz\/n\/wp-json\/wp\/v2\/posts"}],"about":[{"href":"https:\/\/www.infokuryr.cz\/n\/wp-json\/wp\/v2\/types\/post"}],"author":[{"embeddable":true,"href":"https:\/\/www.infokuryr.cz\/n\/wp-json\/wp\/v2\/users\/2"}],"replies":[{"embeddable":true,"href":"https:\/\/www.infokuryr.cz\/n\/wp-json\/wp\/v2\/comments?post=81923"}],"version-history":[{"count":1,"href":"https:\/\/www.infokuryr.cz\/n\/wp-json\/wp\/v2\/posts\/81923\/revisions"}],"predecessor-version":[{"id":81925,"href":"https:\/\/www.infokuryr.cz\/n\/wp-json\/wp\/v2\/posts\/81923\/revisions\/81925"}],"wp:featuredmedia":[{"embeddable":true,"href":"https:\/\/www.infokuryr.cz\/n\/wp-json\/wp\/v2\/media\/81924"}],"wp:attachment":[{"href":"https:\/\/www.infokuryr.cz\/n\/wp-json\/wp\/v2\/media?parent=81923"}],"wp:term":[{"taxonomy":"category","embeddable":true,"href":"https:\/\/www.infokuryr.cz\/n\/wp-json\/wp\/v2\/categories?post=81923"},{"taxonomy":"post_tag","embeddable":true,"href":"https:\/\/www.infokuryr.cz\/n\/wp-json\/wp\/v2\/tags?post=81923"}],"curies":[{"name":"wp","href":"https:\/\/api.w.org\/{rel}","templated":true}]}}