{"id":81911,"date":"2025-06-23T00:15:17","date_gmt":"2025-06-22T22:15:17","guid":{"rendered":"https:\/\/www.infokuryr.cz\/n\/?p=81911"},"modified":"2025-06-22T12:01:45","modified_gmt":"2025-06-22T10:01:45","slug":"trump-vyhlasil-valku-utok-na-iran-je-v-rozporu-s-mezinarodnim-pravem","status":"publish","type":"post","link":"https:\/\/www.infokuryr.cz\/n\/2025\/06\/23\/trump-vyhlasil-valku-utok-na-iran-je-v-rozporu-s-mezinarodnim-pravem\/","title":{"rendered":"Trump vyhl\u00e1sil v\u00e1lku \u2013 \u00fatok na \u00cdr\u00e1n je v rozporu s mezin\u00e1rodn\u00edm pr\u00e1vem"},"content":{"rendered":"<div id=\"fb-root\"><\/div>\n<div class=\"elementor-element elementor-element-1fb4c2c elementor-widget elementor-widget-theme-post-content\" data-id=\"1fb4c2c\" data-element_type=\"widget\" data-widget_type=\"theme-post-content.default\">\n<div class=\"elementor-widget-container\">\n<p><span>Prezident <\/span><strong><span>Donald Trump\u00a0<\/span><\/strong><span><strong>v\u010dera ve\u010der<\/strong>\u00a0na\u0159\u00eddil leteck\u00fd \u00fader na t\u0159i \u00edr\u00e1nsk\u00e1 jadern\u00e1 za\u0159\u00edzen\u00ed \u2013 Fordow, Natanz a Isfah\u00e1n \u2013 \u010d\u00edm\u017e poru\u0161il v\u0161echny principy mezin\u00e1rodn\u00edho pr\u00e1va. \u00cdr\u00e1n neud\u011blal nic, co by Spojen\u00fdm st\u00e1t\u016fm p\u0159\u00edmo ubl\u00ed\u017eilo. Trump nicm\u00e9n\u011b v\u00edt\u011bzoslavn\u011b prohl\u00e1sil, \u017ee tato za\u0159\u00edzen\u00ed byla\u00a0<\/span><strong><span>\u201ezcela zni\u010dena<\/span><\/strong><span>\u00a0\u201c .<\/span><\/p>\n<h3 class=\"wp-block-heading\"><span>Poru\u0161en\u00ed mezin\u00e1rodn\u00edho pr\u00e1va, eskalace, zm\u011bna re\u017eimu<\/span><\/h3>\n<ul>\n<li><span>K \u00fatoku do\u0161lo\u00a0<\/span><strong><span>bez mand\u00e1tu OSN a bez souhlasu americk\u00e9ho Kongresu<\/span><\/strong><span>\u00a0\u2013 co\u017e je jasn\u00e9 poru\u0161en\u00ed Charty OSN a \u00dastavy USA.<\/span><\/li>\n<li><span>Ofici\u00e1ln\u011b jde o \u00fadajnou jadernou hrozbu, ale ve skute\u010dnosti jde o\u00a0<\/span><strong><span>zm\u011bnu re\u017eimu<\/span><\/strong><span>\u00a0\u2013 tajnou v\u00e1lku s c\u00edlem ovl\u00e1dnout \u00edr\u00e1nsk\u00e9 obyvatelstvo, vedenou bez demokratick\u00e9 kontroly.<\/span><\/li>\n<li><span>Tato eskalace\u00a0<\/span><strong><span>nen\u00ed stavem nouze<\/span><\/strong><span>\u00a0, ale nebezpe\u010dnou demonstrac\u00ed moci \u201eDivok\u00e9ho z\u00e1padu\u201c pod rou\u0161kou \u201em\u00edru skrze s\u00edlu\u201c.<\/span><\/li>\n<\/ul>\n<h3 class=\"wp-block-heading\"><span>Hroz\u00edc\u00ed sv\u011btov\u00fd po\u017e\u00e1r a glob\u00e1ln\u00ed rizika<\/span><\/h3>\n<ul>\n<li><span>\u00cdr\u00e1n hroz\u00ed\u00a0<\/span><strong><span>\u201ev\u011b\u010dn\u00fdmi n\u00e1sledky\u201c<\/span><\/strong><span>\u00a0a slibuje odvetu, kter\u00e1 uvrhne cel\u00fd Bl\u00edzk\u00fd v\u00fdchod do chaosu.<\/span><\/li>\n<li><span>Naru\u0161en\u00ed trhu s ropou, rostouc\u00ed ceny a geopolitick\u00e1 nestabilita:\u00a0<\/span><strong><span>Sv\u011bt je na pokraji propasti<\/span><\/strong><span>\u00a0\u2013 \u00fatok by mohl spustit glob\u00e1ln\u00ed dominov\u00fd efekt.<\/span><\/li>\n<\/ul>\n<h3 class=\"wp-block-heading\"><span>Vnitropolitick\u00e1 krize v USA<\/span><\/h3>\n<ul>\n<li><span>Demokrat\u00e9 jako\u00a0<\/span><strong><span>AOC<\/span><\/strong><span>\u00a0,\u00a0<\/span><strong><span>Jeffries<\/span><\/strong><span>\u00a0a\u00a0<\/span><strong><span>Schumer<\/span><\/strong><span>\u00a0hovo\u0159\u00ed o poru\u0161en\u00ed \u00fastavy \u2013\u00a0<\/span><strong><span>mo\u017en\u00e9m p\u0159\u00edpadu impeachmentu<\/span><\/strong><span>\u00a0.<\/span><\/li>\n<li><span>Dokonce i konzervativn\u00ed hlasy p\u0159ipou\u0161t\u011bj\u00ed:\u00a0<\/span><strong><span>Tento p\u0159\u00edstup ohro\u017euje americk\u00e9 voj\u00e1ky a ob\u010dany<\/span><\/strong><span>\u00a0\u2013 bez jak\u00e9hokoli pr\u00e1vn\u00edho z\u00e1kladu nebo strategick\u00e9 definice.<\/span><\/li>\n<\/ul>\n<h3 class=\"wp-block-heading\"><span>Z\u00e1v\u011br: Precedent je v rozporu s mezin\u00e1rodn\u00edm pr\u00e1vem<\/span><\/h3>\n<ol>\n<li><strong><span>Izolovan\u00fd \u00fatok USA<\/span><\/strong><span>\u00a0na civiln\u00ed infrastrukturu, mnoh\u00fdmi odsuzovan\u00fd jako\u00a0<\/span><strong><span>nez\u00e1konn\u00fd a iracion\u00e1ln\u00ed<\/span><\/strong><span>\u00a0.<\/span><\/li>\n<li><strong><span>Nebezpe\u010dn\u00e1 spir\u00e1la eskalace<\/span><\/strong><span>\u00a0: \u00cdr\u00e1n hroz\u00ed odvetou, milice jako H\u00fat\u00edov\u00e9 hroz\u00ed \u00fatokem \u2013 v\u00fdbu\u0161n\u00e1 sm\u011bs v\u00e1lky a konfrontace.<\/span><\/li>\n<li><strong><span>Sv\u011bt na k\u0159i\u017eovatce<\/span><\/strong><span>\u00a0: \u201eDivok\u00fd z\u00e1pad\u201c ukazuje svou brut\u00e1ln\u00ed tv\u00e1\u0159 \u2013 st\u00e1t, kter\u00fd \u010din\u00ed rozhodnut\u00ed bez kontroly a podpory a s\u00e1m. V\u00e1lka proti \u00cdr\u00e1nu je varov\u00e1n\u00edm: Dal\u0161\u00edm c\u00edlem by se mohly st\u00e1t dal\u0161\u00ed zem\u011b \u2013\u00a0<\/span><strong><span>cel\u00fd sv\u011bt je nyn\u00ed v nebezpe\u010d\u00ed<\/span><\/strong><span>\u00a0.<\/span><\/li>\n<\/ol>\n<p><span>Spojen\u00e9 st\u00e1ty odhaluj\u00ed svou pravou tv\u00e1\u0159: nejsou zast\u00e1nci m\u00edru, ale vojensk\u00fdm agresorem, kter\u00fd ignoruje demokratick\u00e9 normy a poru\u0161uje pr\u00e1vn\u00ed po\u017eadavky. Nebezpe\u010dn\u00fd precedent \u2013 \u200b\u200ba no\u010dn\u00ed m\u016fra pro glob\u00e1ln\u00ed bezpe\u010dnost a pr\u00e1vn\u00ed st\u00e1t.<\/span><\/p>\n<hr class=\"wp-block-separator has-alpha-channel-opacity\" \/>\n<ul class=\"wp-block-list\">\n<li><a href=\"https:\/\/www.reuters.com\/world\/us\/strikes-iran-mark-trumps-biggest-riskiest-foreign-policy-gamble-2025-06-22\" target=\"_blank\" rel=\"noreferrer noopener\"><span>reuters.com<\/span><\/a><\/li>\n<li><a href=\"https:\/\/www.news.com.au\/world\/middle-east\/gone-us-move-stopped-world-in-its-tracks\/news-story\/1a720cb3239e95a25906969691e875c7\" target=\"_blank\" rel=\"noreferrer noopener\"><span>novinky.com.au<\/span><\/a><\/li>\n<li><a href=\"https:\/\/www.thedailybeast.com\/top-dem-hakeem-jeffries-accuses-trump-of-lying-his-way-into-new-mid-east-war\" target=\"_blank\" rel=\"noreferrer noopener\"><span>thedailybeast.com<\/span><\/a><\/li>\n<li><a href=\"https:\/\/www.theguardian.com\/world\/live\/2025\/jun\/22\/israel-iran-war-live-trump-says-us-has-attacked-nuclear-sites-in-iran-including-fordow\" target=\"_blank\" rel=\"noreferrer noopener\"><span>theguardian.com<\/span><\/a><\/li>\n<li><a href=\"https:\/\/www.ft.com\/content\/cc5f3407-22ef-4fd4-9825-7810bcea3c5e\" target=\"_blank\" rel=\"noreferrer noopener\"><span>ft.com<\/span><\/a><\/li>\n<li><a href=\"https:\/\/www.thedailybeast.com\/trump-confirms-us-attack-on-three-nuclear-sites-in-iran\" target=\"_blank\" rel=\"noreferrer noopener\"><span>thedailybeast.com<\/span><\/a><\/li>\n<\/ul>\n<\/div>\n<\/div>\n<div class=\"elementor-element elementor-element-46a8472 elementor-grid-3 elementor-grid-tablet-2 elementor-grid-mobile-1 elementor-posts--thumbnail-top elementor-widget elementor-widget-posts\" data-id=\"46a8472\" data-element_type=\"widget\" data-settings=\"{&quot;classic_row_gap&quot;:{&quot;unit&quot;:&quot;px&quot;,&quot;size&quot;:25,&quot;sizes&quot;:[]},&quot;classic_columns&quot;:&quot;3&quot;,&quot;classic_columns_tablet&quot;:&quot;2&quot;,&quot;classic_columns_mobile&quot;:&quot;1&quot;,&quot;classic_row_gap_tablet&quot;:{&quot;unit&quot;:&quot;px&quot;,&quot;size&quot;:&quot;&quot;,&quot;sizes&quot;:[]},&quot;classic_row_gap_mobile&quot;:{&quot;unit&quot;:&quot;px&quot;,&quot;size&quot;:&quot;&quot;,&quot;sizes&quot;:[]}}\" data-widget_type=\"posts.classic\">\n<div class=\"elementor-widget-container\">\n<div class=\"elementor-posts-container elementor-posts elementor-posts--skin-classic elementor-grid elementor-has-item-ratio\">\n<article class=\"elementor-post elementor-grid-item post-479337 post type-post status-publish format-standard has-post-thumbnail hentry category-aktuelles-und-allgemein\">\n<div class=\"elementor-post__text\">\n<div class=\"elementor-post__meta-data\"><\/div>\n<\/div>\n<\/article>\n<article class=\"elementor-post elementor-grid-item post-479381 post type-post status-publish format-standard has-post-thumbnail hentry category-aktuelles-und-allgemein\"><\/article>\n<\/div>\n<\/div>\n<\/div>\n","protected":false},"excerpt":{"rendered":"<p>Prezident Donald Trump\u00a0v\u010dera ve\u010der\u00a0na\u0159\u00eddil leteck\u00fd \u00fader na t\u0159i \u00edr\u00e1nsk\u00e1 jadern\u00e1 za\u0159\u00edzen\u00ed \u2013 Fordow, Natanz a&#8230;<\/p>\n","protected":false},"author":2,"featured_media":81364,"comment_status":"closed","ping_status":"closed","sticky":false,"template":"","format":"standard","meta":[],"categories":[7],"tags":[1042,38,1475,452,40],"_links":{"self":[{"href":"https:\/\/www.infokuryr.cz\/n\/wp-json\/wp\/v2\/posts\/81911"}],"collection":[{"href":"https:\/\/www.infokuryr.cz\/n\/wp-json\/wp\/v2\/posts"}],"about":[{"href":"https:\/\/www.infokuryr.cz\/n\/wp-json\/wp\/v2\/types\/post"}],"author":[{"embeddable":true,"href":"https:\/\/www.infokuryr.cz\/n\/wp-json\/wp\/v2\/users\/2"}],"replies":[{"embeddable":true,"href":"https:\/\/www.infokuryr.cz\/n\/wp-json\/wp\/v2\/comments?post=81911"}],"version-history":[{"count":0,"href":"https:\/\/www.infokuryr.cz\/n\/wp-json\/wp\/v2\/posts\/81911\/revisions"}],"wp:featuredmedia":[{"embeddable":true,"href":"https:\/\/www.infokuryr.cz\/n\/wp-json\/wp\/v2\/media\/81364"}],"wp:attachment":[{"href":"https:\/\/www.infokuryr.cz\/n\/wp-json\/wp\/v2\/media?parent=81911"}],"wp:term":[{"taxonomy":"category","embeddable":true,"href":"https:\/\/www.infokuryr.cz\/n\/wp-json\/wp\/v2\/categories?post=81911"},{"taxonomy":"post_tag","embeddable":true,"href":"https:\/\/www.infokuryr.cz\/n\/wp-json\/wp\/v2\/tags?post=81911"}],"curies":[{"name":"wp","href":"https:\/\/api.w.org\/{rel}","templated":true}]}}