{"id":81906,"date":"2025-06-23T00:12:21","date_gmt":"2025-06-22T22:12:21","guid":{"rendered":"https:\/\/www.infokuryr.cz\/n\/?p=81906"},"modified":"2025-06-22T11:50:45","modified_gmt":"2025-06-22T09:50:45","slug":"iranska-krize-zvysuje-ceny-nafty-v-eu","status":"publish","type":"post","link":"https:\/\/www.infokuryr.cz\/n\/2025\/06\/23\/iranska-krize-zvysuje-ceny-nafty-v-eu\/","title":{"rendered":"\u00cdr\u00e1nsk\u00e1 krize zvy\u0161uje ceny nafty v EU"},"content":{"rendered":"<div id=\"fb-root\"><\/div>\n<p><strong><span>Nyn\u00ed si sankce bruselsk\u00fdch eurokrat\u016f proti rusk\u00e9mu ropn\u00e9mu pr\u016fmyslu vyb\u00edraj\u00ed svou da\u0148. S eskalac\u00ed mezi Izraelem a \u00cdr\u00e1nem a hroz\u00edc\u00ed blok\u00e1dou Hormuzsk\u00e9ho pr\u016flivu se zejm\u00e9na nafta st\u00e1v\u00e1 v\u00fdrazn\u011b dra\u017e\u0161\u00ed. Rizikov\u00e9 pr\u00e9mie v\u00fdrazn\u011b po\u0161kod\u00ed evropskou ekonomiku.<\/span><\/strong><\/p>\n<p><span>Ceny ropy jsou jedna v\u011bc, ceny benzinu a nafty druh\u00e1. Kl\u00ed\u010dovou roli hraj\u00ed tak\u00e9 rafin\u00e9rsk\u00e9 kapacity a logistick\u00e9 \u0159et\u011bzce. Rusko, kter\u00e9 dlouho dod\u00e1valo velk\u00e9 mno\u017estv\u00ed nafty do Evropsk\u00e9 unie, bylo z ideologick\u00fdch d\u016fvod\u016f vystaveno sankc\u00edm. Evrop\u0161t\u00ed obchodn\u00edci nyn\u00ed nakupuj\u00ed naftu p\u0159edev\u0161\u00edm z\u00a0<\/span><a href=\"https:\/\/report24.news\/europaeer-kaufen-weiterhin-russisches-oel-ueber-indien\/\" target=\"_blank\" rel=\"noreferrer noopener\"><span>indick\u00fdch rafin\u00e9ri\u00ed<\/span><\/a><span> \u2013 a z Bl\u00edzk\u00e9ho v\u00fdchodu. Ale je tu jeden probl\u00e9m.<\/span><\/p>\n<p><span>Vzhledem k vojensk\u00fdm st\u0159et\u016fm mezi Izraelem a \u00cdr\u00e1nem a rostouc\u00edm probl\u00e9m\u016fm v Hormuzsk\u00e9m pr\u016flivu (Teher\u00e1n hroz\u00ed\u00a0<\/span><a href=\"https:\/\/report24.news\/teheran-droht-mit-transit-beschraenkungen-durch-die-strasse-von-hormus\/\" target=\"_blank\" rel=\"noreferrer noopener\"><span>omezen\u00edmi tranzitu<\/span><\/a><span>\u00a0a\u00a0<\/span><a href=\"https:\/\/report24.news\/gps-jamming-zwei-oeltanker-kollidierten-im-golf-von-oman\/\" target=\"_blank\" rel=\"noreferrer noopener\"><span>v regionu je naru\u0161ov\u00e1n i GPS<\/span><\/a><span>\u00a0) se tento logistick\u00fd \u0159et\u011bzec pomalu, ale jist\u011b hrout\u00ed. Hlavn\u00edm d\u016fsledkem jsou p\u0159\u00edplatky za naftu. V Evrop\u011b vzrostly ji\u017e p\u00e1t\u00fd m\u011bs\u00edc po sob\u011b \u2013 nyn\u00ed p\u0159esahuj\u00ed 25 dolar\u016f za barel ve srovn\u00e1n\u00ed s ropou.<\/span><\/p>\n<figure class=\"wp-block-embed is-type-rich is-provider-twitter wp-block-embed-twitter\">\n<div class=\"wp-block-embed__wrapper\">\n<div class=\"twitter-tweet twitter-tweet-rendered\"><iframe id=\"twitter-widget-0\" class=\"\" title=\"X P\u0159\u00edsp\u011bvek\" src=\"https:\/\/platform.twitter.com\/embed\/Tweet.html?dnt=true&amp;embedId=twitter-widget-0&amp;features=eyJ0ZndfdGltZWxpbmVfbGlzdCI6eyJidWNrZXQiOltdLCJ2ZXJzaW9uIjpudWxsfSwidGZ3X2ZvbGxvd2VyX2NvdW50X3N1bnNldCI6eyJidWNrZXQiOnRydWUsInZlcnNpb24iOm51bGx9LCJ0ZndfdHdlZXRfZWRpdF9iYWNrZW5kIjp7ImJ1Y2tldCI6Im9uIiwidmVyc2lvbiI6bnVsbH0sInRmd19yZWZzcmNfc2Vzc2lvbiI6eyJidWNrZXQiOiJvbiIsInZlcnNpb24iOm51bGx9LCJ0ZndfZm9zbnJfc29mdF9pbnRlcnZlbnRpb25zX2VuYWJsZWQiOnsiYnVja2V0Ijoib24iLCJ2ZXJzaW9uIjpudWxsfSwidGZ3X21peGVkX21lZGlhXzE1ODk3Ijp7ImJ1Y2tldCI6InRyZWF0bWVudCIsInZlcnNpb24iOm51bGx9LCJ0ZndfZXhwZXJpbWVudHNfY29va2llX2V4cGlyYXRpb24iOnsiYnVja2V0IjoxMjA5NjAwLCJ2ZXJzaW9uIjpudWxsfSwidGZ3X3Nob3dfYmlyZHdhdGNoX3Bpdm90c19lbmFibGVkIjp7ImJ1Y2tldCI6Im9uIiwidmVyc2lvbiI6bnVsbH0sInRmd19kdXBsaWNhdGVfc2NyaWJlc190b19zZXR0aW5ncyI6eyJidWNrZXQiOiJvbiIsInZlcnNpb24iOm51bGx9LCJ0ZndfdXNlX3Byb2ZpbGVfaW1hZ2Vfc2hhcGVfZW5hYmxlZCI6eyJidWNrZXQiOiJvbiIsInZlcnNpb24iOm51bGx9LCJ0ZndfdmlkZW9faGxzX2R5bmFtaWNfbWFuaWZlc3RzXzE1MDgyIjp7ImJ1Y2tldCI6InRydWVfYml0cmF0ZSIsInZlcnNpb24iOm51bGx9LCJ0ZndfbGVnYWN5X3RpbWVsaW5lX3N1bnNldCI6eyJidWNrZXQiOnRydWUsInZlcnNpb24iOm51bGx9LCJ0ZndfdHdlZXRfZWRpdF9mcm9udGVuZCI6eyJidWNrZXQiOiJvbiIsInZlcnNpb24iOm51bGx9fQ%3D%3D&amp;frame=false&amp;hideCard=false&amp;hideThread=false&amp;id=1935889384902975801&amp;lang=cs&amp;origin=https%3A%2F%2Freport24.news%2Firan-krise-treibt-eu-dieselpreise-in-die-hoehe%2F&amp;sessionId=e1fab24e3cc4ecf99583a11e4b4cbeb555995e2e&amp;theme=light&amp;widgetsVersion=2615f7e52b7e0%3A1702314776716&amp;width=550px\" frameborder=\"0\" scrolling=\"no\" allowfullscreen=\"allowfullscreen\" data-tweet-id=\"1935889384902975801\" data-mce-fragment=\"1\"><\/iframe><\/div>\n<\/div>\n<\/figure>\n<p><span>Vzhledem k tomu, \u017ee\u00a0<\/span><a href=\"https:\/\/archive.md\/JB2B7\" target=\"_blank\" rel=\"noreferrer noopener\"><span>podle agentury Bloomberg<\/span><\/a><span> \u010dlensk\u00e9 st\u00e1ty EU loni dov\u00e1\u017eely jen Hormuzsk\u00fdm pr\u016flivem pr\u016fm\u011brn\u011b 850 000 barel\u016f nafty denn\u011b, je z\u0159ejm\u00e9, jak v\u00e1\u017en\u011b by uzav\u0159en\u00ed pr\u016flivu pro tankerovou dopravu zas\u00e1hlo evropskou ekonomiku. Dalo by se tak\u00e9 nam\u00edtnout, \u017ee si brusel\u0161t\u00ed eurokrat\u00e9 z ideologick\u00e9 tvrdohlavosti sami st\u0159elili do nohy. Nav\u00edc t\u00edm nastra\u017eili dal\u0161\u00ed vejce na evropskou ekonomiku, kter\u00e1 nyn\u00ed trp\u00ed rostouc\u00edmi cenami nafty. A to v\u0161e proto, \u017ee cht\u011bli potrestat sv\u00e9ho nejv\u011bt\u0161\u00edho a nejspolehliv\u011bj\u0161\u00edho dodavatele \u2013 Rusko \u2013 za jeho exkurzi na Ukrajin\u011b.<\/span><\/p>\n<p><span>Je st\u00e1le jasn\u011bj\u0161\u00ed, \u017ee Evropan\u00e9 nemaj\u00ed pochopen\u00ed pro geopolitiku a geopolitick\u00e9 kontexty. Prost\u011b jen vym\u011b\u0148uj\u00ed n\u011bkter\u00e9 star\u00e9 z\u00e1vislosti (a zn\u00e1m\u00e1 rizika) za nov\u00e9 \u2013 a t\u00edm i za dal\u0161\u00ed, nov\u00e1 rizika, kter\u00e1 jsou v ideologicky motivovan\u00fdch rozhodnut\u00edch p\u0159\u00edli\u0161 z\u0159\u00eddka zohled\u0148ov\u00e1na. Ekonomov\u00e9 se nyn\u00ed mus\u00ed znovu poradit se sv\u00fdmi k\u0159i\u0161\u0165\u00e1lov\u00fdmi koulemi a d\u00e1le sn\u00ed\u017eit sv\u00e9 progn\u00f3zy r\u016fstu evropsk\u00fdch ekonomik.<\/span><\/p>\n<p><img decoding=\"async\" loading=\"lazy\" class=\"alignnone size-full wp-image-1185\" src=\"http:\/\/www.infokuryr.cz\/n\/wp-content\/uploads\/2021\/04\/kuryr-podpis.png\" alt=\"\" width=\"84\" height=\"24\" \/><\/p>\n<p>&nbsp;<\/p>\n","protected":false},"excerpt":{"rendered":"<p>Nyn\u00ed si sankce bruselsk\u00fdch eurokrat\u016f proti rusk\u00e9mu ropn\u00e9mu pr\u016fmyslu vyb\u00edraj\u00ed svou da\u0148. S eskalac\u00ed mezi&#8230;<\/p>\n","protected":false},"author":2,"featured_media":81907,"comment_status":"closed","ping_status":"closed","sticky":false,"template":"","format":"standard","meta":[],"categories":[7],"tags":[7327,41,371,2343,22],"_links":{"self":[{"href":"https:\/\/www.infokuryr.cz\/n\/wp-json\/wp\/v2\/posts\/81906"}],"collection":[{"href":"https:\/\/www.infokuryr.cz\/n\/wp-json\/wp\/v2\/posts"}],"about":[{"href":"https:\/\/www.infokuryr.cz\/n\/wp-json\/wp\/v2\/types\/post"}],"author":[{"embeddable":true,"href":"https:\/\/www.infokuryr.cz\/n\/wp-json\/wp\/v2\/users\/2"}],"replies":[{"embeddable":true,"href":"https:\/\/www.infokuryr.cz\/n\/wp-json\/wp\/v2\/comments?post=81906"}],"version-history":[{"count":0,"href":"https:\/\/www.infokuryr.cz\/n\/wp-json\/wp\/v2\/posts\/81906\/revisions"}],"wp:featuredmedia":[{"embeddable":true,"href":"https:\/\/www.infokuryr.cz\/n\/wp-json\/wp\/v2\/media\/81907"}],"wp:attachment":[{"href":"https:\/\/www.infokuryr.cz\/n\/wp-json\/wp\/v2\/media?parent=81906"}],"wp:term":[{"taxonomy":"category","embeddable":true,"href":"https:\/\/www.infokuryr.cz\/n\/wp-json\/wp\/v2\/categories?post=81906"},{"taxonomy":"post_tag","embeddable":true,"href":"https:\/\/www.infokuryr.cz\/n\/wp-json\/wp\/v2\/tags?post=81906"}],"curies":[{"name":"wp","href":"https:\/\/api.w.org\/{rel}","templated":true}]}}