{"id":81897,"date":"2025-06-22T05:45:14","date_gmt":"2025-06-22T03:45:14","guid":{"rendered":"https:\/\/www.infokuryr.cz\/n\/?p=81897"},"modified":"2025-06-22T05:45:14","modified_gmt":"2025-06-22T03:45:14","slug":"generalni-tajemnik-osn-se-vyjadril-k-americkym-uderum-na-iran","status":"publish","type":"post","link":"https:\/\/www.infokuryr.cz\/n\/2025\/06\/22\/generalni-tajemnik-osn-se-vyjadril-k-americkym-uderum-na-iran\/","title":{"rendered":"Gener\u00e1ln\u00ed tajemn\u00edk OSN se vyj\u00e1d\u0159il k americk\u00fdm \u00fader\u016fm na \u00cdr\u00e1n"},"content":{"rendered":"<div id=\"fb-root\"><\/div>\n<p class=\"lead\"><strong>Gener\u00e1ln\u00ed tajemn\u00edk OSN Ant\u00f3nio Guterres uvedl, \u017ee je hluboce znepokojen americk\u00fdmi \u00fatoky na \u00cdr\u00e1n a ozna\u010dil je za \u201enebezpe\u010dnou eskalaci\u201c a p\u0159\u00edmou hrozbu pro m\u00edr a bezpe\u010dnost.<\/strong><\/p>\n<p><em>\u201eJsem hluboce znepokojen dne\u0161n\u00edm pou\u017eit\u00edm s\u00edly Spojen\u00fdmi st\u00e1ty proti \u00cdr\u00e1nu. Je to nebezpe\u010dn\u00e1 eskalace v regionu, kter\u00fd je ji\u017e tak napjat\u00fd, a p\u0159\u00edm\u00e1 hrozba pro mezin\u00e1rodn\u00ed m\u00edr a bezpe\u010dnost,\u201c<span class=\"after-quote\">\u00a0\u2013 zd\u016fraznil gener\u00e1ln\u00ed tajemn\u00edk OSN.<\/span><\/em><\/p>\n<p><span>Guterres uvedl, \u017ee roste riziko, \u017ee se konflikt rychle vymkne kontrole s \u201ekatastrof\u00e1ln\u00edmi d\u016fsledky pro civilisty, region i sv\u011bt\u201c.<\/span><\/p>\n<p><span>Vyzval tak\u00e9 \u010dlensk\u00e9 st\u00e1ty OSN k deeskalaci a pln\u011bn\u00ed sv\u00fdch z\u00e1vazk\u016f vypl\u00fdvaj\u00edc\u00edch z Charty OSN a mezin\u00e1rodn\u00edho pr\u00e1va.<\/span><\/p>\n<p><em>\u201eV t\u00e9to nebezpe\u010dn\u00e9 hodin\u011b je nezbytn\u00e9 vyhnout se spir\u00e1le chaosu. Neexistuje vojensk\u00e9 \u0159e\u0161en\u00ed. Jedinou cestou vp\u0159ed je diplomacie. Jedinou nad\u011bj\u00ed je m\u00edr,\u201c<span class=\"after-quote\">\u00a0\u2014 zd\u016fraznil gener\u00e1ln\u00ed tajemn\u00edk OSN.<\/span><\/em><\/p>\n<p><img decoding=\"async\" loading=\"lazy\" class=\"alignnone size-full wp-image-1185\" src=\"http:\/\/www.infokuryr.cz\/n\/wp-content\/uploads\/2021\/04\/kuryr-podpis.png\" alt=\"\" width=\"84\" height=\"24\" \/><\/p>\n<p>&nbsp;<\/p>\n","protected":false},"excerpt":{"rendered":"<p>Gener\u00e1ln\u00ed tajemn\u00edk OSN Ant\u00f3nio Guterres uvedl, \u017ee je hluboce znepokojen americk\u00fdmi \u00fatoky na \u00cdr\u00e1n a&#8230;<\/p>\n","protected":false},"author":2,"featured_media":41788,"comment_status":"closed","ping_status":"closed","sticky":false,"template":"","format":"standard","meta":[],"categories":[7],"tags":[1232,38,186,1461],"_links":{"self":[{"href":"https:\/\/www.infokuryr.cz\/n\/wp-json\/wp\/v2\/posts\/81897"}],"collection":[{"href":"https:\/\/www.infokuryr.cz\/n\/wp-json\/wp\/v2\/posts"}],"about":[{"href":"https:\/\/www.infokuryr.cz\/n\/wp-json\/wp\/v2\/types\/post"}],"author":[{"embeddable":true,"href":"https:\/\/www.infokuryr.cz\/n\/wp-json\/wp\/v2\/users\/2"}],"replies":[{"embeddable":true,"href":"https:\/\/www.infokuryr.cz\/n\/wp-json\/wp\/v2\/comments?post=81897"}],"version-history":[{"count":0,"href":"https:\/\/www.infokuryr.cz\/n\/wp-json\/wp\/v2\/posts\/81897\/revisions"}],"wp:featuredmedia":[{"embeddable":true,"href":"https:\/\/www.infokuryr.cz\/n\/wp-json\/wp\/v2\/media\/41788"}],"wp:attachment":[{"href":"https:\/\/www.infokuryr.cz\/n\/wp-json\/wp\/v2\/media?parent=81897"}],"wp:term":[{"taxonomy":"category","embeddable":true,"href":"https:\/\/www.infokuryr.cz\/n\/wp-json\/wp\/v2\/categories?post=81897"},{"taxonomy":"post_tag","embeddable":true,"href":"https:\/\/www.infokuryr.cz\/n\/wp-json\/wp\/v2\/tags?post=81897"}],"curies":[{"name":"wp","href":"https:\/\/api.w.org\/{rel}","templated":true}]}}