{"id":81894,"date":"2025-06-22T05:37:26","date_gmt":"2025-06-22T03:37:26","guid":{"rendered":"https:\/\/www.infokuryr.cz\/n\/?p=81894"},"modified":"2025-06-22T05:37:26","modified_gmt":"2025-06-22T03:37:26","slug":"usa-bombardovaly-jaderna-zarizeni-v-iranu-uvedl-trump","status":"publish","type":"post","link":"https:\/\/www.infokuryr.cz\/n\/2025\/06\/22\/usa-bombardovaly-jaderna-zarizeni-v-iranu-uvedl-trump\/","title":{"rendered":"USA bombardovaly jadern\u00e1 za\u0159\u00edzen\u00ed v \u00cdr\u00e1nu, uvedl Trump"},"content":{"rendered":"<div id=\"fb-root\"><\/div>\n<h3>Americk\u00fd prezident ozn\u00e1mil \u201e\u00fasp\u011b\u0161n\u00fd\u201c n\u00e1let na Fordow, Natanz a Isfah\u00e1n<\/h3>\n<p data-start=\"131\" data-end=\"386\"><span>Americk\u00fd prezident Donald Trump ve sv\u00e9m prohl\u00e1\u0161en\u00ed na platform\u011b Truth Social ozn\u00e1mil, \u017ee americk\u00e9 s\u00edly provedly rozs\u00e1hl\u00fd leteck\u00fd \u00fader zam\u011b\u0159en\u00fd na t\u0159i \u00edr\u00e1nsk\u00e1 jadern\u00e1 za\u0159\u00edzen\u00ed, v\u010detn\u011b Fordow, Natanz a Isfah\u00e1n.<\/span><\/p>\n<p data-start=\"388\" data-end=\"676\"><em><span>\u201eDokon\u010dili jsme n\u00e1\u0161 velmi \u00fasp\u011b\u0161n\u00fd \u00fatok na t\u0159i jadern\u00e1 za\u0159\u00edzen\u00ed v \u00cdr\u00e1nu, v\u010detn\u011b Fordow, Natanz a Isfah\u00e1n,\u201c<\/span><\/em><span>\u00a0napsal Trump.\u00a0<\/span><em><span>\u201eV\u0161echna letadla jsou nyn\u00ed mimo \u00edr\u00e1nsk\u00fd vzdu\u0161n\u00fd prostor. Na hlavn\u00ed za\u0159\u00edzen\u00ed Fordow byla shozena pln\u00e1 n\u00e1klad bomb. V\u0161echna letadla jsou bezpe\u010dn\u011b na cest\u011b dom\u016f.\u201c<\/span><\/em><\/p>\n<p data-start=\"678\" data-end=\"922\"><span>D\u00e1le pochv\u00e1lil vojenskou operaci a dodal:\u00a0<\/span><em><span>\u201eGratuluji na\u0161im skv\u011bl\u00fdm americk\u00fdm v\u00e1le\u010dn\u00edk\u016fm. Na sv\u011bt\u011b neexistuje jin\u00e1 arm\u00e1da, kter\u00e1 by tohle dok\u00e1zala.\u201c<\/span><\/em><\/p>\n<p data-start=\"678\" data-end=\"922\"><span>Ve stejn\u00e9 zpr\u00e1v\u011b americk\u00fd v\u016fdce z\u0159ejm\u011b nal\u00e9hav\u011b vyzval Teher\u00e1n, aby se neodplatil a zapojil se do rozhovor\u016f, a prohl\u00e1sil, \u017ee nyn\u00ed nastal\u00a0\u00a0<\/span><em><span>\u201e\u010das na m\u00edr\u201c.<\/span><\/em><\/p>\n<p data-start=\"130\" data-end=\"446\"><span>Teher\u00e1n na nejnov\u011bj\u0161\u00ed v\u00fdvoj dosud nereagoval. \u00cdr\u00e1nsk\u00e1 arm\u00e1da ji\u017e d\u0159\u00edve varovala Washington a dal\u0161\u00ed t\u0159et\u00ed strany p\u0159ed vstupem do konfliktu a pohrozila, \u017ee se zam\u011b\u0159\u00ed na jak\u00e9koli nep\u0159\u00e1telsk\u00e9 prost\u0159edky a dod\u00e1vky zbran\u00ed sm\u011b\u0159uj\u00edc\u00ed do Izraele. Mluv\u010d\u00ed jemensk\u00fdch H\u00fat\u00ed\u016f tak\u00e9 varoval, \u017ee pokud se USA zapoj\u00ed, skupina\u00a0<\/span><em><span>\u201ezam\u011b\u0159\u00ed sv\u00e9 v\u00e1le\u010dn\u00e9 lod\u011b v Rud\u00e9m mo\u0159i\u201c.<\/span><\/em><\/p>\n<p data-start=\"448\" data-end=\"766\"><span>Izrael zah\u00e1jil operaci Vych\u00e1zej\u00edc\u00ed lev jako\u00a0<\/span><em><span>\u201epreventivn\u00ed\u201c<\/span><\/em><span>\u00a0\u00fader, jeho\u017e c\u00edlem \u00fadajn\u011b bylo zabr\u00e1nit Isl\u00e1msk\u00e9 republice v z\u00edsk\u00e1n\u00ed jadern\u00e9 bomby. Teher\u00e1n, kter\u00fd d\u016fsledn\u011b tvrd\u00ed, \u017ee jeho jadern\u00fd program je m\u00edrov\u00e9ho charakteru, \u00fatok ozna\u010dil za v\u00e1le\u010dn\u00fd akt a reagoval vlastn\u00edmi raketov\u00fdmi a bezpilotn\u00edmi \u00fadery.<\/span><\/p>\n<h2 class=\"article__heading\"><span>USA se p\u0159ipojuj\u00ed k izraelsk\u00e9 bombardovac\u00ed kampani proti Teher\u00e1nu<\/span><\/h2>\n<p><img decoding=\"async\" loading=\"lazy\" class=\"wp-image-81896 aligncenter\" src=\"http:\/\/www.infokuryr.cz\/n\/wp-content\/uploads\/2025\/06\/usa-bomby-300x169.jpg\" alt=\"\" width=\"659\" height=\"371\" srcset=\"https:\/\/www.infokuryr.cz\/n\/wp-content\/uploads\/2025\/06\/usa-bomby-300x169.jpg 300w, https:\/\/www.infokuryr.cz\/n\/wp-content\/uploads\/2025\/06\/usa-bomby.jpg 768w\" sizes=\"(max-width: 659px) 100vw, 659px\" \/><\/p>\n<h3 data-start=\"448\" data-end=\"766\"><strong>Prezident Trump potvrdil prvn\u00ed americk\u00e9 n\u00e1lety na c\u00edle v \u00cdr\u00e1nu<\/strong><\/h3>\n<div class=\"article__text text \">\n<p data-start=\"59\" data-end=\"218\"><span>Americk\u00e1 arm\u00e1da se p\u0159ipojila k izraelsk\u00fdm sil\u00e1m v jejich t\u00fddenn\u00ed leteck\u00e9 kampani proti \u00edr\u00e1nsk\u00fdm jadern\u00fdm za\u0159\u00edzen\u00edm a vojensk\u00fdm lokalit\u00e1m, p\u0159i\u010dem\u017e prezident Trump v ned\u011bli potvrdil prvn\u00ed americk\u00e9 \u00fadery.<\/span><\/p>\n<p data-start=\"432\" data-end=\"596\"><em><span>\u201eNa hlavn\u00ed m\u00edsto, Fordow, byla shozena pln\u00e1 n\u00e1lo\u017e BOMBY,\u201c<\/span><\/em><span>\u00a0ozn\u00e1mil Trump v p\u0159\u00edsp\u011bvku na Truth Social a dodal, \u017ee mezi dal\u0161\u00ed c\u00edle pat\u0159ily Natanz a Isfah\u00e1n.<\/span><\/p>\n<p data-start=\"598\" data-end=\"735\"><span>Ve stejn\u00e9 zpr\u00e1v\u011b americk\u00fd v\u016fdce z\u0159ejm\u011b nal\u00e9hav\u011b vyzval Teher\u00e1n, aby se neodplatil a zapojil se do rozhovor\u016f, a prohl\u00e1sil, \u017ee nyn\u00ed nastal\u00a0<\/span><em><span>\u201e\u010das na m\u00edr\u201c.<\/span><\/em><\/p>\n<p data-start=\"130\" data-end=\"446\"><span>Teher\u00e1n ji\u017e d\u0159\u00edve varoval Washington a dal\u0161\u00ed t\u0159et\u00ed strany p\u0159ed zapojov\u00e1n\u00edm se do konfliktu a pohrozil, \u017ee se zam\u011b\u0159\u00ed na jak\u00e9koli nep\u0159\u00e1telsk\u00e9 prost\u0159edky a dod\u00e1vky zbran\u00ed sm\u011b\u0159uj\u00edc\u00ed do Izraele. Mluv\u010d\u00ed jemensk\u00fdch H\u00fat\u00ed\u016f tak\u00e9 varoval, \u017ee pokud se USA zapoj\u00ed, skupina\u00a0<\/span><em><span>\u201ezam\u011b\u0159\u00ed sv\u00e9 v\u00e1le\u010dn\u00e9 lod\u011b v Rud\u00e9m mo\u0159i\u201c.<\/span><\/em><\/p>\n<p data-start=\"448\" data-end=\"766\"><span>Izrael zah\u00e1jil operaci Vych\u00e1zej\u00edc\u00ed lev jako\u00a0<\/span><em><span>\u201epreventivn\u00ed\u201c<\/span><\/em><span>\u00a0\u00fader, jeho\u017e c\u00edlem \u00fadajn\u011b bylo zabr\u00e1nit Isl\u00e1msk\u00e9 republice v z\u00edsk\u00e1n\u00ed jadern\u00e9 bomby. Teher\u00e1n, kter\u00fd d\u016fsledn\u011b tvrd\u00ed, \u017ee jeho jadern\u00fd program je m\u00edrov\u00e9ho charakteru, \u00fatok ozna\u010dil za v\u00e1le\u010dn\u00fd akt a reagoval vlastn\u00edmi raketov\u00fdmi a bezpilotn\u00edmi \u00fadery.<\/span><\/p>\n<p data-start=\"768\" data-end=\"960\"><span>Podle \u00edr\u00e1nsk\u00e9ho ministerstva zdravotnictv\u00ed izraelsk\u00e9 \u00fatoky zabily nejm\u00e9n\u011b 430 \u00cdr\u00e1nc\u016f a zranily v\u00edce ne\u017e 3 500 civilist\u016f. Izrael\u0161t\u00ed \u00fa\u0159edn\u00edci hl\u00e1sili 25 mrtv\u00fdch a v\u00edce ne\u017e 2 500 zran\u011bn\u00fdch.<\/span><\/p>\n<\/div>\n<div class=\"article__updates-dates\">\n<div class=\"js-listing\">\n<div class=\"js-listing__content\">\n<div class=\"updates-dates\">\n<div class=\"updates-dates__text text\">\n<p data-start=\"75\" data-end=\"342\"><span>Ve video projevu zve\u0159ejn\u011bn\u00e9m v sobotu ve\u010der Netanjahu ozna\u010dil tento krok za zlomov\u00fd bod, kter\u00fd\u00a0\u00a0<\/span><em><span>\u201evytvo\u0159il historick\u00fd zlom, jen\u017e m\u016f\u017ee pomoci dov\u00e9st Bl\u00edzk\u00fd v\u00fdchod a okol\u00ed k budoucnosti prosperity a m\u00edru\u201c.<\/span><\/em><\/p>\n<p data-start=\"693\" data-end=\"924\"><em><span>\u201eGratuluji, prezidente Trumpe,\u201c<\/span><\/em><span>\u00a0\u00a0\u0159ekl Netanjahu.\u00a0\u00a0<\/span><em><span>\u201eVa\u0161e odv\u00e1\u017en\u00e9 rozhodnut\u00ed zam\u011b\u0159it se na \u00edr\u00e1nsk\u00e1 jadern\u00e1 za\u0159\u00edzen\u00ed s \u00fa\u017easnou a spravedlivou silou Spojen\u00fdch st\u00e1t\u016f zm\u011bn\u00ed d\u011bjiny.\u201c<\/span><\/em><\/p>\n<\/div>\n<\/div>\n<\/div>\n<\/div>\n<\/div>\n<p data-start=\"448\" data-end=\"766\"><img decoding=\"async\" loading=\"lazy\" class=\"alignnone size-full wp-image-1185\" src=\"http:\/\/www.infokuryr.cz\/n\/wp-content\/uploads\/2021\/04\/kuryr-podpis.png\" alt=\"\" width=\"84\" height=\"24\" \/><\/p>\n<p data-start=\"448\" data-end=\"766\">\n","protected":false},"excerpt":{"rendered":"<p>Americk\u00fd prezident ozn\u00e1mil \u201e\u00fasp\u011b\u0161n\u00fd\u201c n\u00e1let na Fordow, Natanz a Isfah\u00e1n Americk\u00fd prezident Donald Trump ve&#8230;<\/p>\n","protected":false},"author":2,"featured_media":81895,"comment_status":"closed","ping_status":"closed","sticky":false,"template":"","format":"standard","meta":[],"categories":[7],"tags":[1128,38,107,37],"_links":{"self":[{"href":"https:\/\/www.infokuryr.cz\/n\/wp-json\/wp\/v2\/posts\/81894"}],"collection":[{"href":"https:\/\/www.infokuryr.cz\/n\/wp-json\/wp\/v2\/posts"}],"about":[{"href":"https:\/\/www.infokuryr.cz\/n\/wp-json\/wp\/v2\/types\/post"}],"author":[{"embeddable":true,"href":"https:\/\/www.infokuryr.cz\/n\/wp-json\/wp\/v2\/users\/2"}],"replies":[{"embeddable":true,"href":"https:\/\/www.infokuryr.cz\/n\/wp-json\/wp\/v2\/comments?post=81894"}],"version-history":[{"count":0,"href":"https:\/\/www.infokuryr.cz\/n\/wp-json\/wp\/v2\/posts\/81894\/revisions"}],"wp:featuredmedia":[{"embeddable":true,"href":"https:\/\/www.infokuryr.cz\/n\/wp-json\/wp\/v2\/media\/81895"}],"wp:attachment":[{"href":"https:\/\/www.infokuryr.cz\/n\/wp-json\/wp\/v2\/media?parent=81894"}],"wp:term":[{"taxonomy":"category","embeddable":true,"href":"https:\/\/www.infokuryr.cz\/n\/wp-json\/wp\/v2\/categories?post=81894"},{"taxonomy":"post_tag","embeddable":true,"href":"https:\/\/www.infokuryr.cz\/n\/wp-json\/wp\/v2\/tags?post=81894"}],"curies":[{"name":"wp","href":"https:\/\/api.w.org\/{rel}","templated":true}]}}