{"id":81891,"date":"2025-06-22T00:41:21","date_gmt":"2025-06-21T22:41:21","guid":{"rendered":"https:\/\/www.infokuryr.cz\/n\/?p=81891"},"modified":"2025-06-21T17:23:08","modified_gmt":"2025-06-21T15:23:08","slug":"na-klicove-saudskoarabske-letecke-zakladne-spatreno-masivni-nasazeni-americkych-vojaku","status":"publish","type":"post","link":"https:\/\/www.infokuryr.cz\/n\/2025\/06\/22\/na-klicove-saudskoarabske-letecke-zakladne-spatreno-masivni-nasazeni-americkych-vojaku\/","title":{"rendered":"Na kl\u00ed\u010dov\u00e9 sa\u00fadskoarabsk\u00e9 leteck\u00e9 z\u00e1kladn\u011b spat\u0159eno masivn\u00ed nasazen\u00ed americk\u00fdch voj\u00e1k\u016f"},"content":{"rendered":"<div id=\"fb-root\"><\/div>\n<p><strong><span>Satelitn\u00ed sn\u00edmek zve\u0159ejn\u011bn\u00fd \u010d\u00ednskou satelitn\u00ed spole\u010dnost\u00ed Mizar Vision 21. \u010dervna odhalil masivn\u00ed nasazen\u00ed americk\u00fdch voj\u00e1k\u016f (USAF) na sa\u00fadskoarabsk\u00e9 leteck\u00e9 z\u00e1kladn\u011b prince Sult\u00e1na, asi 120 kilometr\u016f od Rij\u00e1du, hlavn\u00edho m\u011bsta kr\u00e1lovstv\u00ed.<\/span><\/strong><\/p>\n<p><span>Na sn\u00edmku z 19. \u010dervna je vid\u011bt 22 leteck\u00fdch tanker\u016f KC-135, 53 st\u00edha\u010dek, pravd\u011bpodobn\u011b v\u0161echny F-16, a tak\u00e9 deset n\u00e1kladn\u00edch letadel C-130 na leteck\u00e9 z\u00e1kladn\u011b. Dal\u0161\u00ed letadla USAF mohou b\u00fdt zaparkov\u00e1na uvnit\u0159 n\u011bkter\u00fdch hang\u00e1r\u016f a zpevn\u011bn\u00fdch kryt\u016f z\u00e1kladny. V posledn\u00edch 48 hodin\u00e1ch tam mohla b\u00fdt nasazena i dal\u0161\u00ed letadla.<\/span><\/p>\n<p><span>Toto masivn\u00ed nasazen\u00ed p\u0159ich\u00e1z\u00ed uprost\u0159ed bezprecedentn\u00edho izraelsk\u00e9ho \u00fatoku na \u00cdr\u00e1n a zpr\u00e1v nazna\u010duj\u00edc\u00edch, \u017ee se USA p\u0159ipravovaly na \u00fa\u010dast.<\/span><\/p>\n<div id=\"attachment_223991\" class=\"wp-caption aligncenter\" style=\"width: 606px;\"><a href=\"https:\/\/s5.cdnstatic.space\/wp-content\/uploads\/2025\/06\/photo_2025-06-21_08-29-47.jpg\" target=\"_blank\" rel=\"noopener\"><img decoding=\"async\" loading=\"lazy\" class=\"wp-image-223991\" title=\"Masivn\u00ed nasazen\u00ed americk\u00fdch voj\u00e1k\u016f spat\u0159eno na kl\u00ed\u010dov\u00e9 sa\u00fadskoarabsk\u00e9 leteck\u00e9 z\u00e1kladn\u011b\" src=\"https:\/\/s5.cdnstatic.space\/wp-content\/uploads\/2025\/06\/photo_2025-06-21_08-29-47-389x300.jpg\" sizes=\"(max-width: 600px) 100vw, 600px\" srcset=\"https:\/\/s5.cdnstatic.space\/wp-content\/uploads\/2025\/06\/photo_2025-06-21_08-29-47-389x300.jpg 389w, https:\/\/s5.cdnstatic.space\/wp-content\/uploads\/2025\/06\/photo_2025-06-21_08-29-47-1024x790.jpg 1024w, https:\/\/s5.cdnstatic.space\/wp-content\/uploads\/2025\/06\/photo_2025-06-21_08-29-47-768x593.jpg 768w, https:\/\/s5.cdnstatic.space\/wp-content\/uploads\/2025\/06\/photo_2025-06-21_08-29-47.jpg 1280w\" alt=\"Masivn\u00ed nasazen\u00ed americk\u00fdch voj\u00e1k\u016f spat\u0159eno na kl\u00ed\u010dov\u00e9 sa\u00fadskoarabsk\u00e9 leteck\u00e9 z\u00e1kladn\u011b\" width=\"606\" height=\"468\" aria-describedby=\"caption-attachment-223991\" \/><\/a><\/p>\n<p id=\"caption-attachment-223991\" class=\"wp-caption-text\"><span>Kliknut\u00edm zobraz\u00edte obr\u00e1zek v pln\u00e9 velikosti. (Mizar Vision)<\/span><\/p>\n<\/div>\n<p><span>Podobn\u00e9 nahromad\u011bn\u00ed vojsk USAF bylo hl\u00e1\u0161eno na jord\u00e1nsk\u00e9 leteck\u00e9 z\u00e1kladn\u011b Muwaffaq Salti, kter\u00e1 se nach\u00e1z\u00ed asi 100 kilometr\u016f od hlavn\u00edho m\u011bsta kr\u00e1lovstv\u00ed Amm\u00e1nu.<\/span><\/p>\n<p><span>A\u010dkoli st\u00e1le neexistuj\u00ed \u017e\u00e1dn\u00e9 nov\u00e9 satelitn\u00ed sn\u00edmky z\u00e1kladny Muwaffaq Salti, ned\u00e1vn\u00e9 zpr\u00e1vy odhalily v\u00fdvoj asi 12 st\u00edha\u010dek F-22 stealth na z\u00e1kladn\u011b.<\/span><\/p>\n<p><span>Za\u010d\u00e1tkem tohoto t\u00fddne bylo odhaleno, \u017ee americk\u00e9 letectvo evakuovalo leteckou z\u00e1kladnu Al Udeid pobl\u00ed\u017e katarsk\u00e9ho hlavn\u00edho m\u011bsta Dauh\u00e1. Krom\u011b toho v\u0161echna plavidla americk\u00e9ho n\u00e1mo\u0159nictva opustila kl\u00ed\u010dov\u00fd p\u0159\u00edstav Man\u00e1ma v Bahrajnu. Ob\u011b z\u00e1kladny byly pravd\u011bpodobn\u011b vypr\u00e1zdn\u011bny kv\u016fli jejich bl\u00edzkosti k \u00cdr\u00e1nu.<\/span><\/p>\n<p><span>Situace na dal\u0161\u00edch kl\u00ed\u010dov\u00fdch americk\u00fdch region\u00e1ln\u00edch z\u00e1kladn\u00e1ch, v\u010detn\u011b Camp Arifjan v Kuvajtu a leteck\u00e9 z\u00e1kladny Al Dhafra ve Spojen\u00fdch arabsk\u00fdch emir\u00e1tech, z\u016fst\u00e1v\u00e1 nejasn\u00e1.<\/span><\/p>\n<p><span>\u00cdr\u00e1n ji\u017e varoval arabsk\u00e9 st\u00e1ty, zejm\u00e9na v Persk\u00e9m z\u00e1livu, p\u0159ed napom\u00e1h\u00e1n\u00edm jak\u00e9mukoli \u00fatoku USA proti n\u011bmu, a a\u010dkoli se zd\u00e1, \u017ee arab\u0161t\u00ed v\u016fdci se ob\u00e1vaj\u00ed eskalace zp\u016fsoben\u00e9 Izraelem, nemohou ud\u011blat mnoho pro to, aby Washingtonu zabr\u00e1nili ve vyu\u017e\u00edv\u00e1n\u00ed jejich \u00fazem\u00ed.<\/span><\/p>\n<p><span>Ned\u00e1vn\u00e9 zpr\u00e1vy odhalily, \u017ee arabsk\u00e9 st\u00e1ty Persk\u00e9ho z\u00e1livu v uplynul\u00e9m t\u00fddnu zintenzivnily sv\u00e9 kontakty s Washingtonem a Teher\u00e1nem s c\u00edlem deeskalace. Je v\u0161ak velmi nepravd\u011bpodobn\u00e9, \u017ee by administrativa prezidenta Donalda Trumpa p\u0159i rozhodov\u00e1n\u00ed o \u00cdr\u00e1nu zohlednila z\u00e1jmy sv\u00fdch arabsk\u00fdch spojenc\u016f.<\/span><\/p>\n<p><img decoding=\"async\" loading=\"lazy\" class=\"alignnone size-full wp-image-1185\" src=\"http:\/\/www.infokuryr.cz\/n\/wp-content\/uploads\/2021\/04\/kuryr-podpis.png\" alt=\"\" width=\"84\" height=\"24\" \/><\/p>\n<p>&nbsp;<\/p>\n","protected":false},"excerpt":{"rendered":"<p>Satelitn\u00ed sn\u00edmek zve\u0159ejn\u011bn\u00fd \u010d\u00ednskou satelitn\u00ed spole\u010dnost\u00ed Mizar Vision 21. \u010dervna odhalil masivn\u00ed nasazen\u00ed americk\u00fdch voj\u00e1k\u016f&#8230;<\/p>\n","protected":false},"author":2,"featured_media":43703,"comment_status":"closed","ping_status":"closed","sticky":false,"template":"","format":"standard","meta":[],"categories":[7],"tags":[1854,1012,37,9039,1737],"_links":{"self":[{"href":"https:\/\/www.infokuryr.cz\/n\/wp-json\/wp\/v2\/posts\/81891"}],"collection":[{"href":"https:\/\/www.infokuryr.cz\/n\/wp-json\/wp\/v2\/posts"}],"about":[{"href":"https:\/\/www.infokuryr.cz\/n\/wp-json\/wp\/v2\/types\/post"}],"author":[{"embeddable":true,"href":"https:\/\/www.infokuryr.cz\/n\/wp-json\/wp\/v2\/users\/2"}],"replies":[{"embeddable":true,"href":"https:\/\/www.infokuryr.cz\/n\/wp-json\/wp\/v2\/comments?post=81891"}],"version-history":[{"count":0,"href":"https:\/\/www.infokuryr.cz\/n\/wp-json\/wp\/v2\/posts\/81891\/revisions"}],"wp:featuredmedia":[{"embeddable":true,"href":"https:\/\/www.infokuryr.cz\/n\/wp-json\/wp\/v2\/media\/43703"}],"wp:attachment":[{"href":"https:\/\/www.infokuryr.cz\/n\/wp-json\/wp\/v2\/media?parent=81891"}],"wp:term":[{"taxonomy":"category","embeddable":true,"href":"https:\/\/www.infokuryr.cz\/n\/wp-json\/wp\/v2\/categories?post=81891"},{"taxonomy":"post_tag","embeddable":true,"href":"https:\/\/www.infokuryr.cz\/n\/wp-json\/wp\/v2\/tags?post=81891"}],"curies":[{"name":"wp","href":"https:\/\/api.w.org\/{rel}","templated":true}]}}