{"id":81856,"date":"2025-06-22T00:22:11","date_gmt":"2025-06-21T22:22:11","guid":{"rendered":"https:\/\/www.infokuryr.cz\/n\/?p=81856"},"modified":"2025-06-21T16:20:16","modified_gmt":"2025-06-21T14:20:16","slug":"jana-markova-jeste-mi-ani-nezaschl-inkoust-na-pomyslnem-peru-a-uz-tu-mame-kod-charlie-sestnactku","status":"publish","type":"post","link":"https:\/\/www.infokuryr.cz\/n\/2025\/06\/22\/jana-markova-jeste-mi-ani-nezaschl-inkoust-na-pomyslnem-peru-a-uz-tu-mame-kod-charlie-sestnactku\/","title":{"rendered":"Jana Markov\u00e1: Je\u0161t\u011b mi ani nezaschl inkoust na pomysln\u00e9m peru, a u\u017e tu m\u00e1me k\u00f3d Charlie \u0161estn\u00e1ctku"},"content":{"rendered":"<div id=\"fb-root\"><\/div>\n<p class=\"has-medium-font-size\"><strong>Up\u0159\u00edmn\u011b se p\u0159izn\u00e1m, \u017ee mi to skute\u010dn\u011b ne\u010din\u00ed radost a pova\u017euju za fascinuj\u00edc\u00ed, \u017ee m\u011b n\u011bkte\u0159\u00ed fanatici st\u00e1le ozna\u010duj\u00ed za proruskou jen proto, \u017ee kritizuju, co se v na\u0161\u00ed arm\u00e1d\u011b d\u011bje, a jak moc je to \u0161patn\u011b.<\/strong><\/p>\n<p>V\u017edy\u0165 oni by m\u011bli b\u00fdt ti, kte\u0159\u00ed budou \u0159v\u00e1t jako beng\u00e1l\u0161t\u00ed tyg\u0159i po tom, aby arm\u00e1da fungovala, aby byla bojeschopn\u00e1, aby m\u011bla dostatek kvalitn\u00ed v\u00fdzbroje a v\u00fdstroje a aby ka\u017ed\u00e1 koruna byla vyu\u017eit\u00e1 smyslupln\u011b a efektivn\u011b. Jinak toho Rusa p\u0159ece neodstra\u0161\u00edme.<\/p>\n<p>Ale to oni ne. Jim je to snad \u00fapln\u011b fuk, \u017ee A\u010cR je jeden velk\u00fd tunel a jedno velk\u00e9 divadlo, ve kter\u00e9m u\u017e ale za chv\u00edli nebude m\u00edt kdo hr\u00e1t. M\u00e1me sice na jednoho voj\u00e1ka bezkonkuren\u010dn\u011b nejv\u00edc gener\u00e1l\u016f na Zemi i v p\u0159ilehl\u00fdch galaxi\u00edch, ale vysout\u011b\u017eit batoh n\u00e1m trv\u00e1 6 let. A je\u0161t\u011b nech\u00e1me toho Rusa, aby n\u00e1m ho \u0161lohl. Mohlo by se to naz\u00fdvat Velk\u00e1 batohov\u00e1 loupe\u017e a navrhuji aby to za\u010dalo vy\u0161et\u0159ovat OSN jako zlo\u010din proti lidskosti, proto\u017ee po t\u011bch \u0161esti letech to od Ruska skute\u010dn\u011b nelidsk\u00e9 je. B\u00edl\u00e9, p\u0159\u00edpadn\u011b Duhov\u00e9 p\u0159ilby by tam vtrhly a provedly operaci pod n\u00e1zvem: Vezmeme si \u010desk\u00e9 batohy z \u010c\u00edny zp\u00e1tky.<\/p>\n<p>A pak, kdy\u017e u\u017e si mysl\u00edte, \u017ee se nem\u016f\u017ee st\u00e1t nic trapn\u011bj\u0161\u00edho, dozv\u00edte se, \u017ee se sl\u00e1vou a na truc Slovensku jmenovan\u00e9ho poradce Jany Obran\u00e1\u0159ky \u010cernochov\u00e9 na pokyn \u00fa\u0159adu evropsk\u00e9ho ve\u0159ejn\u00e9ho \u017ealobce (EPPO) za\u010dala st\u00edhat slovensk\u00e1 policie. A za co? Pr\u00fd v souvislosti s podez\u0159en\u00edm na zneu\u017eit\u00ed pen\u011bz ur\u010den\u00fdch na vojenskou pomoc Ukrajin\u011b br\u00e1n\u00edc\u00ed se rusk\u00e9 agresi. A to pen\u011bz na munici.\u00a0<img decoding=\"async\" loading=\"lazy\" src=\"https:\/\/static.xx.fbcdn.net\/images\/emoji.php\/v9\/t51\/1\/16\/1f603.png\" alt=\"\ud83d\ude03\" width=\"16\" height=\"16\" \/><\/p>\n<p>\u201e\u00da\u0159ad evropsk\u00e9ho ve\u0159ejn\u00e9ho \u017ealobce informoval, \u017ee od \u00fanora do b\u0159ezna 2022 \u00fa\u0159edn\u00edci slovensk\u00e9ho ministerstva obrany \u00fadajn\u011b p\u0159edlo\u017eili v r\u00e1mci Evropsk\u00e9ho m\u00edrov\u00e9ho n\u00e1stroje \u017e\u00e1dost o proplacen\u00ed v\u00fddaj\u016f za vojenskou pomoc Ukrajin\u011b, konkr\u00e9tn\u011b za darovanou munici. EPPO m\u00e1 podez\u0159en\u00ed, \u017ee tito lid\u00e9 neopr\u00e1vn\u011bn\u011b zadali objedn\u00e1vky na munici od dvou soukrom\u00fdch spole\u010dnost\u00ed. \u201ePostup ve\u0159ejn\u00e9 zak\u00e1zky mohl b\u00fdt zmanipulovan\u00fd a munice mohla b\u00fdt p\u0159edra\u017een\u00e1,\u201c uv\u00e1d\u00ed se v prohl\u00e1\u0161en\u00ed EPPO. Vzniklou \u0161kodu \u00fa\u0159ad odhaduje na 7,4 milionu eur (183,6 milionu korun).\u201c<\/p>\n<p>Nep\u0159ipom\u00edn\u00e1 v\u00e1m to n\u011bco? T\u0159eba \u010deskou muni\u010dn\u00ed iniciativu, kter\u00e1 t\u00e9\u017e byla evidentn\u011b p\u0159edra\u017een\u00e1, dokonce se o tom jednalo na p\u016fd\u011b Parlamentu a nakonec se to zd\u016fvodnilo t\u00edm, \u017ee p\u0159ece je v\u00e1lka a tak je drah\u00e9 v\u0161echno. Klidn\u011b dvakr\u00e1t tolik. Aha. A tohle v\u0161echno se d\u011blo na Slovensku za \u0161\u00e9fov\u00e1n\u00ed, a n\u00e1sledn\u011b u n\u00e1s za poradcov\u00e1n\u00ed pana b\u00fdval\u00e9ho ministra Nad\u011b. Mimochodem toho Nad\u011b, kter\u00fd znebojeschopnil slovensk\u00e9 vzdu\u0161n\u00e9 s\u00edly tak, \u017ee jsme jim museli nebe hl\u00eddat my a na\u0161e Gripeny.<\/p>\n<p>Shodou \u0161\u0165astn\u00fdch okolnost\u00ed na Slovensku t\u00e9\u017e radostn\u011b p\u016fsob\u00ed firma Czechoslovak Group \u010desk\u00e9ho podnikatele Michala Strnada, toho Strnada kter\u00e9ho kritizoval u\u017e n\u011bmeck\u00fd den\u00edk Handelsblatt s odkazem na intern\u00ed dokumenty za to, \u017ee jako jeden ze zprost\u0159edkovatel\u016f slavn\u00e9 \u010desk\u00e9 muni\u010dn\u00ed iniciativy se svou spole\u010dnost\u00ed Excalibur Army na d\u011blost\u0159eleck\u00fdch gran\u00e1tech nep\u0159im\u011b\u0159en\u011b vyd\u011bl\u00e1v\u00e1. Kritizoval to i pir\u00e1tsk\u00fd sen\u00e1tor Luk\u00e1\u0161 Wagenknecht, premi\u00e9r se k tomu postavil tak, \u017ee kdokoliv to kritizuje \u00famysln\u011b pom\u00e1h\u00e1 Rusku, a t\u00edm se to cel\u00e9 sm\u00e1zlo. Ticho po p\u011b\u0161in\u011b, jen Strnad je v pln\u00e9m rozletu.<\/p>\n<p>J\u00e1 se prost\u011b v\u016fbec nediv\u00edm, \u017ee to tady vypad\u00e1 tak, jak to tady vypad\u00e1. Kdyby si ministryn\u011b vybrala poradce podle erudice, nikoliv podle sv\u00fdch moment\u00e1ln\u00edch emo\u010dn\u00edch v\u00fdkyv\u016f, mohly by n\u00e1m ta 2 % na obranu bohat\u011b sta\u010dit, a je\u0161t\u011b bychom t\u0159eba z toho, co u\u017e jsme zaplatili, i n\u011bco m\u011bli.<\/p>\n<p><a href=\"https:\/\/web.litterate.cz\/jeste-mi-ani-nezaschl-inkoust-na-pomyslnem-peru-a-uz-tu-mame-kod-charlie-sestnactku\/\">Jan Markov\u00e1<\/a><\/p>\n<p><img decoding=\"async\" loading=\"lazy\" class=\"alignnone size-full wp-image-34862\" src=\"http:\/\/www.infokuryr.cz\/n\/wp-content\/uploads\/2023\/08\/jana-markova.jpg\" alt=\"\" width=\"180\" height=\"180\" srcset=\"https:\/\/www.infokuryr.cz\/n\/wp-content\/uploads\/2023\/08\/jana-markova.jpg 180w, https:\/\/www.infokuryr.cz\/n\/wp-content\/uploads\/2023\/08\/jana-markova-150x150.jpg 150w\" sizes=\"(max-width: 180px) 100vw, 180px\" \/><\/p>\n<p><img decoding=\"async\" loading=\"lazy\" class=\"wp-image-80899 aligncenter\" src=\"http:\/\/www.infokuryr.cz\/n\/wp-content\/uploads\/2025\/06\/Vrabel-283x300.jpg\" alt=\"\" width=\"658\" height=\"698\" srcset=\"https:\/\/www.infokuryr.cz\/n\/wp-content\/uploads\/2025\/06\/Vrabel-283x300.jpg 283w, https:\/\/www.infokuryr.cz\/n\/wp-content\/uploads\/2025\/06\/Vrabel-966x1024.jpg 966w, https:\/\/www.infokuryr.cz\/n\/wp-content\/uploads\/2025\/06\/Vrabel-768x814.jpg 768w, https:\/\/www.infokuryr.cz\/n\/wp-content\/uploads\/2025\/06\/Vrabel-1024x1086.jpg 1024w, https:\/\/www.infokuryr.cz\/n\/wp-content\/uploads\/2025\/06\/Vrabel.jpg 1080w\" sizes=\"(max-width: 658px) 100vw, 658px\" \/><\/p>\n<p>&nbsp;<\/p>\n","protected":false},"excerpt":{"rendered":"<p>Up\u0159\u00edmn\u011b se p\u0159izn\u00e1m, \u017ee mi to skute\u010dn\u011b ne\u010din\u00ed radost a pova\u017euju za fascinuj\u00edc\u00ed, \u017ee m\u011b&#8230;<\/p>\n","protected":false},"author":2,"featured_media":81857,"comment_status":"closed","ping_status":"closed","sticky":false,"template":"","format":"standard","meta":[],"categories":[6],"tags":[80,1503,1597,338],"_links":{"self":[{"href":"https:\/\/www.infokuryr.cz\/n\/wp-json\/wp\/v2\/posts\/81856"}],"collection":[{"href":"https:\/\/www.infokuryr.cz\/n\/wp-json\/wp\/v2\/posts"}],"about":[{"href":"https:\/\/www.infokuryr.cz\/n\/wp-json\/wp\/v2\/types\/post"}],"author":[{"embeddable":true,"href":"https:\/\/www.infokuryr.cz\/n\/wp-json\/wp\/v2\/users\/2"}],"replies":[{"embeddable":true,"href":"https:\/\/www.infokuryr.cz\/n\/wp-json\/wp\/v2\/comments?post=81856"}],"version-history":[{"count":0,"href":"https:\/\/www.infokuryr.cz\/n\/wp-json\/wp\/v2\/posts\/81856\/revisions"}],"wp:featuredmedia":[{"embeddable":true,"href":"https:\/\/www.infokuryr.cz\/n\/wp-json\/wp\/v2\/media\/81857"}],"wp:attachment":[{"href":"https:\/\/www.infokuryr.cz\/n\/wp-json\/wp\/v2\/media?parent=81856"}],"wp:term":[{"taxonomy":"category","embeddable":true,"href":"https:\/\/www.infokuryr.cz\/n\/wp-json\/wp\/v2\/categories?post=81856"},{"taxonomy":"post_tag","embeddable":true,"href":"https:\/\/www.infokuryr.cz\/n\/wp-json\/wp\/v2\/tags?post=81856"}],"curies":[{"name":"wp","href":"https:\/\/api.w.org\/{rel}","templated":true}]}}