{"id":81849,"date":"2025-06-22T00:16:03","date_gmt":"2025-06-21T22:16:03","guid":{"rendered":"https:\/\/www.infokuryr.cz\/n\/?p=81849"},"modified":"2025-06-21T16:04:07","modified_gmt":"2025-06-21T14:04:07","slug":"miroslav-kelnar-pripomenuti-nasim-milym-henleinovskym-spoluobcanum","status":"publish","type":"post","link":"https:\/\/www.infokuryr.cz\/n\/2025\/06\/22\/miroslav-kelnar-pripomenuti-nasim-milym-henleinovskym-spoluobcanum\/","title":{"rendered":"Miroslav Kelnar: P\u0159ipomenut\u00ed &#8222;na\u0161im mil\u00fdm Henleinovsk\u00fdm spoluob\u010dan\u016fm&#8220;"},"content":{"rendered":"<div id=\"fb-root\"><\/div>\n<p><strong>Nadpisem \u010dl\u00e1nku chci p\u0159ipomenout slova, kter\u00e1 p\u0159ed p\u00e1r lety \u00fadajn\u011b pronesl b\u00fdval\u00fd ministr kultury za KDU \u2013 \u010cSL Herman na jednom sude\u0165\u00e1ck\u00e9m sjezdu v N\u011bmecku, a vlastn\u011b na tato ostudn\u00e1 slova nav\u00e1zal svoj\u00ed n\u00e1v\u0161t\u011bvou na stejn\u00e9 akci tento rok i \u010desk\u00fd ministr \u0161kolstv\u00ed Bek. Proto vid\u00edm na m\u00edst\u011b, zde p\u0159ipomenout t\u011bm, co vol\u00ed strany, ze kter\u00fdch tito dva poch\u00e1zej\u00ed, komu tito dva \u00fa\u010dastn\u00edci sude\u0165\u00e1ck\u00e9ho sjezdu v N\u011bmecku vyj\u00e1d\u0159ili podporu.<\/strong><\/p>\n<p style=\"font-weight: 400;\">\u00a0Popisem ud\u00e1lost\u00ed, kter\u00e9 se odehr\u00e1ly v noci z 30.10. na 31.10. 1938 v jednom moravsk\u00e9m m\u011bste\u010dku naz\u00fdvaj\u00edc\u00edm se Moravsk\u00e1 Chrastov\u00e1, chci demonstrovat, co byli za\u010d\u00a0ti na\u0161i tzv. \u201emil\u00ed spoluob\u010dan\u00e9\u201c, a co tito dok\u00e1zali p\u00e1chat na \u010ce\u0161\u00edch opu\u0161t\u011bn\u00fdch sv\u00fdmi tzv. spojenci z\u00a0Velk\u00e9 Brit\u00e1nie a Francie.<\/p>\n<p style=\"font-weight: 400;\">\u00a0\u00a0\u00a0\u00a0\u00a0Co stoj\u00ed za pozornost na tomto p\u0159\u00edpadu \u00fatoku na \u010desk\u00e9 ob\u010dany v Moravsk\u00e9 Chrastov\u00e9, je skute\u010dnost, \u017ee \u0161lo o ozbrojenou sr\u00e1\u017eku mezi Sude\u0165\u00e1ky a \u010desk\u00fdmi voj\u00e1ky, kter\u00e1 se ud\u00e1la m\u011bs\u00edc po podpisu Mnichovsk\u00e9 smlouvy, tedy \u0159ekn\u011bme v obdob\u00ed, kdy u\u017e m\u011blo polevit n\u00e1sil\u00ed a nap\u011bt\u00ed mezi \u010desk\u00fdm a sudetsk\u00fdm \u017eivlem. N\u011bmci p\u0159ece dostali od na\u0161ich tzv. \u201cspojenc\u016f\u201c v Mnichov\u011b, co cht\u011bli, tak pro\u010d pot\u0159ebovali d\u00e1le provokovat a v\u00e1l\u010dit proti \u010cech\u016fm? Strategicky ch\u00e1p\u00e1no, N\u011bmci p\u0159ece m\u011bli st\u00e1le je\u0161t\u011b hr\u00e1t p\u0159ed sv\u011btem na ty, co necht\u011bj\u00ed nic jin\u00e9ho, ne\u017e m\u00edr, takto to tenkr\u00e1t Hitler prohla\u0161oval, Sudety a pak u\u017e nic nechci.<\/p>\n<p style=\"font-weight: 400;\">\u00a0\u00a0\u00a0\u00a0V dob\u011b \u00fatoku tzv. ordner\u016f na Moravskou Chrastovou byly ji\u017e vlastn\u011b vyt\u00fd\u010deny hranice mezi Sudety respektive mezi tehdej\u0161\u00edm N\u011bmeckem a \u010ceskoslovenskem, kdy Moravsk\u00e1 Chrastov\u00e1 byla podle po\u010dtu obyvatelstva hl\u00e1s\u00edc\u00edho se k \u010desk\u00e9 n\u00e1rodnosti p\u0159i\u0159azena k \u010desk\u00e9mu \u00fazem\u00ed. Podle dobov\u00fdch zdroj\u016f z roku 1930 z celkov\u00e9ho po\u010dtu 1341 obyvatel, tam \u017eilo 811 \u010cech\u016f a 501 N\u011bmc\u016f, a proto p\u0159i\u010dlen\u011bn\u00ed tohoto m\u011bste\u010dka k \u010desk\u00e9mu \u00fazem\u00ed bylo nesporn\u00e9.<\/p>\n<p style=\"font-weight: 400;\">\u00a0\u00a0\u00a0\u00a0\u00a0P\u0159es tuto skute\u010dnost se Sude\u0165\u00e1ci s\u00a0Hitlerem v\u00a0z\u00e1dech c\u00edtili natolik siln\u00ed, \u017ee na toto m\u011bste\u010dko za\u00fato\u010dili se zbran\u011bmi v ruce v\u00a0noci z 30.10. na 31.10.1938 v sile cca 400 bojechtiv\u00fdch osob, dnes bychom \u0159ekli terorist\u016f, aby toto p\u0159ev\u00e1\u017en\u011b \u010desk\u00e9 os\u00eddlen\u00ed n\u00e1sil\u00edm dobili a p\u0159ipojili je k\u00a0N\u011bmecku.<\/p>\n<p style=\"font-weight: 400;\">\u00a0\u00a0\u00a0\u00a0Nakonec to tak bohu\u017eel i dopadlo, ale ofici\u00e1ln\u00edmu za\u010dlen\u011bn\u00ed p\u0159ev\u00e1\u017en\u011b \u010desk\u00e9ho m\u011bste\u010dka do N\u011bmecka p\u0159edch\u00e1zel pr\u00e1v\u011b tento ozbrojen\u00fd st\u0159et, kter\u00fd prok\u00e1zal jednak to, \u017ee jako \u010ceskoslovensko jsme ji\u017e v t\u00e9 dob\u011b tahali za krat\u0161\u00ed konec, a to i pod dohledem mezin\u00e1rodn\u00edho v\u00fdboru v Berl\u00edn\u011b, a d\u00e1le i to, \u017ee na\u0161im tzv. z\u00e1padn\u00edm spojenc\u016fm bylo \u00fapln\u011b jedno, jak je nakl\u00e1d\u00e1no se zmrza\u010den\u00fdm \u010ceskoslovenskem a jeho lidem. Mus\u00edm dodat, \u017ee pr\u00e1v\u011b t\u011bch spojenc\u016f, kte\u0159\u00ed se zav\u00e1zali v t\u00e9to Mnichovsk\u00e9 smlouv\u011b, \u017ee garantuj\u00ed integritu alespo\u0148 zbytku tohoto okle\u0161t\u011bn\u00e9ho \u010ceskoslovenska.<\/p>\n<p style=\"font-weight: 400;\">\u00a0\u00a0\u00a0\u00a0Tato ud\u00e1lost v\u00a0Moravsk\u00e9 Chrastov\u00e9 byla ji\u017e p\u0159edzv\u011bst\u00ed d\u011bj\u016f budouc\u00edch a byla tak\u00e9 d\u016fkazem, \u017ee cel\u00e1 ta ostudn\u00e1 Mnichovsk\u00e1 komedie byla jen trapn\u00fdm mezistupn\u011bm p\u0159ed z\u00e1borem cel\u00e9ho na\u0161eho \u00fazem\u00ed, ke\u00a0kter\u00e9mu pak do\u0161lo k\u00a015.3.1939.<\/p>\n<p style=\"font-weight: 400;\">\u00a0\u00a0\u00a0\u00a0P\u0159i \u00fatoku p\u0159es stanovenou demarka\u010dn\u00ed \u010d\u00e1ru z konce \u0159\u00edjna 1938 t\u00e9to zdivo\u010del\u00e1 sme\u010dka ozbrojen\u00fdch ordner\u016f zajala na \u010desk\u00e9m \u00fazem\u00ed a odvlekla na n\u011bmeckou stranu 78 \u010desk\u00fdch ob\u010dan\u016f *). \u010cesk\u00e1 arm\u00e1da v\u0161ak zareagovala r\u00e1zn\u011b a druh\u00fd den dopoledne Moravskou Chrastovou dobyla zp\u011bt, i kdy\u017e tato \u010desk\u00e1 arm\u00e1da byla po\u010detn\u011b podstatn\u011b slab\u0161\u00ed ne\u017e sudetsk\u00e9 freikorpsy z nedalek\u00fdch m\u011bst Svitav a Moravsk\u00e9 T\u0159ebov\u00e9. Jak p\u0159\u00edzna\u010dn\u00e9 je, \u017ee tentokr\u00e1t jsme ty Skop\u010d\u00e1ky hnali zp\u00e1tky do kopc\u016f, odkud kdysi slezli. P\u0159i boji v\u0161ak zahynuli 4 \u010de\u0161t\u00ed voj\u00e1ci a jeden civilista a bylo zran\u011bno dal\u0161\u00edch 6 \u010desk\u00fdch voj\u00e1k\u016f. Ti odvle\u010den\u00ed \u010de\u0161t\u00ed civilist\u00e9 a voj\u00e1ci byli propu\u0161t\u011bn\u00ed a\u017e po diplomatick\u00fdch jedn\u00e1n\u00edch mezi N\u011bmci a \u010cechy za t\u0159i dny pot\u00e9.<\/p>\n<p style=\"font-weight: 400;\">\u00a0\u00a0\u00a0\u00a0T\u00edmto ozbrojen\u00fdm \u00fatokem na \u010cechy vyslali N\u011bmci ji\u017e koncem \u0159\u00edjna 1938 jasn\u00fd sign\u00e1l, \u017ee nehodlaj\u00ed respektovat ani tu zr\u00e1dcovskou Mnichovskou smlouvu podepsanou 29.9.1938 v n\u00e1\u0161 neprosp\u011bch. Jako akt \u010d\u00e1ste\u010dn\u00e9ho zadostiu\u010din\u011bn\u00ed je mo\u017eno br\u00e1t rozhodnut\u00ed Mimo\u0159\u00e1dn\u00e9ho lidov\u00e9ho soudu kr\u00e1tce po v\u00e1lce, podle kter\u00e9ho byli n\u011bkte\u0159\u00ed z tehdej\u0161\u00edch sudetsk\u00fdch \u00fato\u010dn\u00edk\u016f souzeni a n\u011bkte\u0159\u00ed z nich pov\u011b\u0161eni.<\/p>\n<p style=\"font-weight: 400;\">\u00a0\u00a0\u00a0\u00a0\u00a0P\u0159ipad\u00e1 mi fantasmagorick\u00e9, \u017ee n\u011bkdo m\u016f\u017ee v\u016fbec myslet v\u00e1\u017en\u011b, \u017ee jsme tu po v\u00e1lce mohli pokra\u010dovat v sou\u017eit\u00ed s N\u011bmci, a \u017ee by sta\u010dilo jen, \u017ee si sudet\u0161t\u00ed N\u011bmci\u00a0doma za k\u016flnou sp\u00e1lili ty svoje eses\u00e1ck\u00e9 uniformy, sundali ze st\u011bny Hitlera a dali ho na p\u016fdu za kom\u00edn pro str\u00fd\u010dka p\u0159\u00edhodu. A takov\u00fdmto zp\u016fsobem by Sude\u0165\u00e1ci provedli svou tzv. denacifikaci a t\u00edm by do\u0161lo ke vz\u00e1jemn\u00e9mu vyrovn\u00e1n\u00ed se s t\u011bmi 6 lety brut\u00e1ln\u00ed okupace a mohlo se tu pr\u00fd nad\u00e1le pokra\u010dovat v tom \u00fadajn\u011b p\u0159edv\u00e1le\u010dn\u00e9m \u201eharmonick\u00e9m\u201c sou\u017eit\u00ed.<\/p>\n<p style=\"font-weight: 400;\">\u00a0\u00a0\u00a0\u00a0\u00a0Jen takov\u00e1 hypotetick\u00e1 ot\u00e1zka co by, kdyby; dok\u00e1zalo by dnes N\u011bmecko odolat poku\u0161en\u00ed, \u017ee m\u016f\u017ee p\u0159es svou t\u0159etinovou men\u0161inu v \u010cR siln\u011b ovliv\u0148ovat \u010deskou politiku? Mysl\u00edm, si \u017ee by neodolalo. Sta\u010d\u00ed jen pozorovat, jak tu ji\u017e pracuje jejich 5. kolona sestaven\u00e1 zat\u00edm jen z kolaboruj\u00edc\u00edch \u010cech\u016f.<\/p>\n<p style=\"font-weight: 400;\">\u00a0\u00a0\u00a0\u00a0Na konto sou\u010dasn\u00fdch Sudeto \u2013 \u010desk\u00fdch vztah\u016f jen tro\u0161ku zauva\u017euji, pro\u010d tady projevuje Bernd Posselt \u2013 mluv\u010d\u00ed Sudeton\u011bmeck\u00e9ho landsmannschaftu takovou p\u00e9\u010di o\u00a0\u00a0\u010desko \u2013 n\u011bmeck\u00e9 vztahy? Jak jsem si mohl s\u00e1m na sv\u00e9 vlastn\u00ed k\u016f\u017ei za\u017e\u00edt p\u0159i jedn\u00e9 cest\u011b ve vlaku v roce 2021 pr\u00e1v\u011b v okol\u00ed m\u011bsta Moravsk\u00e1 T\u0159ebov\u00e1, kdy jsem se dal do \u0159e\u010di s jednou Sude\u0165a\u010dkou ze Slezska, a b\u011bhem hovoru jsem se p\u0159esv\u011bd\u010dil, \u017ee u Sude\u0165\u00e1k\u016f neexistuje v\u016fbec \u017e\u00e1dn\u00e1 sebereflexe a jejich n\u00e1hled na ud\u00e1losti 1938\u20131945 je takov\u00fd, \u017ee oni nic \u0161patn\u00e9ho v\u016f\u010di n\u00e1m neprovedli, jen ti \u010ce\u0161i se jim pomstili za jejich prohranou v\u00e1lku t\u00edm, \u017ee je okradli a vyhnali.<\/p>\n<p style=\"font-weight: 400;\">\u00a0\u00a0\u00a0\u00a0Jsme opravdu tak zaprodan\u00fd n\u00e1rod, \u017ee si nech\u00e1me lidmi jako je ministr Bek a bohu\u017eelpremi\u00e9r Fiala \u0161lapat po sv\u00e9 n\u00e1rodn\u00ed cti? \u0158ada kolaborant\u016f utekla na konci v\u00e1lky do zahrani\u010d\u00ed, aby se vyhnuli trestu, a ti maj\u00ed dnes u\u017e i mo\u017enost, hlasovat v\u00a0\u010desk\u00fdch volb\u00e1ch\u00a0\u00a0a mst\u00edt se na\u0161emu n\u00e1rodu za prohranou vojnu. Pr\u00e1v\u011b tato sorta lid\u00ed bude sypat v zahrani\u010d\u00ed svoje hlasy pro strany, jako je KDU \u010cSL.<\/p>\n<p><a href=\"https:\/\/vasevec.info\/blogy\/pripomenuti-nasim-milym-henleinovskym-spoluobcanum\">Miroslav Kelnar<\/a><\/p>\n<p><img decoding=\"async\" loading=\"lazy\" class=\"wp-image-80899 aligncenter\" src=\"http:\/\/www.infokuryr.cz\/n\/wp-content\/uploads\/2025\/06\/Vrabel-283x300.jpg\" alt=\"\" width=\"732\" height=\"776\" srcset=\"https:\/\/www.infokuryr.cz\/n\/wp-content\/uploads\/2025\/06\/Vrabel-283x300.jpg 283w, https:\/\/www.infokuryr.cz\/n\/wp-content\/uploads\/2025\/06\/Vrabel-966x1024.jpg 966w, https:\/\/www.infokuryr.cz\/n\/wp-content\/uploads\/2025\/06\/Vrabel-768x814.jpg 768w, https:\/\/www.infokuryr.cz\/n\/wp-content\/uploads\/2025\/06\/Vrabel-1024x1086.jpg 1024w, https:\/\/www.infokuryr.cz\/n\/wp-content\/uploads\/2025\/06\/Vrabel.jpg 1080w\" sizes=\"(max-width: 732px) 100vw, 732px\" \/><\/p>\n<p>&nbsp;<\/p>\n","protected":false},"excerpt":{"rendered":"<p>Nadpisem \u010dl\u00e1nku chci p\u0159ipomenout slova, kter\u00e1 p\u0159ed p\u00e1r lety \u00fadajn\u011b pronesl b\u00fdval\u00fd ministr kultury za&#8230;<\/p>\n","protected":false},"author":2,"featured_media":81850,"comment_status":"closed","ping_status":"closed","sticky":false,"template":"","format":"standard","meta":[],"categories":[6],"tags":[1503,122,7378,112],"_links":{"self":[{"href":"https:\/\/www.infokuryr.cz\/n\/wp-json\/wp\/v2\/posts\/81849"}],"collection":[{"href":"https:\/\/www.infokuryr.cz\/n\/wp-json\/wp\/v2\/posts"}],"about":[{"href":"https:\/\/www.infokuryr.cz\/n\/wp-json\/wp\/v2\/types\/post"}],"author":[{"embeddable":true,"href":"https:\/\/www.infokuryr.cz\/n\/wp-json\/wp\/v2\/users\/2"}],"replies":[{"embeddable":true,"href":"https:\/\/www.infokuryr.cz\/n\/wp-json\/wp\/v2\/comments?post=81849"}],"version-history":[{"count":0,"href":"https:\/\/www.infokuryr.cz\/n\/wp-json\/wp\/v2\/posts\/81849\/revisions"}],"wp:featuredmedia":[{"embeddable":true,"href":"https:\/\/www.infokuryr.cz\/n\/wp-json\/wp\/v2\/media\/81850"}],"wp:attachment":[{"href":"https:\/\/www.infokuryr.cz\/n\/wp-json\/wp\/v2\/media?parent=81849"}],"wp:term":[{"taxonomy":"category","embeddable":true,"href":"https:\/\/www.infokuryr.cz\/n\/wp-json\/wp\/v2\/categories?post=81849"},{"taxonomy":"post_tag","embeddable":true,"href":"https:\/\/www.infokuryr.cz\/n\/wp-json\/wp\/v2\/tags?post=81849"}],"curies":[{"name":"wp","href":"https:\/\/api.w.org\/{rel}","templated":true}]}}