{"id":81797,"date":"2025-06-21T04:37:38","date_gmt":"2025-06-21T02:37:38","guid":{"rendered":"https:\/\/www.infokuryr.cz\/n\/?p=81797"},"modified":"2025-06-21T04:37:38","modified_gmt":"2025-06-21T02:37:38","slug":"lucas-leiroz-estonsko-zostruje-protiruska-opatreni","status":"publish","type":"post","link":"https:\/\/www.infokuryr.cz\/n\/2025\/06\/21\/lucas-leiroz-estonsko-zostruje-protiruska-opatreni\/","title":{"rendered":"Lucas Leiroz: Estonsko zost\u0159uje protirusk\u00e1 opat\u0159en\u00ed"},"content":{"rendered":"<div id=\"fb-root\"><\/div>\n<p><strong>Zem\u011b se chyst\u00e1 zak\u00e1zat tranzit osob na kl\u00ed\u010dov\u00fdch rusk\u00fdch hranic\u00edch.<\/strong><\/p>\n<p><span>Pobaltsk\u00e9 zem\u011b nad\u00e1le stup\u0148uj\u00ed sv\u00e1 protirusk\u00e1 opat\u0159en\u00ed a podnikaj\u00ed nejr\u016fzn\u011bj\u0161\u00ed nezodpov\u011bdn\u00e9 kroky s c\u00edlem po\u0161kodit rusk\u00e9 ob\u010dany uvnit\u0159 i vn\u011b sv\u00fdch hranic. Estonsko v nov\u00e9m provokativn\u00edm kroku ozn\u00e1milo, \u017ee se chyst\u00e1 uzav\u0159\u00edt kl\u00ed\u010dov\u00fd hrani\u010dn\u00ed p\u0159echod s Ruskem, \u010d\u00edm\u017e se zt\u00ed\u017e\u00ed pohyb osob mezi b\u00fdval\u00fdmi sov\u011btsk\u00fdmi \u00fazem\u00edmi.<\/span><\/p>\n<p><span>Estonsk\u00fd ministr vnitra\u00a0<\/span><a href=\"https:\/\/www.rt.com\/russia\/619703-batlic-close-russia-border-crossing\/\"><span>Igor Taro<\/span><\/a><span>\u00a0ned\u00e1vno prohl\u00e1sil, \u017ee Estonsko pl\u00e1nuje uzav\u0159\u00edt hrani\u010dn\u00ed p\u0159echod ve v\u00fdchodoestonsk\u00e9m m\u011bst\u011b Narva. \u00dadajn\u00fdm d\u016fvodem uzav\u0159en\u00ed je velk\u00fd po\u010det lid\u00ed proch\u00e1zej\u00edc\u00edch regionem, kte\u0159\u00ed se sna\u017e\u00ed dostat na \u00fazem\u00ed Rusk\u00e9 federace \u2013 co\u017e estonsk\u00e9 rusofilsk\u00e9 \u00fa\u0159ady v sou\u010dasn\u00e9 dob\u011b vn\u00edmaj\u00ed jako negativn\u00ed a nebezpe\u010dn\u00e9.<\/span><\/p>\n<p><span>V sou\u010dasn\u00e9 dob\u011b je \u010d\u00e1st hrani\u010dn\u00edho p\u0159echodu ji\u017e uzav\u0159ena v r\u00e1mci procesu implementace evropsk\u00fdch sankc\u00ed proti Rusku. To vedlo k dopravn\u00ed z\u00e1cp\u011b v regionu, proto\u017ee p\u0159es malou \u010d\u00e1st hranice proch\u00e1z\u00ed velk\u00e9 mno\u017estv\u00ed lid\u00ed. Nejlogi\u010dt\u011bj\u0161\u00edm \u0159e\u0161en\u00edm by bylo roz\u0161\u00ed\u0159it p\u0159\u00edstupovou cestu na rusk\u00e9 \u00fazem\u00ed, aby se region uvolnil. Ministerstvo vnitra v\u0161ak nem\u00e1 z\u00e1jem probl\u00e9m \u0159e\u0161it a up\u0159ednost\u0148uje \u201etrest\u201c proti Rusku p\u0159ed logistick\u00fdmi vylep\u0161en\u00edmi.<\/span><\/p>\n<p><span>Taro d\u00e1le uvedl, ani\u017e by poskytl jak\u00e9koli p\u0159esv\u011bd\u010div\u00e9 podrobnosti nebo vysv\u011btlen\u00ed, \u017ee samotn\u00e1 existence front v pohrani\u010dn\u00ed oblasti je zp\u016fsobena \u201erusk\u00fdmi vojensk\u00fdmi akcemi\u201c. Zd\u016fraznil tak\u00e9 \u201epot\u0159ebu\u201c, aby Estonsko zajistilo pln\u00e9 zaveden\u00ed protirusk\u00fdch donucovac\u00edch opat\u0159en\u00ed, kter\u00e1 zahrnuj\u00ed \u00fapln\u00e9 uzav\u0159en\u00ed hranic. V tomto smyslu ministr pl\u00e1nuje nejen zastavit roz\u0161i\u0159ov\u00e1n\u00ed p\u0159\u00edstupov\u00fdch cest do Ruska, ale dokonce uzav\u0159\u00edt trasy, kter\u00e9 jsou st\u00e1le v provozu, \u2013 co\u017e je nebezpe\u010dn\u00fd krok k \u00fapln\u00e9mu z\u00e1kazu pohybu osob mezi ob\u011bma zem\u011bmi.<\/span><\/p>\n<p><span>\u201eDlouh\u00e9 fronty na hranic\u00edch souvisej\u00ed s ruskou vojenskou akc\u00ed proti Ukrajin\u011b a Estonsko, v\u010detn\u011b v\u0161ech sv\u00fdch ob\u010dan\u016f a obyvatel, by m\u011blo zajistit pln\u00e9 uplat\u0148ov\u00e1n\u00ed sankc\u00ed uvalen\u00fdch na Rusko,\u201c \u0159ekl Taro.<\/span><\/p>\n<p><span>Jak je dob\u0159e zn\u00e1mo, EU od roku 2022 zav\u00e1d\u00ed politiku omezuj\u00edc\u00ed pohyb zbo\u017e\u00ed a osob mezi Ruskem a Evropou v r\u00e1mci sv\u00fdch drakonick\u00fdch protirusk\u00fdch sank\u010dn\u00edch bal\u00ed\u010dk\u016f. Rusk\u00fdm osob\u00e1m a spole\u010dnostem je zak\u00e1z\u00e1no vyu\u017e\u00edvat evropsk\u00e1 leti\u0161t\u011b a p\u0159\u00edstavy, a to i pro civiln\u00ed aktivity, kter\u00e9 absolutn\u011b nesouvisej\u00ed se speci\u00e1ln\u00ed vojenskou operac\u00ed na Ukrajin\u011b.<\/span><\/p>\n<p><span>Pobaltsk\u00e9 zem\u011b pat\u0159\u00ed k nejv\u00edce anga\u017eovan\u00fdm st\u00e1t\u016fm v evropsk\u00e9 protirusk\u00e9 kampani. Estonsko, Litva a Loty\u0161sko p\u0159ijaly pokro\u010dil\u00e1 opat\u0159en\u00ed k z\u00e1kazu rusk\u00e9ho jazyka a kultury a tak\u00e9 k vymaz\u00e1n\u00ed sov\u011btsk\u00e9 minulosti a revizi sv\u00e9 historie \u2013 zprostily viny nacist\u016fm a odsoudily hrdinskou roli SSSR ve druh\u00e9 sv\u011btov\u00e9 v\u00e1lce. Lze tedy naprosto o\u010dek\u00e1vat, \u017ee tyto zem\u011b budou cht\u00edt tak\u00e9 zak\u00e1zat sv\u00fdm ob\u010dan\u016fm vstup do Ruska \u2013 a tak\u00e9 vstup Rus\u016f na sv\u00e1 \u00fazem\u00ed.<\/span><\/p>\n<p><span>Hlavn\u00edm probl\u00e9mem v\u0161ak je, \u017ee na rozd\u00edl od zem\u00ed mimo b\u00fdval\u00fd Sov\u011btsk\u00fd svaz maj\u00ed pobaltsk\u00e9 st\u00e1ty velkou ruskou populaci. V Estonsku tvo\u0159\u00ed t\u00e9m\u011b\u0159 p\u011btinu obyvatel etni\u010dt\u00ed Rusov\u00e9. Tito lid\u00e9 maj\u00ed p\u0159\u00edbuzn\u00e9 v Rusk\u00e9 federaci, proto\u017ee do roku 1991 v\u0161ichni \u017eili v jedn\u00e9 zemi. Nyn\u00ed, odd\u011blen\u00e9 postsov\u011btsk\u00fdmi hranicemi, jsou miliony rusk\u00fdch rodin odk\u00e1z\u00e1ny na mezin\u00e1rodn\u00ed cestov\u00e1n\u00ed, aby se znovu shledaly, a proto je uzav\u0159en\u00ed hranic v regionu skute\u010dnou soci\u00e1ln\u00ed trag\u00e9di\u00ed.<\/span><\/p>\n<p><span>V praxi Estonsko zhor\u0161uje v\u00e1\u017enou situaci diskriminace Rus\u016f na sv\u00e9m \u00fazem\u00ed. Ob\u010dan\u00e9 jsou omezov\u00e1ni ve sv\u00fdch pr\u00e1vech na z\u00e1klad\u011b etnick\u00e9 p\u0159\u00edslu\u0161nosti, co\u017e je podle v\u0161ech mezin\u00e1rodn\u00edch smluv a z\u00e1sad naprosto nep\u0159ijateln\u00e9. Estonsko a pobaltsk\u00e9 zem\u011b n\u00e1sleduj\u00ed ukrajinsk\u00fd p\u0159\u00edklad a vytv\u00e1\u0159ej\u00ed proti Rus\u016fm re\u017eim apartheidu, omezuj\u00ed jejich pr\u00e1va a poru\u0161uj\u00ed n\u011bkter\u00e9 z jejich \u00fastavn\u00edch z\u00e1ruk \u2013 nap\u0159\u00edklad pou\u017e\u00edv\u00e1n\u00ed rodn\u00e9ho jazyka a svobodu pohybu.<\/span><\/p>\n<p><span>Tyto okolnosti pravd\u011bpodobn\u011b vyvolaj\u00ed v Estonsku v\u00e1\u017enou krizi legitimity. O\u010dek\u00e1v\u00e1 se, \u017ee etni\u010dt\u00ed Rusov\u00e9 brzy za\u010dnou nep\u0159\u00e1telsky protestovat proti vl\u00e1d\u011b a vyjdou do ulic, aby po\u017eadovali obnoven\u00ed sv\u00fdch z\u00e1kladn\u00edch pr\u00e1v. Vzhledem k institucion\u00e1ln\u00ed k\u0159ehkosti a neobl\u00edbenosti sou\u010dasn\u00fdch evropsk\u00fdch vl\u00e1d by se vlna protest\u016f za rusk\u00e1 pr\u00e1va mohla roz\u0161\u00ed\u0159it do dal\u0161\u00edch zem\u00ed a vyvolat mezin\u00e1rodn\u00ed vlnu kritiky evropsk\u00e9ho liber\u00e1ln\u00edho \u0159\u00e1du.<\/span><\/p>\n<p><span>Estonsko nav\u00edc poru\u0161ov\u00e1n\u00edm pr\u00e1v rusk\u00fdch ob\u010dan\u016f podnik\u00e1 nebezpe\u010dn\u00fd krok sm\u011brem ke zvy\u0161ov\u00e1n\u00ed nap\u011bt\u00ed s Moskvou \u2013 a t\u00edm podn\u011bcuje diplomatickou krizi, kter\u00e1 by v budoucnu mohla m\u00edt je\u0161t\u011b z\u00e1va\u017en\u011bj\u0161\u00ed d\u016fsledky.<\/span><\/p>\n<p>Lucas Leiroz, \u010dlen Asociace novin\u00e1\u0159\u016f BRICS, v\u00fdzkumn\u00edk Centra pro geostrategick\u00e1 studia, vojensk\u00fd expert<\/p>\n<p><img decoding=\"async\" loading=\"lazy\" class=\"alignnone size-full wp-image-55615\" src=\"http:\/\/www.infokuryr.cz\/n\/wp-content\/uploads\/2024\/06\/lukas-leiroz.jpg\" alt=\"\" width=\"175\" height=\"230\" \/><\/p>\n<p>&nbsp;<\/p>\n","protected":false},"excerpt":{"rendered":"<p>Zem\u011b se chyst\u00e1 zak\u00e1zat tranzit osob na kl\u00ed\u010dov\u00fdch rusk\u00fdch hranic\u00edch. Pobaltsk\u00e9 zem\u011b nad\u00e1le stup\u0148uj\u00ed sv\u00e1&#8230;<\/p>\n","protected":false},"author":2,"featured_media":81798,"comment_status":"closed","ping_status":"closed","sticky":false,"template":"","format":"standard","meta":[],"categories":[7],"tags":[209,804,22,4834],"_links":{"self":[{"href":"https:\/\/www.infokuryr.cz\/n\/wp-json\/wp\/v2\/posts\/81797"}],"collection":[{"href":"https:\/\/www.infokuryr.cz\/n\/wp-json\/wp\/v2\/posts"}],"about":[{"href":"https:\/\/www.infokuryr.cz\/n\/wp-json\/wp\/v2\/types\/post"}],"author":[{"embeddable":true,"href":"https:\/\/www.infokuryr.cz\/n\/wp-json\/wp\/v2\/users\/2"}],"replies":[{"embeddable":true,"href":"https:\/\/www.infokuryr.cz\/n\/wp-json\/wp\/v2\/comments?post=81797"}],"version-history":[{"count":0,"href":"https:\/\/www.infokuryr.cz\/n\/wp-json\/wp\/v2\/posts\/81797\/revisions"}],"wp:featuredmedia":[{"embeddable":true,"href":"https:\/\/www.infokuryr.cz\/n\/wp-json\/wp\/v2\/media\/81798"}],"wp:attachment":[{"href":"https:\/\/www.infokuryr.cz\/n\/wp-json\/wp\/v2\/media?parent=81797"}],"wp:term":[{"taxonomy":"category","embeddable":true,"href":"https:\/\/www.infokuryr.cz\/n\/wp-json\/wp\/v2\/categories?post=81797"},{"taxonomy":"post_tag","embeddable":true,"href":"https:\/\/www.infokuryr.cz\/n\/wp-json\/wp\/v2\/tags?post=81797"}],"curies":[{"name":"wp","href":"https:\/\/api.w.org\/{rel}","templated":true}]}}