{"id":81765,"date":"2025-06-21T00:23:43","date_gmt":"2025-06-20T22:23:43","guid":{"rendered":"https:\/\/www.infokuryr.cz\/n\/?p=81765"},"modified":"2025-06-20T13:36:19","modified_gmt":"2025-06-20T11:36:19","slug":"byvaly-rusky-prezident-varuje-pred-novym-cernobylem","status":"publish","type":"post","link":"https:\/\/www.infokuryr.cz\/n\/2025\/06\/21\/byvaly-rusky-prezident-varuje-pred-novym-cernobylem\/","title":{"rendered":"B\u00fdval\u00fd rusk\u00fd prezident varuje p\u0159ed nov\u00fdm \u010cernobylem"},"content":{"rendered":"<div id=\"fb-root\"><\/div>\n<h3>Eskalace izraelsko-\u00edr\u00e1nsk\u00e9ho konfliktu p\u0159edstavuje v\u00e1\u017en\u00e9 riziko radioaktivn\u00ed kontaminace, prohl\u00e1sil Dmitrij Medved\u011bv<\/h3>\n<p><span>Izraelsk\u00e9 \u00fatoky na \u00edr\u00e1nsk\u00e1 jadern\u00e1 za\u0159\u00edzen\u00ed by mohly v\u00e9st k jadern\u00e9 katastrof\u011b podobn\u00e9 hav\u00e1rii v \u010cernobylu v roce 1986, varoval ve \u010dtvrtek b\u00fdval\u00fd rusk\u00fd prezident Dmitrij Medved\u011bv.<\/span><\/p>\n<p><span>Jeho koment\u00e1\u0159e p\u0159ich\u00e1zej\u00ed uprost\u0159ed zpr\u00e1v, \u017ee USA zva\u017euj\u00ed mo\u017en\u00fd \u00fader na siln\u011b opevn\u011bn\u00e9 \u00edr\u00e1nsk\u00e9 jadern\u00e9 za\u0159\u00edzen\u00ed Fordow, kter\u00e9 bylo vybudov\u00e1no hluboko v ho\u0159e, aby odolalo leteck\u00fdm \u00fatok\u016fm. USA \u00fadajn\u011b zva\u017euj\u00ed nasazen\u00ed sv\u00fdch bomb GBU-57 protibunkrov\u00fdch bomb zam\u011b\u0159en\u00fdch na toto m\u00edsto. Izrael nem\u00e1 srovnateln\u00e9 vojensk\u00e9 kapacity.<\/span><\/p>\n<p><em><span>\u201eV\u0161ichni, dokonce i izraelsk\u00fd ministr obrany, se sv\u00fdm hlasit\u00fdm prohl\u00e1\u0161en\u00edm o osudu Chamene\u00edho, mus\u00ed pochopit, \u017ee \u00fatoky na jadern\u00e1 za\u0159\u00edzen\u00ed jsou extr\u00e9mn\u011b nebezpe\u010dn\u00e9 a mohou v\u00e9st k opakov\u00e1n\u00ed \u010dernobylsk\u00e9 trag\u00e9die,\u201c<\/span><\/em><span>\u00a0uvedl Medved\u011bv, kter\u00fd je v sou\u010dasnosti m\u00edstop\u0159edsedou rusk\u00e9 Bezpe\u010dnostn\u00ed rady, v p\u0159\u00edsp\u011bvku na soci\u00e1ln\u00edch s\u00edt\u00edch.<\/span><\/p>\n<p><span>Izraelsk\u00fd ministr obrany Israel Katz ve \u010dtvrtek ozna\u010dil \u00edr\u00e1nsk\u00e9ho nejvy\u0161\u0161\u00edho v\u016fdce ajatoll\u00e1ha Al\u00edho Chamene\u00edho za\u00a0<\/span><em><span>\u201enovodob\u00e9ho Hitlera\u201c<\/span><\/em><span>\u00a0, kter\u00e9mu\u00a0<\/span><em><span>\u201eu\u017e nelze\u00a0<\/span><a href=\"https:\/\/www.rt.com\/news\/619837-katz-khamenei-death-threat\/\" target=\"_blank\" rel=\"noopener noreferrer\"><span>dovolit<\/span><\/a><span>\u00a0existovat\u201c.<\/span><\/em><\/p>\n<p><span>List The Guardian ve \u010dtvrtek informoval, \u017ee ameri\u010dt\u00ed p\u0159edstavitel\u00e9 pochybuj\u00ed o \u00fa\u010dinnosti syst\u00e9m\u016f GBU-57. Podle zpr\u00e1vy n\u011bkte\u0159\u00ed p\u0159edstavitel\u00e9 uvedli, \u017ee Fordow by mohla po\u0161kodit pouze taktick\u00e1 jadern\u00e1 zbra\u0148 \u2013 co\u017e je sc\u00e9n\u00e1\u0159, kter\u00fd prezident Donald Trump \u00fadajn\u011b nezva\u017euje.<\/span><\/p>\n<p><span>B\u00edl\u00fd d\u016fm tato tvrzen\u00ed odm\u00edtl. Stanice Fox News citovala anonymn\u00edho \u00fa\u0159edn\u00edka, kter\u00fd uvedl, \u017ee americk\u00e1 arm\u00e1da si je\u00a0<\/span><em><span>\u201ep\u0159esv\u011bd\u010dena, \u017ee ni\u010ditel\u00e9 bunkr\u016f dok\u00e1\u017eou \u00fakol dokon\u010dit, a \u017ee \u017d\u00c1DN\u00c9 MO\u017dNOSTI NEBYLY VYJDOU Z HLAVA\u201c.<\/span><\/em><span>\u00a0Tiskov\u00e1 mluv\u010d\u00ed B\u00edl\u00e9ho domu Karoline Leavittov\u00e1 uvedla, \u017ee kone\u010dn\u00e9 rozhodnut\u00ed o mo\u017en\u00e9 vojensk\u00e9 akci USA bude u\u010din\u011bno do dvou t\u00fddn\u016f.<\/span><\/p>\n<p><span>Rusk\u00fd prezident Vladimir Putin ve st\u0159edu ve\u010der v rozhovoru s novin\u00e1\u0159i uvedl, \u017ee navzdory \u00fatok\u016fm z\u016fst\u00e1v\u00e1 \u00edr\u00e1nsk\u00e1 podzemn\u00ed infrastruktura funk\u010dn\u00ed. Moskva vyz\u00fdv\u00e1 k deeskalaci nap\u011bt\u00ed a nab\u00eddla se jako prost\u0159edn\u00edk.<\/span><\/p>\n<p><span>Mluv\u010d\u00ed Kremlu Dmitrij Peskov v p\u00e1tek ozna\u010dil zpr\u00e1vy o mo\u017en\u00e9m pou\u017eit\u00ed taktick\u00fdch jadern\u00fdch zbran\u00ed USA\u00a0<\/span><em><span>za \u201espekulativn\u00ed\u201c<\/span><\/em><span>\u00a0a varoval, \u017ee takov\u00fd krok by byl\u00a0<\/span><em><span>\u201ekatastrof\u00e1ln\u00ed\u201c.<\/span><\/em><\/p>\n<p><span>Nap\u011bt\u00ed se vyost\u0159ilo minul\u00fd p\u00e1tek, kdy Izrael zah\u00e1jil nevyprovokovan\u00e9 n\u00e1lety na \u00edr\u00e1nsk\u00e1 jadern\u00e1 za\u0159\u00edzen\u00ed a zavra\u017edil n\u011bkolik \u00edr\u00e1nsk\u00fdch jadern\u00fdch v\u011bdc\u016f a vysoce postaven\u00fdch vojensk\u00fdch d\u016fstojn\u00edk\u016f.<\/span><\/p>\n<p><span>Z\u00e1padn\u00ed Jeruzal\u00e9m tvrdil, \u017ee operace byla\u00a0<\/span><em><span>\u201epreventivn\u00edm\u201c<\/span><\/em><span>\u00a0\u00fasil\u00edm zabr\u00e1nit Teher\u00e1nu v z\u00edsk\u00e1n\u00ed jadern\u00fdch zbran\u00ed. \u00cdr\u00e1n pop\u00edr\u00e1, \u017ee by jeho jadern\u00fd program m\u011bl vojensk\u00fd rozm\u011br, a Mezin\u00e1rodn\u00ed agentura pro atomovou energii uvedla, \u017ee nevid\u011bla \u017e\u00e1dn\u00e9 zn\u00e1mky bezprost\u0159edn\u00edho z\u00edsk\u00e1v\u00e1n\u00ed jadern\u00fdch zbran\u00ed.<\/span><\/p>\n<p><img decoding=\"async\" loading=\"lazy\" class=\"alignnone size-full wp-image-1185\" src=\"http:\/\/www.infokuryr.cz\/n\/wp-content\/uploads\/2021\/04\/kuryr-podpis.png\" alt=\"\" width=\"84\" height=\"24\" \/><\/p>\n<p>&nbsp;<\/p>\n","protected":false},"excerpt":{"rendered":"<p>Eskalace izraelsko-\u00edr\u00e1nsk\u00e9ho konfliktu p\u0159edstavuje v\u00e1\u017en\u00e9 riziko radioaktivn\u00ed kontaminace, prohl\u00e1sil Dmitrij Medved\u011bv Izraelsk\u00e9 \u00fatoky na \u00edr\u00e1nsk\u00e1&#8230;<\/p>\n","protected":false},"author":2,"featured_media":30848,"comment_status":"closed","ping_status":"closed","sticky":false,"template":"","format":"standard","meta":[],"categories":[7],"tags":[38,214,1402],"_links":{"self":[{"href":"https:\/\/www.infokuryr.cz\/n\/wp-json\/wp\/v2\/posts\/81765"}],"collection":[{"href":"https:\/\/www.infokuryr.cz\/n\/wp-json\/wp\/v2\/posts"}],"about":[{"href":"https:\/\/www.infokuryr.cz\/n\/wp-json\/wp\/v2\/types\/post"}],"author":[{"embeddable":true,"href":"https:\/\/www.infokuryr.cz\/n\/wp-json\/wp\/v2\/users\/2"}],"replies":[{"embeddable":true,"href":"https:\/\/www.infokuryr.cz\/n\/wp-json\/wp\/v2\/comments?post=81765"}],"version-history":[{"count":0,"href":"https:\/\/www.infokuryr.cz\/n\/wp-json\/wp\/v2\/posts\/81765\/revisions"}],"wp:featuredmedia":[{"embeddable":true,"href":"https:\/\/www.infokuryr.cz\/n\/wp-json\/wp\/v2\/media\/30848"}],"wp:attachment":[{"href":"https:\/\/www.infokuryr.cz\/n\/wp-json\/wp\/v2\/media?parent=81765"}],"wp:term":[{"taxonomy":"category","embeddable":true,"href":"https:\/\/www.infokuryr.cz\/n\/wp-json\/wp\/v2\/categories?post=81765"},{"taxonomy":"post_tag","embeddable":true,"href":"https:\/\/www.infokuryr.cz\/n\/wp-json\/wp\/v2\/tags?post=81765"}],"curies":[{"name":"wp","href":"https:\/\/api.w.org\/{rel}","templated":true}]}}