{"id":81763,"date":"2025-06-21T00:21:24","date_gmt":"2025-06-20T22:21:24","guid":{"rendered":"https:\/\/www.infokuryr.cz\/n\/?p=81763"},"modified":"2025-06-20T14:18:07","modified_gmt":"2025-06-20T12:18:07","slug":"iransky-raketovy-utok-zasahl-jizni-izrael-idf-tvrdi-ze-zautocil-na-odpalovaci-zarizeni","status":"publish","type":"post","link":"https:\/\/www.infokuryr.cz\/n\/2025\/06\/21\/iransky-raketovy-utok-zasahl-jizni-izrael-idf-tvrdi-ze-zautocil-na-odpalovaci-zarizeni\/","title":{"rendered":"\u00cdr\u00e1nsk\u00fd raketov\u00fd \u00fatok zas\u00e1hl ji\u017en\u00ed Izrael, IDF tvrd\u00ed, \u017ee za\u00fato\u010dil na odpalovac\u00ed za\u0159\u00edzen\u00ed"},"content":{"rendered":"<div id=\"fb-root\"><\/div>\n<p><strong>\u00cdr\u00e1nsk\u00e1 balistick\u00e1 raketa zas\u00e1hla 20. dubna r\u00e1no m\u011bsto Beer\u0161eva v ji\u017en\u00edm Izraeli a zp\u016fsobila ob\u011bti a \u0161kody.<\/strong><\/p>\n<p>Raketa zas\u00e1hla silnici v severov\u00fdchodn\u00ed \u010d\u00e1sti Beer\u0161evy, kde vytvo\u0159ila velk\u00fd kr\u00e1ter, po\u0161kodila n\u011bkolik budov a zap\u00e1lila n\u011bkolik vozidel. Nedalek\u00e1 nemocnice Soroka uvedla, \u017ee utrp\u011bla nejm\u00e9n\u011b sedm zran\u011bn\u00fdch, v\u0161ichni lehce.<\/p>\n<p>Isl\u00e1msk\u00e9 revolu\u010dn\u00ed gardy pozd\u011bji uvedly, \u017ee c\u00edlem \u00fatoku byl Negevsk\u00fd park pokro\u010dil\u00fdch technologi\u00ed, zn\u00e1m\u00fd tak\u00e9 jako Gav-Jam Negev, a tvrdily, \u017ee toto centrum je napojeno na jednotku 8200 izraelsk\u00fdch obrann\u00fdch sil (IDF) a pod\u00edl\u00ed se na v\u00fdvoji munice pro hl\u00eddkov\u00e1n\u00ed. Z\u00e1b\u011bry zve\u0159ejn\u011bn\u00e9 na soci\u00e1ln\u00edch s\u00edt\u00edch potvrdily, \u017ee centrum utrp\u011blo v\u00e1\u017en\u00e9 \u0161kody.<\/p>\n<p>S odvol\u00e1n\u00edm na \u00fa\u0159edn\u00edka IDF den\u00edk The Times of Israel uvedl, \u017ee z \u00cdr\u00e1nu byla odp\u00e1lena pouze jedna balistick\u00e1 st\u0159ela, kter\u00e9 se poda\u0159ilo obej\u00edt ve\u0161kerou izraelskou protivzdu\u0161nou obranu.<\/p>\n<p><iframe loading=\"lazy\" src=\"https:\/\/s5.cdnstatic.space\/wp-content\/uploads\/2025\/06\/IMG_5301.mp4\" width=\"600\" height=\"338\" data-mce-fragment=\"1\"><\/iframe><\/p>\n<p><iframe loading=\"lazy\" src=\"https:\/\/s5.cdnstatic.space\/wp-content\/uploads\/2025\/06\/video_2025-06-20_14-06-34.mp4\" width=\"600\" height=\"338\" data-mce-fragment=\"1\"><\/iframe><\/p>\n<p><iframe loading=\"lazy\" src=\"https:\/\/s5.cdnstatic.space\/wp-content\/uploads\/2025\/06\/video_2025-06-20_14-06-30.mp4\" width=\"600\" height=\"338\" data-mce-fragment=\"1\"><\/iframe><\/p>\n<p>IDF pozd\u011bji ozn\u00e1mila, \u017ee zas\u00e1hla dal\u0161\u00ed odpalovac\u00ed za\u0159\u00edzen\u00ed balistick\u00fdch raket s aktivovanou z\u00e1palnou hlavic\u00ed v \u00cdr\u00e1nu, \u010d\u00edm\u017e zma\u0159ila v\u011bt\u0161\u00ed \u00fatok na Beer\u0161evu.<\/p>\n<p><em>\u201e\u00cdr\u00e1nci dnes r\u00e1no pl\u00e1novali v\u011bt\u0161\u00ed palbu v Beer \u0160ev\u011b. P\u0159ed odp\u00e1len\u00edm jsme identifikovali p\u0159\u00edpravy t\u0159\u00ed odpalovac\u00edch za\u0159\u00edzen\u00ed s z\u00e1palnou n\u00e1pln\u00ed\u2026 zni\u010dili jsme je,\u201c uvedla na tiskov\u00e9 konferenci mluv\u010d\u00ed IDF brig\u00e1dn\u00ed gener\u00e1l Effie Defrinov\u00e1.<\/em><\/p>\n<p><iframe loading=\"lazy\" src=\"https:\/\/s5.cdnstatic.space\/wp-content\/uploads\/2025\/06\/IMG_4057.mp4\" width=\"600\" height=\"338\" data-mce-fragment=\"1\"><\/iframe><\/p>\n<p><iframe loading=\"lazy\" src=\"https:\/\/s5.cdnstatic.space\/wp-content\/uploads\/2025\/06\/IMG_4058.mp4\" width=\"600\" height=\"338\" data-mce-fragment=\"1\"><\/iframe><\/p>\n<p>Izraelsk\u00e9 letectvo (IAF) d\u0159\u00edve v noci ozn\u00e1milo, \u017ee zachytilo t\u0159i \u00edr\u00e1nsk\u00e9 sebevra\u017eedn\u00e9 drony, kter\u00e9 spustily sir\u00e9ny v oblasti Mrtv\u00e9ho mo\u0159e ve v\u00fdchodn\u00edm Izraeli. Dal\u0161\u00ed dron byl podle IAF zachycen nad severn\u00edm m\u011bstem Haifa kr\u00e1tce po p\u016flnoci.<\/p>\n<p><iframe loading=\"lazy\" src=\"https:\/\/s5.cdnstatic.space\/wp-content\/uploads\/2025\/06\/IMG_4050.mp4\" width=\"600\" height=\"338\" data-mce-fragment=\"1\"><\/iframe><\/p>\n<p>Podle IDF \u00cdr\u00e1n od za\u010d\u00e1tku izraelsk\u00e9ho \u00fatoku na jeho jadern\u00fd program s k\u00f3dov\u00fdm ozna\u010den\u00edm Operace Risin Lion 13. \u010dervna odp\u00e1lil v\u00edce ne\u017e 450 balistick\u00fdch raket a 1000 sebevra\u017eedn\u00fdch dron\u016f. \u00datoky si v Izraeli vy\u017e\u00e1daly \u017eivoty nejm\u00e9n\u011b 25 lid\u00ed a v\u00edce ne\u017e 500 dal\u0161\u00edch bylo zran\u011bno.<\/p>\n<p>\u00cdr\u00e1nsk\u00e9 odvetn\u00e9 \u00fatoky na Izrael sice sl\u00e1bnou, ale st\u00e1vaj\u00ed se p\u0159esn\u011bj\u0161\u00edmi a ni\u010div\u011bj\u0161\u00edmi. To ukazuje na zlep\u0161en\u00ed \u00edr\u00e1nsk\u00e9ho pl\u00e1nov\u00e1n\u00ed a odhaluje zhor\u0161en\u00ed p\u0159ipravenosti izraelsk\u00e9 v\u00edcevrstv\u00e9 s\u00edt\u011b protivzdu\u0161n\u00e9 obrany.<\/p>\n<p><img decoding=\"async\" loading=\"lazy\" class=\"alignnone size-full wp-image-1185\" src=\"http:\/\/www.infokuryr.cz\/n\/wp-content\/uploads\/2021\/04\/kuryr-podpis.png\" alt=\"\" width=\"84\" height=\"24\" \/><\/p>\n<p>&nbsp;<\/p>\n","protected":false},"excerpt":{"rendered":"<p>\u00cdr\u00e1nsk\u00e1 balistick\u00e1 raketa zas\u00e1hla 20. dubna r\u00e1no m\u011bsto Beer\u0161eva v ji\u017en\u00edm Izraeli a zp\u016fsobila ob\u011bti&#8230;<\/p>\n","protected":false},"author":2,"featured_media":81764,"comment_status":"closed","ping_status":"closed","sticky":false,"template":"","format":"standard","meta":[],"categories":[7],"tags":[2487,38,107,5135],"_links":{"self":[{"href":"https:\/\/www.infokuryr.cz\/n\/wp-json\/wp\/v2\/posts\/81763"}],"collection":[{"href":"https:\/\/www.infokuryr.cz\/n\/wp-json\/wp\/v2\/posts"}],"about":[{"href":"https:\/\/www.infokuryr.cz\/n\/wp-json\/wp\/v2\/types\/post"}],"author":[{"embeddable":true,"href":"https:\/\/www.infokuryr.cz\/n\/wp-json\/wp\/v2\/users\/2"}],"replies":[{"embeddable":true,"href":"https:\/\/www.infokuryr.cz\/n\/wp-json\/wp\/v2\/comments?post=81763"}],"version-history":[{"count":0,"href":"https:\/\/www.infokuryr.cz\/n\/wp-json\/wp\/v2\/posts\/81763\/revisions"}],"wp:featuredmedia":[{"embeddable":true,"href":"https:\/\/www.infokuryr.cz\/n\/wp-json\/wp\/v2\/media\/81764"}],"wp:attachment":[{"href":"https:\/\/www.infokuryr.cz\/n\/wp-json\/wp\/v2\/media?parent=81763"}],"wp:term":[{"taxonomy":"category","embeddable":true,"href":"https:\/\/www.infokuryr.cz\/n\/wp-json\/wp\/v2\/categories?post=81763"},{"taxonomy":"post_tag","embeddable":true,"href":"https:\/\/www.infokuryr.cz\/n\/wp-json\/wp\/v2\/tags?post=81763"}],"curies":[{"name":"wp","href":"https:\/\/api.w.org\/{rel}","templated":true}]}}