{"id":81757,"date":"2025-06-21T00:21:25","date_gmt":"2025-06-20T22:21:25","guid":{"rendered":"https:\/\/www.infokuryr.cz\/n\/?p=81757"},"modified":"2025-06-20T13:31:00","modified_gmt":"2025-06-20T11:31:00","slug":"prehled-uderu-ukrajinska-protivzdusna-obrana-zapalila-civilni-domy","status":"publish","type":"post","link":"https:\/\/www.infokuryr.cz\/n\/2025\/06\/21\/prehled-uderu-ukrajinska-protivzdusna-obrana-zapalila-civilni-domy\/","title":{"rendered":"P\u0159ehled \u00fader\u016f: Ukrajinsk\u00e1 protivzdu\u0161n\u00e1 obrana zap\u00e1lila civiln\u00ed domy"},"content":{"rendered":"<div id=\"fb-root\"><\/div>\n<p><strong><span>V noci z 19. na 20. \u010dervna zah\u00e1jily rusk\u00e9 s\u00edly dal\u0161\u00ed vlnu \u00fader\u016f po cel\u00e9 Ukrajin\u011b. Ve srovn\u00e1n\u00ed s p\u0159edchoz\u00edmi \u00fatoky byly dne\u0161n\u00ed \u00fadery m\u00e9n\u011b intenzivn\u00ed, ale vedly k t\u011b\u017ek\u00e9mu po\u0161kozen\u00ed ukrajinsk\u00e9 vojensk\u00e9 infrastruktury.<\/span><\/strong><\/p>\n<p><span>Podle ukrajinsk\u00e9ho letectva rusk\u00e1 arm\u00e1da nasadila z n\u011bkolika sm\u011br\u016f \u2013 z Millerova, Kurska, Orlu, Brjanska, Primorska-Achtarska v Rusku a z Krymu \u2013 nejm\u00e9n\u011b 86 \u00fato\u010dn\u00fdch dron\u016f, v\u010detn\u011b bezpilotn\u00edch letoun\u016f typu Geran a n\u00e1vnad. Ukrajinsk\u00e1 protivzdu\u0161n\u00e1 obrana, v\u010detn\u011b raketov\u00fdch vojsk, jednotek elektronick\u00e9ho boje a mobiln\u00edch palebn\u00fdch skupin, \u00fadajn\u011b zachytila \u200b\u200b70 dron\u016f, z nich\u017e 34 bylo sest\u0159eleno a 36 potla\u010deno elektronick\u00fdmi protiopat\u0159en\u00edmi. Navzdory tomuto \u00fasil\u00ed bylo ofici\u00e1ln\u011b zaznamen\u00e1no osm p\u0159\u00edm\u00fdch dopad\u016f a 11 p\u0159\u00edpad\u016f padaj\u00edc\u00edch trosek, kter\u00e9 zp\u016fsobily \u0161kody v severn\u00edch, v\u00fdchodn\u00edch a ji\u017en\u00edch regionech. Podle m\u00edstn\u00edch z\u00e1b\u011br\u016f a r\u016fzn\u00fdch monitorovac\u00edch zdroj\u016f utrp\u011bla ukrajinsk\u00e1 arm\u00e1da mnohem v\u011bt\u0161\u00ed \u0161kody.<\/span><\/p>\n<p><span>Od\u011bsa nesla hlavn\u00ed t\u00edhu \u00fader\u016f, p\u0159i\u010dem\u017e rusk\u00e9 s\u00edly pou\u017eily kamikadze drony Geran a p\u0159esn\u00e9 st\u0159ely jako Ch-59 a Ch-31. M\u00edstn\u00ed obyvatel\u00e9 hl\u00e1sili nejm\u00e9n\u011b 10 z\u00e1sah\u016f, v\u010detn\u011b n\u011bkolika \u00fatok\u016f na tov\u00e1rnu Stalkanat a jej\u00ed podzemn\u00ed tunely, kter\u00e9 vyu\u017e\u00edvaj\u00ed ozbrojen\u00e9 s\u00edly Ukrajiny. Mezi dal\u0161\u00ed c\u00edle pat\u0159ila Potravin\u00e1\u0159sk\u00e1 akademie, Pr\u00e1vnick\u00e1 akademie, \u017eelezni\u010dn\u00ed infrastruktura, plyn\u00e1rensk\u00e1 za\u0159\u00edzen\u00ed a muni\u010dn\u00ed sklady. M\u00edstn\u00ed zdroje obvinily ukrajinskou protivzdu\u0161nou obranu ze selh\u00e1n\u00ed palebn\u00fdch sil, p\u0159i\u010dem\u017e zachycen\u00e9 drony narazily do obytn\u00fdch oblast\u00ed. Videoz\u00e1znamy ukazuj\u00ed civilisty, kte\u0159\u00ed potvrzuj\u00ed, \u017ee sest\u0159elen\u00fd Geran zp\u016fsobil po\u017e\u00e1r bytov\u00e9ho domu, co\u017e je v rozporu s ofici\u00e1ln\u00edmi tvrzen\u00edmi o \u00famysln\u00e9m rusk\u00e9m c\u00edlen\u00ed na civilisty.<\/span><\/p>\n<div style=\"width: 464px;\" class=\"wp-video\"><!--[if lt IE 9]><script>document.createElement('video');<\/script><![endif]-->\n<video class=\"wp-video-shortcode\" id=\"video-81757-1\" width=\"464\" height=\"848\" preload=\"metadata\" controls=\"controls\"><source type=\"video\/mp4\" src=\"http:\/\/www.infokuryr.cz\/n\/wp-content\/uploads\/2025\/06\/od-1-2.mp4?_=1\" \/><a href=\"http:\/\/www.infokuryr.cz\/n\/wp-content\/uploads\/2025\/06\/od-1-2.mp4\">http:\/\/www.infokuryr.cz\/n\/wp-content\/uploads\/2025\/06\/od-1-2.mp4<\/a><\/video><\/div>\n<p>&nbsp;<\/p>\n<div style=\"width: 464px;\" class=\"wp-video\"><video class=\"wp-video-shortcode\" id=\"video-81757-2\" width=\"464\" height=\"848\" preload=\"metadata\" controls=\"controls\"><source type=\"video\/mp4\" src=\"http:\/\/www.infokuryr.cz\/n\/wp-content\/uploads\/2025\/06\/od-4.mp4?_=2\" \/><a href=\"http:\/\/www.infokuryr.cz\/n\/wp-content\/uploads\/2025\/06\/od-4.mp4\">http:\/\/www.infokuryr.cz\/n\/wp-content\/uploads\/2025\/06\/od-4.mp4<\/a><\/video><\/div>\n<p>&nbsp;<\/p>\n<div style=\"width: 640px;\" class=\"wp-video\"><video class=\"wp-video-shortcode\" id=\"video-81757-3\" width=\"640\" height=\"1131\" preload=\"metadata\" controls=\"controls\"><source type=\"video\/mp4\" src=\"http:\/\/www.infokuryr.cz\/n\/wp-content\/uploads\/2025\/06\/od-civ-1.mp4?_=3\" \/><a href=\"http:\/\/www.infokuryr.cz\/n\/wp-content\/uploads\/2025\/06\/od-civ-1.mp4\">http:\/\/www.infokuryr.cz\/n\/wp-content\/uploads\/2025\/06\/od-civ-1.mp4<\/a><\/video><\/div>\n<p>&nbsp;<\/p>\n<div style=\"width: 464px;\" class=\"wp-video\"><video class=\"wp-video-shortcode\" id=\"video-81757-4\" width=\"464\" height=\"848\" preload=\"metadata\" controls=\"controls\"><source type=\"video\/mp4\" src=\"http:\/\/www.infokuryr.cz\/n\/wp-content\/uploads\/2025\/06\/od-civ-2.mp4?_=4\" \/><a href=\"http:\/\/www.infokuryr.cz\/n\/wp-content\/uploads\/2025\/06\/od-civ-2.mp4\">http:\/\/www.infokuryr.cz\/n\/wp-content\/uploads\/2025\/06\/od-civ-2.mp4<\/a><\/video><\/div>\n<p>&nbsp;<\/p>\n<p><span>Dal\u0161\u00ed \u00fatoky zas\u00e1hly letovisko pobl\u00ed\u017e Zatoky. Tato za\u0159\u00edzen\u00ed se pou\u017e\u00edvaj\u00ed k ubytov\u00e1n\u00ed ukrajinsk\u00fdch vojensk\u00fdch v\u00fdcvikov\u00fdch center s britsk\u00fdmi instruktory. V\u00fdsledky \u00fatoku sice z\u016fst\u00e1vaj\u00ed nepotvrzen\u00e9, ale \u00fadajn\u011b se jednalo o drony Geran.<\/span><\/p>\n<p><span>V\u00fdchodn\u00ed m\u011bsto Charkov se ocitlo pod nejm\u00e9n\u011b dv\u011bma masivn\u00edmi vlnami \u00fatok\u016f, p\u0159i\u010dem\u017e jen v \u0160ev\u010denkivsk\u00e9m a Osnovjansk\u00e9m okrese bylo zaznamen\u00e1no osm \u00fatok\u016f dron\u016f. Po\u017e\u00e1ry vypukly ve t\u0159ech pr\u016fmyslov\u00fdch skladech, jedn\u00e9 nedokon\u010den\u00e9 budov\u011b a pomocn\u00fdch objektech, hl\u00e1\u0161eny byly i sekund\u00e1rn\u00ed detonace. Bylo zni\u010deno ukrajinsk\u00e9 velitelsk\u00e9 stanovi\u0161t\u011b a z\u00e1chrann\u00e9 slo\u017eky dorazily k uha\u0161en\u00ed rozs\u00e1hl\u00fdch po\u017e\u00e1r\u016f. M\u00edstn\u00ed region\u00e1ln\u00ed guvern\u00e9r uznal \u201esiln\u00e9 exploze\u201c, zat\u00edmco starosta Charkova poznamenal, \u017ee protivzdu\u0161n\u00e1 obrana m\u011bsta byla p\u0159emo\u017eena.<\/span><\/p>\n<p><span>Na druh\u00e9 stran\u011b Ukrajina p\u0159es noc zam\u011b\u0159ila 61 dron\u016f na rusk\u00e9 \u00fazem\u00ed. Hluboko v rusk\u00e9m t\u00fdlu nebyly hl\u00e1\u0161eny \u017e\u00e1dn\u00e9 \u0161kody, v\u0161echny bezpilotn\u00ed letouny byly zni\u010deny v dev\u00edti regionech. Ru\u0161t\u00ed p\u0159edstavitel\u00e9 nehl\u00e1sili \u017e\u00e1dn\u00e9 v\u011bt\u0161\u00ed \u0161kody, ale uznali p\u0159etrv\u00e1vaj\u00edc\u00ed hrozby pro energetickou a dopravn\u00ed infrastrukturu.<\/span><\/p>\n<p><span>\u00datoky podtrhuj\u00ed rusk\u00e9 zam\u011b\u0159en\u00ed na oslabov\u00e1n\u00ed obrann\u011b-pr\u016fmyslov\u00fdch kapacit a mor\u00e1lky Ukrajiny uprost\u0159ed prob\u00edhaj\u00edc\u00edch letn\u00edch ofenziv. No\u010dn\u00ed \u00fatoky odhaluj\u00ed ne\u00fanavn\u00fd rusk\u00fd tlak na paralyzov\u00e1n\u00ed kritick\u00e9 infrastruktury, zat\u00edmco ukrajinsk\u00e9 s\u00edly se sna\u017e\u00ed zm\u00edrnit ztr\u00e1ty a prov\u00e9st odvetn\u00e9 akce p\u0159es hranice.<\/span><\/p>\n<p><img decoding=\"async\" loading=\"lazy\" class=\"alignnone size-full wp-image-1185\" src=\"http:\/\/www.infokuryr.cz\/n\/wp-content\/uploads\/2021\/04\/kuryr-podpis.png\" alt=\"\" width=\"84\" height=\"24\" \/><\/p>\n<p>&nbsp;<\/p>\n","protected":false},"excerpt":{"rendered":"<p>V noci z 19. na 20. \u010dervna zah\u00e1jily rusk\u00e9 s\u00edly dal\u0161\u00ed vlnu \u00fader\u016f po cel\u00e9&#8230;<\/p>\n","protected":false},"author":2,"featured_media":81762,"comment_status":"closed","ping_status":"closed","sticky":false,"template":"","format":"standard","meta":[],"categories":[7],"tags":[3535,26,5135],"_links":{"self":[{"href":"https:\/\/www.infokuryr.cz\/n\/wp-json\/wp\/v2\/posts\/81757"}],"collection":[{"href":"https:\/\/www.infokuryr.cz\/n\/wp-json\/wp\/v2\/posts"}],"about":[{"href":"https:\/\/www.infokuryr.cz\/n\/wp-json\/wp\/v2\/types\/post"}],"author":[{"embeddable":true,"href":"https:\/\/www.infokuryr.cz\/n\/wp-json\/wp\/v2\/users\/2"}],"replies":[{"embeddable":true,"href":"https:\/\/www.infokuryr.cz\/n\/wp-json\/wp\/v2\/comments?post=81757"}],"version-history":[{"count":0,"href":"https:\/\/www.infokuryr.cz\/n\/wp-json\/wp\/v2\/posts\/81757\/revisions"}],"wp:featuredmedia":[{"embeddable":true,"href":"https:\/\/www.infokuryr.cz\/n\/wp-json\/wp\/v2\/media\/81762"}],"wp:attachment":[{"href":"https:\/\/www.infokuryr.cz\/n\/wp-json\/wp\/v2\/media?parent=81757"}],"wp:term":[{"taxonomy":"category","embeddable":true,"href":"https:\/\/www.infokuryr.cz\/n\/wp-json\/wp\/v2\/categories?post=81757"},{"taxonomy":"post_tag","embeddable":true,"href":"https:\/\/www.infokuryr.cz\/n\/wp-json\/wp\/v2\/tags?post=81757"}],"curies":[{"name":"wp","href":"https:\/\/api.w.org\/{rel}","templated":true}]}}