{"id":81755,"date":"2025-06-21T00:20:58","date_gmt":"2025-06-20T22:20:58","guid":{"rendered":"https:\/\/www.infokuryr.cz\/n\/?p=81755"},"modified":"2025-06-20T12:37:16","modified_gmt":"2025-06-20T10:37:16","slug":"je-cinsky-automobilovy-prumysl-na-pokraji-kolapsu","status":"publish","type":"post","link":"https:\/\/www.infokuryr.cz\/n\/2025\/06\/21\/je-cinsky-automobilovy-prumysl-na-pokraji-kolapsu\/","title":{"rendered":"Je \u010d\u00ednsk\u00fd automobilov\u00fd pr\u016fmysl na pokraji kolapsu?"},"content":{"rendered":"<div id=\"fb-root\"><\/div>\n<p><strong><span>St\u00e1le v\u00edce \u010d\u00ednsk\u00fdch m\u011bst doch\u00e1z\u00ed finan\u010dn\u00ed prost\u0159edky na dotace na n\u00e1kup automobil\u016f. Z\u00e1rove\u0148 mezi sebou v\u00fdrobci automobil\u016f sv\u00e1d\u011bj\u00ed nel\u00edtostnou cenovou konkurenci. Kte\u0159\u00ed v\u00fdrobci tento masakr p\u0159e\u017eij\u00ed?<\/span><\/strong><\/p>\n<p><span>Mezi \u010d\u00ednsk\u00fdmi automobilkami ned\u00e1vno vypukla historick\u00e1 cenov\u00e1 v\u00e1lka. BYD, vlajkov\u00e1 lo\u010f \u010d\u00ednsk\u00e9ho automobilov\u00e9ho pr\u016fmyslu, sn\u00ed\u017eila sv\u00e9 ceny a\u017e o t\u0159etinu. Z\u0159ejm\u00fdm c\u00edlem tohoto kroku bylo z\u00edskat pod\u00edl na trhu a eliminovat konkurenci. Wei Jianjun, p\u0159edseda p\u0159edstavenstva Great Wall Motor \u2013 jedn\u00e9 z nejv\u011bt\u0161\u00edch \u010d\u00ednsk\u00fdch automobilek \u2013 to nazval momentem \u201eEvergrande\u201c pro automobilov\u00fd pr\u016fmysl. Krach Evergrande v roce 2021 vyslal \u0161okov\u00e9 vlny na \u010d\u00ednsk\u00fd trh s nemovitostmi a ten se dosud nevzpamatoval.<\/span><\/p>\n<p><span>Podobn\u00fd \u0161okov\u00fd efekt se nyn\u00ed objevuje i na \u010d\u00ednsk\u00e9m automobilov\u00e9m trhu, kter\u00e9mu dominuj\u00ed vlastn\u00ed zna\u010dky automobil\u016f (s v\u00fdjimkou MG prod\u00e1vaj\u00ed \u010d\u00edn\u0161t\u00ed v\u00fdrobci 66 a\u017e 100 procent sv\u00fdch voz\u016f na dom\u00e1c\u00edm trhu). Doposud zaji\u0161\u0165ovaly trvale vysokou dom\u00e1c\u00ed popt\u00e1vku po vozidlech jak \u201ezaml\u010den\u00e9\u201c statistiky, tak i dotace.\u00a0<\/span><a href=\"https:\/\/www.zerohedge.com\/markets\/china-auto-industry-verge-collapse-chinese-cities-run-out-car-buying-subsidies\"><span>Tomu se v\u0161ak pomalu bl\u00ed\u017e\u00ed konec<\/span><\/a><span>\u00a0, proto\u017ee st\u00e1le v\u00edce m\u011bst doch\u00e1z\u00ed finan\u010dn\u00ed prost\u0159edky na takov\u00e9 stimuly. Cel\u00e1 \u010d\u00ednsk\u00e1 ekonomika tak p\u0159ipom\u00edn\u00e1 Pot\u011bmkinovu vesnici \u2013 sp\u00ed\u0161e hezkou fas\u00e1du ne\u017e skute\u010dnou podstatu.<\/span><\/p>\n<figure class=\"wp-block-embed is-type-rich is-provider-twitter wp-block-embed-twitter\">\n<div class=\"wp-block-embed__wrapper\">\n<div class=\"twitter-tweet twitter-tweet-rendered\"><iframe id=\"twitter-widget-0\" class=\"\" title=\"X P\u0159\u00edsp\u011bvek\" src=\"https:\/\/platform.twitter.com\/embed\/Tweet.html?dnt=true&amp;embedId=twitter-widget-0&amp;features=eyJ0ZndfdGltZWxpbmVfbGlzdCI6eyJidWNrZXQiOltdLCJ2ZXJzaW9uIjpudWxsfSwidGZ3X2ZvbGxvd2VyX2NvdW50X3N1bnNldCI6eyJidWNrZXQiOnRydWUsInZlcnNpb24iOm51bGx9LCJ0ZndfdHdlZXRfZWRpdF9iYWNrZW5kIjp7ImJ1Y2tldCI6Im9uIiwidmVyc2lvbiI6bnVsbH0sInRmd19yZWZzcmNfc2Vzc2lvbiI6eyJidWNrZXQiOiJvbiIsInZlcnNpb24iOm51bGx9LCJ0ZndfZm9zbnJfc29mdF9pbnRlcnZlbnRpb25zX2VuYWJsZWQiOnsiYnVja2V0Ijoib24iLCJ2ZXJzaW9uIjpudWxsfSwidGZ3X21peGVkX21lZGlhXzE1ODk3Ijp7ImJ1Y2tldCI6InRyZWF0bWVudCIsInZlcnNpb24iOm51bGx9LCJ0ZndfZXhwZXJpbWVudHNfY29va2llX2V4cGlyYXRpb24iOnsiYnVja2V0IjoxMjA5NjAwLCJ2ZXJzaW9uIjpudWxsfSwidGZ3X3Nob3dfYmlyZHdhdGNoX3Bpdm90c19lbmFibGVkIjp7ImJ1Y2tldCI6Im9uIiwidmVyc2lvbiI6bnVsbH0sInRmd19kdXBsaWNhdGVfc2NyaWJlc190b19zZXR0aW5ncyI6eyJidWNrZXQiOiJvbiIsInZlcnNpb24iOm51bGx9LCJ0ZndfdXNlX3Byb2ZpbGVfaW1hZ2Vfc2hhcGVfZW5hYmxlZCI6eyJidWNrZXQiOiJvbiIsInZlcnNpb24iOm51bGx9LCJ0ZndfdmlkZW9faGxzX2R5bmFtaWNfbWFuaWZlc3RzXzE1MDgyIjp7ImJ1Y2tldCI6InRydWVfYml0cmF0ZSIsInZlcnNpb24iOm51bGx9LCJ0ZndfbGVnYWN5X3RpbWVsaW5lX3N1bnNldCI6eyJidWNrZXQiOnRydWUsInZlcnNpb24iOm51bGx9LCJ0ZndfdHdlZXRfZWRpdF9mcm9udGVuZCI6eyJidWNrZXQiOiJvbiIsInZlcnNpb24iOm51bGx9fQ%3D%3D&amp;frame=false&amp;hideCard=false&amp;hideThread=false&amp;id=1930945063716364713&amp;lang=cs&amp;origin=https%3A%2F%2Freport24.news%2Fsteht-chinas-autoindustrie-am-rande-des-zusammenbruchs%2F&amp;sessionId=8fd9e5b8c261abca19e116e9d215bc3c8b4b7ff8&amp;theme=light&amp;widgetsVersion=2615f7e52b7e0%3A1702314776716&amp;width=550px\" frameborder=\"0\" scrolling=\"no\" allowfullscreen=\"allowfullscreen\" data-tweet-id=\"1930945063716364713\" data-mce-fragment=\"1\"><\/iframe><\/div>\n<\/div>\n<\/figure>\n<p><strong><span>Zd\u00e1 se, \u017ee \u010d\u00ednsk\u00fd automobilov\u00fd pr\u016fmysl je zahlcen zombie spole\u010dnostmi, kter\u00e9 nejsou schopny p\u0159e\u017e\u00edt bez vl\u00e1dn\u00edch z\u00e1sah\u016f.<\/span><\/strong><span> \u010c\u00ednsk\u00e1 vl\u00e1da slibuje pokra\u010dov\u00e1n\u00ed dotac\u00ed do konce roku 2025 a analytici o\u010dek\u00e1vaj\u00ed, \u017ee nov\u00e9 finan\u010dn\u00ed prost\u0159edky za\u010dnou proudit v \u010dervenci. I s p\u0159\u00edlivem nov\u00fdch pen\u011bz v\u0161ak z\u016fst\u00e1v\u00e1 ot\u00e1zkou: Jak dlouho m\u016f\u017ee komunistick\u00fd re\u017eim udr\u017eovat tento za\u010darovan\u00fd kruh?<\/span><\/p>\n<p><span>\u010c\u00ednsk\u00fd automobilov\u00fd pr\u016fmysl je varovn\u00fdm sign\u00e1lem p\u0159ed nebezpe\u010d\u00edm zombie ekonomiky poh\u00e1n\u011bn\u00e9 dotacemi. Zat\u00edmco se Peking sna\u017eil p\u0159esv\u011bd\u010dit sv\u011bt, \u017ee jeho pr\u016fmysl elektromobil\u016f je neporaziteln\u00fd, fas\u00e1da se nyn\u00ed hrout\u00ed. Cenov\u00e1 v\u00e1lka, z\u00e1vislost na dotac\u00edch a triky jako \u201eojet\u00e9\u00a0<\/span><a href=\"https:\/\/report24.news\/chinas-autoindustrie-im-zwielicht-der-skandal-der-null-kilometer-gebrauchtwagen\/\"><span>vozy s nulov\u00fdm po\u010dtem najet\u00fdch kilometr\u016f<\/span><\/a><span>\u00a0\u201c ukazuj\u00ed, \u017ee \u010d\u00ednsk\u00e1 ekonomika je v\u0161\u00edm, jen ne stabiln\u00ed. To by m\u011blo slou\u017eit jako varov\u00e1n\u00ed pro Z\u00e1pad \u2013 dotace sice mohou kr\u00e1tkodob\u011b zaz\u00e1\u0159it, ale z dlouhodob\u00e9ho hlediska vedou ke zk\u00e1ze.<\/span><\/p>\n<p><span>Konsolidace trhu je jen ot\u00e1zkou \u010dasu. Ot\u00e1zkou nen\u00ed, zda k n\u00ed dojde, ale kdy. To by ale nejen\u017ee vedlo k ekonomick\u00e9 r\u00e1n\u011b pro \u0158\u00ed\u0161i st\u0159edu, ale tak\u00e9 ke ztr\u00e1t\u011b tv\u00e1\u0159e. Bublina nafouknut\u00e1 \u201ebezplatn\u00fdmi\u201c pen\u011bzi, kter\u00e1 musela d\u0159\u00edve \u010di pozd\u011bji prasknout. Komunist\u00e9 a funguj\u00edc\u00ed hospod\u00e1\u0159sk\u00e1 politika \u2013 to o\u010dividn\u011b nefunguje.<\/span><\/p>\n<p><img decoding=\"async\" loading=\"lazy\" class=\"alignnone size-full wp-image-1185\" src=\"http:\/\/www.infokuryr.cz\/n\/wp-content\/uploads\/2021\/04\/kuryr-podpis.png\" alt=\"\" width=\"84\" height=\"24\" \/><\/p>\n<p>&nbsp;<\/p>\n","protected":false},"excerpt":{"rendered":"<p>St\u00e1le v\u00edce \u010d\u00ednsk\u00fdch m\u011bst doch\u00e1z\u00ed finan\u010dn\u00ed prost\u0159edky na dotace na n\u00e1kup automobil\u016f. Z\u00e1rove\u0148 mezi sebou&#8230;<\/p>\n","protected":false},"author":2,"featured_media":81756,"comment_status":"closed","ping_status":"closed","sticky":false,"template":"","format":"standard","meta":[],"categories":[7],"tags":[2621,30,1503],"_links":{"self":[{"href":"https:\/\/www.infokuryr.cz\/n\/wp-json\/wp\/v2\/posts\/81755"}],"collection":[{"href":"https:\/\/www.infokuryr.cz\/n\/wp-json\/wp\/v2\/posts"}],"about":[{"href":"https:\/\/www.infokuryr.cz\/n\/wp-json\/wp\/v2\/types\/post"}],"author":[{"embeddable":true,"href":"https:\/\/www.infokuryr.cz\/n\/wp-json\/wp\/v2\/users\/2"}],"replies":[{"embeddable":true,"href":"https:\/\/www.infokuryr.cz\/n\/wp-json\/wp\/v2\/comments?post=81755"}],"version-history":[{"count":0,"href":"https:\/\/www.infokuryr.cz\/n\/wp-json\/wp\/v2\/posts\/81755\/revisions"}],"wp:featuredmedia":[{"embeddable":true,"href":"https:\/\/www.infokuryr.cz\/n\/wp-json\/wp\/v2\/media\/81756"}],"wp:attachment":[{"href":"https:\/\/www.infokuryr.cz\/n\/wp-json\/wp\/v2\/media?parent=81755"}],"wp:term":[{"taxonomy":"category","embeddable":true,"href":"https:\/\/www.infokuryr.cz\/n\/wp-json\/wp\/v2\/categories?post=81755"},{"taxonomy":"post_tag","embeddable":true,"href":"https:\/\/www.infokuryr.cz\/n\/wp-json\/wp\/v2\/tags?post=81755"}],"curies":[{"name":"wp","href":"https:\/\/api.w.org\/{rel}","templated":true}]}}