{"id":8175,"date":"2022-02-10T02:00:32","date_gmt":"2022-02-10T01:00:32","guid":{"rendered":"http:\/\/www.infokuryr.cz\/n\/?p=8175"},"modified":"2022-02-09T17:53:16","modified_gmt":"2022-02-09T16:53:16","slug":"rusko-vyzyva-zapad-aby-navstivil-druhou-stranu-linie-dotyku-v-donbasu","status":"publish","type":"post","link":"https:\/\/www.infokuryr.cz\/n\/2022\/02\/10\/rusko-vyzyva-zapad-aby-navstivil-druhou-stranu-linie-dotyku-v-donbasu\/","title":{"rendered":"Rusko vyz\u00fdv\u00e1 Z\u00e1pad, aby nav\u0161t\u00edvil druhou stranu linie dotyku v Donbasu"},"content":{"rendered":"<div id=\"fb-root\"><\/div>\n<p><strong>Rusko vyzvalo z\u00e1stupce z\u00e1padn\u00edch zem\u00ed, aby nav\u0161t\u00edvili nejen ukrajinskou stranu linie dotyku v Donbasu. Na st\u0159ede\u010dn\u00edm br\u00edfinku to uvedla mluv\u010d\u00ed rusk\u00e9ho ministerstva zahrani\u010d\u00ed Maria Zacharovov\u00e1.<\/strong><\/p>\n<p><strong>Diplomatka\u00a0<\/strong>p\u0159ipomn\u011bla, \u017ee\u00a0<strong>minist\u0159i zahrani\u010d\u00ed<\/strong>\u00a0N\u011bmecka, Rakouska,\u00a0Slovenska a \u010cesk\u00e9 republiky nav\u0161t\u00edvili\u00a0linii dotyku\u00a07. a 8. \u00fanora.<\/p>\n<p>\u201eZd\u00e1 se, \u017ee je to u\u0161lechtil\u00e1 mise. Zd\u00e1 se, \u017ee proces, po kter\u00e9m jsme v\u017edy volali, za\u010dal,\u201c zd\u016fraznila.<\/p>\n<p>\u201e<em>Nyn\u00ed se z\u00e1padn\u00ed diplomat\u00e9 v nepr\u016fst\u0159eln\u00fdch vest\u00e1ch a p\u0159ilb\u00e1ch vydali k linii dotyku. Je tu v\u0161ak jedna nuance: pouze z jedn\u00e9 strany, ze strany ovl\u00e1dan\u00e9 Kyjevem. Z n\u011bjak\u00e9ho d\u016fvodu nepokra\u010dovali d\u00e1l,<\/em>\u201c uvedla Zacharovov\u00e1.<\/p>\n<p>\u201ePr\u00e1v\u011b tuto linii, kter\u00e1 pro v\u00e1s nen\u00ed \u010dervenou, mus\u00edte p\u0159ekro\u010dit, mysl\u00edm linii dotyku, a p\u0159esto nav\u0161t\u00edvit a v\u011bnovat pozornost t\u011bm lidem, kte\u0159\u00ed l\u00e9ta trp\u00ed, proto\u017ee jste kdysi povzbuzovali ukrajinsk\u00e9 politiky k proti\u00fastavn\u00edmu p\u0159evratu,\u201c zd\u016fraznila Zacharovov\u00e1.<\/p>\n<p><strong>Skute\u010dn\u00ed p\u0159\u00e1tel\u00e9 Ukrajiny<\/strong><\/p>\n<p>Minist\u0159i zahrani\u010d\u00ed \u010cesk\u00e9 republiky\u00a0Jan Lipavsk\u00fd, Slovensk\u00e9 republiky Ivan Kor\u010dok a ministr zahrani\u010d\u00ed Rakouska Alexander Schallenberg nav\u0161t\u00edvili Ukrajinu, kde se setkali se sv\u00fdm prot\u011bj\u0161kem ministrem zahrani\u010dn\u00edch v\u011bc\u00ed Ukrajiny Dmytro Kulebou. Spole\u010dn\u011b se vydali na n\u00e1v\u0161t\u011bvu Donbasu a uskute\u010dnili spole\u010dn\u00e9 jedn\u00e1n\u00ed.<\/p>\n<p>Kuleba b\u011bhem jedn\u00e1n\u00ed pod\u011bkoval \u010cesk\u00e9 republice za pomoc v obrann\u00e9m sektoru, projednal mo\u017enosti takov\u00e9 podpory ze Slovenska.<\/p>\n<p>Jan Lipavsk\u00fd se na tiskov\u00e9 konferenci po skon\u010den\u00ed jednan\u00ed vyj\u00e1d\u0159il, \u017ee \u010cesk\u00e1 republika, Slovensko a Rakousko podporuj\u00ed \u00fazemn\u00ed\u00a0celistvost Ukrajiny\u00a0a jsou s n\u00ed solid\u00e1rn\u00ed v jej\u00ed evropsk\u00e9 volb\u011b.<\/p>\n<p>\u201e<em>My, minist\u0159i zahrani\u010d\u00ed Rakouska, \u010cesk\u00e9 republiky a Slovenska, jsme p\u0159ijeli do Kyjeva, abychom podpo\u0159ili Ukrajinu v jej\u00ed evropsk\u00e9 volb\u011b, abychom dok\u00e1zali podporu jej\u00ed \u00fazemn\u00ed celistvosti,\u201c<\/em>\u00a0sd\u011blil Lipavsk\u00fd.<\/p>\n<p>Z\u00e1rove\u0148 se Lipavsk\u00fd vyslovil, \u017ee \u010cesk\u00e1 republika\u00a0bude Ukrajinu podporovat p\u0159i jej\u00ed cest\u011b do NATO a mus\u00ed se proto ud\u011blat ur\u010dit\u00e9 kroky.<\/p>\n<p>Po spole\u010dn\u00e9m jedn\u00e1n\u00ed ozna\u010dil Kuleba \u010cR, Slovensko a Rakousko za skute\u010dn\u00e9 p\u0159\u00e1tele Ukrajiny.<\/p>\n<p>\u201eJe velmi d\u016fle\u017eit\u00e9 m\u00edt p\u0159\u00e1tele. Opravdov\u00ed p\u0159\u00e1tel\u00e9 se projevuj\u00ed v dob\u011b krize. To, o \u010dem jsme se ty dva dny bavili, s jak\u00fdmi my\u0161lenkami pojedou na\u0161i kolegov\u00e9 a na jak\u00fdch t\u00e9matech budou pracovat \u2013 to je d\u016fkaz, \u017ee \u010cesk\u00e1 republika, Rakousko a Slovensko jsou opravdov\u00ed p\u0159\u00e1tel\u00e9 Ukrajiny,\u201c \u0159ekl Kuleba.<\/p>\n<p><a href=\"https:\/\/cz.sputniknews.com\/20220209\/rusko-vyzyva-zapad-aby-navstivil-druhou-stranu-linie-dotyku-v-donbasu-17548873.html\">ZDROJ<\/a><\/p>\n<p>&nbsp;<\/p>\n","protected":false},"excerpt":{"rendered":"<p>Rusko vyzvalo z\u00e1stupce z\u00e1padn\u00edch zem\u00ed, aby nav\u0161t\u00edvili nejen ukrajinskou stranu linie dotyku v Donbasu. Na&#8230;<\/p>\n","protected":false},"author":2,"featured_media":900,"comment_status":"closed","ping_status":"closed","sticky":false,"template":"","format":"standard","meta":[],"categories":[7],"tags":[64,22,26,365],"_links":{"self":[{"href":"https:\/\/www.infokuryr.cz\/n\/wp-json\/wp\/v2\/posts\/8175"}],"collection":[{"href":"https:\/\/www.infokuryr.cz\/n\/wp-json\/wp\/v2\/posts"}],"about":[{"href":"https:\/\/www.infokuryr.cz\/n\/wp-json\/wp\/v2\/types\/post"}],"author":[{"embeddable":true,"href":"https:\/\/www.infokuryr.cz\/n\/wp-json\/wp\/v2\/users\/2"}],"replies":[{"embeddable":true,"href":"https:\/\/www.infokuryr.cz\/n\/wp-json\/wp\/v2\/comments?post=8175"}],"version-history":[{"count":0,"href":"https:\/\/www.infokuryr.cz\/n\/wp-json\/wp\/v2\/posts\/8175\/revisions"}],"wp:featuredmedia":[{"embeddable":true,"href":"https:\/\/www.infokuryr.cz\/n\/wp-json\/wp\/v2\/media\/900"}],"wp:attachment":[{"href":"https:\/\/www.infokuryr.cz\/n\/wp-json\/wp\/v2\/media?parent=8175"}],"wp:term":[{"taxonomy":"category","embeddable":true,"href":"https:\/\/www.infokuryr.cz\/n\/wp-json\/wp\/v2\/categories?post=8175"},{"taxonomy":"post_tag","embeddable":true,"href":"https:\/\/www.infokuryr.cz\/n\/wp-json\/wp\/v2\/tags?post=8175"}],"curies":[{"name":"wp","href":"https:\/\/api.w.org\/{rel}","templated":true}]}}