{"id":81728,"date":"2025-06-20T05:09:59","date_gmt":"2025-06-20T03:09:59","guid":{"rendered":"https:\/\/www.infokuryr.cz\/n\/?p=81728"},"modified":"2025-06-20T05:09:59","modified_gmt":"2025-06-20T03:09:59","slug":"kreml-se-vyjadril-k-moznemu-americkemu-utoku-na-iran","status":"publish","type":"post","link":"https:\/\/www.infokuryr.cz\/n\/2025\/06\/20\/kreml-se-vyjadril-k-moznemu-americkemu-utoku-na-iran\/","title":{"rendered":"Kreml se vyj\u00e1d\u0159il k mo\u017en\u00e9mu americk\u00e9mu \u00fatoku na \u00cdr\u00e1n"},"content":{"rendered":"<div id=\"fb-root\"><\/div>\n<h3>Vojensk\u00e9 zapojen\u00ed Washingtonu by bylo \u201e\u0161patn\u00fdm krokem\u201c, \u0159ekl Dmitrij Peskov<\/h3>\n<p data-start=\"134\" data-end=\"399\"><span>Mluv\u010d\u00ed Kremlu Dmitrij Peskov \u0159ekl televizi RT, \u017ee Washington by se rozhodnut\u00edm za\u00fato\u010dit na \u00cdr\u00e1n dopustil v\u00e1\u017en\u00e9 chyby. Varoval, \u017ee p\u0159\u00edm\u00e9 zapojen\u00ed USA do prob\u00edhaj\u00edc\u00edho konfliktu mezi Isl\u00e1mskou republikou a Izraelem situaci v regionu jen zhor\u0161\u00ed.<\/span><\/p>\n<p data-start=\"134\" data-end=\"399\"><span>Nap\u011bt\u00ed se minul\u00fd t\u00fdden vystup\u0148ovalo pot\u00e9, co Izrael zah\u00e1jil rozs\u00e1hlou bombardovac\u00ed kampa\u0148 proti \u00cdr\u00e1nu s tvrzen\u00edm, \u017ee Teher\u00e1n se chyst\u00e1 vyrobit jadernou bombu. \u00cdr\u00e1n obvin\u011bn\u00ed odm\u00edtl a odvetil vlnou \u00fatok\u016f dron\u016f a raket. Oba n\u00e1rody od t\u00e9 doby pokra\u010duj\u00ed ve vz\u00e1jemn\u00fdch \u00faderech.<\/span><\/p>\n<p data-start=\"977\" data-end=\"1384\"><span>Americk\u00fd prezident Donald Trump v posledn\u00edch dnech p\u0159\u00edmo vyhro\u017eoval Teher\u00e1nu a po\u017eadoval jeho \u00faplnou kapitulaci a opu\u0161t\u011bn\u00ed jadern\u00e9ho programu. Wall Street Journal ve st\u0159edu informoval, \u017ee pl\u00e1n \u00fatoku na \u00cdr\u00e1n byl ji\u017e\u00a0<\/span><a href=\"https:\/\/www.rt.com\/news\/619879-trump-approved-iran-attack\/\" target=\"_blank\" rel=\"noopener noreferrer\"><span>tajn\u011b schv\u00e1len<\/span><\/a><span>\u00a0, ale prezident uvedl, \u017ee publikace\u00a0<\/span><em><span>\u201e\u00a0<\/span><a href=\"https:\/\/truthsocial.com\/@realDonaldTrump\/posts\/114710171329291791\" target=\"_blank\" rel=\"noopener noreferrer\"><span>nem\u00e1 tu\u0161en\u00ed<\/span><\/a><span>\u00a0\u201c.<\/span><\/em><span>\u00a0B\u00edl\u00fd d\u016fm dodal, \u017ee Trump u\u010din\u00ed kone\u010dn\u00e9 rozhodnut\u00ed\u00a0<\/span><em><span>\u201eb\u011bhem p\u0159\u00ed\u0161t\u00edch dvou t\u00fddn\u016f\u201c.<\/span><\/em><\/p>\n<p data-start=\"1386\" data-end=\"1635\"><em><span>\u201eMoskva se domn\u00edv\u00e1, \u017ee je to \u0161patn\u00fd krok,\u201c<\/span><\/em><span>\u00a0\u0159ekl Peskov, kdy\u017e byl dot\u00e1z\u00e1n na ruskou reakci na hypotetick\u00fd postup.\u00a0<\/span><em><span>\u201eJe to krok, kter\u00fd nevyhnuteln\u011b povede k dal\u0161\u00ed eskalaci, k velk\u00e9 eskalaci, a jen by zkomplikoval situaci v regionu.\u201c<\/span><\/em><\/p>\n<p data-start=\"1637\" data-end=\"1802\"><em><span>\u201eTakov\u00e9 konflikty mohou zap\u00e1lit cel\u00fd region,\u201c<\/span><\/em><span>\u00a0varoval Peskov. Dodal, \u017ee Rusko je i nad\u00e1le p\u0159ipraveno a ochotno pomoci p\u0159i \u0159e\u0161en\u00ed konfliktu.<\/span><\/p>\n<p data-start=\"1804\" data-end=\"2094\"><span>Na ot\u00e1zku ohledn\u011b mo\u017enosti zm\u011bny re\u017eimu v \u00cdr\u00e1nu z rukou USA nebo Izraele Peskov zopakoval n\u00e1zor prezidenta Vladimira Putina, \u017ee takov\u00e9 diskuse jsou nep\u0159ijateln\u00e9.\u00a0<\/span><em><span>\u201eDomn\u00edv\u00e1me se, \u017ee je nep\u0159ijateln\u00e9 v\u00e9st takov\u00e9 rozhovory, a t\u00edm sp\u00ed\u0161e podnikat takov\u00e9 kroky,\u201c<\/span><\/em><span>\u00a0\u0159ekl.<\/span><\/p>\n<p data-start=\"1804\" data-end=\"2094\"><span>Rusk\u00fd prezident m\u00e1 \u00fadajn\u011b\u00a0<\/span><em><span>\u201e\u00fapln\u00fd obraz\u201c<\/span><\/em><span>\u00a0situace a potenci\u00e1l p\u016fsobit jako medi\u00e1tor, uvedl Peskov. Poznamenal, \u017ee Putin byl v kontaktu s Izraelem i \u00cdr\u00e1nem a byl jedn\u00edm z m\u00e1la sv\u011btov\u00fdch l\u00eddr\u016f, kte\u0159\u00ed s p\u0159edstaviteli obou zem\u00ed hovo\u0159ili po zah\u00e1jen\u00ed nep\u0159\u00e1telsk\u00fdch akc\u00ed. Peskov v\u0161ak p\u0159ipustil, \u017ee v sou\u010dasn\u00e9 dob\u011b je\u00a0<\/span><em><span>\u201em\u00e1lo prostoru\u201c<\/span><\/em><span>\u00a0pro rozhovory, proto\u017ee Izrael i \u00cdr\u00e1n jsou i nad\u00e1le odhodl\u00e1ni v boj\u00edch pokra\u010dovat.<\/span><\/p>\n<p data-start=\"2539\" data-end=\"2889\"><span>S\u00e1m Putin ve st\u0159edu na ve\u010dern\u00ed sch\u016fzce novin\u00e1\u0159\u016fm \u0159ekl, \u017ee Moskva navrhla v\u0161em stran\u00e1m \u2013 v\u010detn\u011b USA, Izraele a \u00cdr\u00e1nu \u2013 n\u011bkolik kompromisn\u00edch r\u00e1mc\u016f. Nazna\u010dil tak\u00e9, \u017ee potenci\u00e1ln\u00ed urovn\u00e1n\u00ed by mohlo zahrnovat vz\u00e1jemn\u00e9 bezpe\u010dnostn\u00ed z\u00e1ruky chr\u00e1n\u00edc\u00ed jak pr\u00e1vo \u00cdr\u00e1nu na m\u00edrov\u00e9 jadern\u00e9 technologie, tak pr\u00e1vo Izraele na bezpe\u010dnost.<\/span><\/p>\n<p data-start=\"2539\" data-end=\"2889\"><img decoding=\"async\" loading=\"lazy\" class=\"alignnone size-full wp-image-1185\" src=\"http:\/\/www.infokuryr.cz\/n\/wp-content\/uploads\/2021\/04\/kuryr-podpis.png\" alt=\"\" width=\"84\" height=\"24\" \/><\/p>\n<p data-start=\"2539\" data-end=\"2889\">\n","protected":false},"excerpt":{"rendered":"<p>Vojensk\u00e9 zapojen\u00ed Washingtonu by bylo \u201e\u0161patn\u00fdm krokem\u201c, \u0159ekl Dmitrij Peskov Mluv\u010d\u00ed Kremlu Dmitrij Peskov \u0159ekl&#8230;<\/p>\n","protected":false},"author":2,"featured_media":81729,"comment_status":"closed","ping_status":"closed","sticky":false,"template":"","format":"standard","meta":[],"categories":[7],"tags":[38,1065,22,37,40,1461],"_links":{"self":[{"href":"https:\/\/www.infokuryr.cz\/n\/wp-json\/wp\/v2\/posts\/81728"}],"collection":[{"href":"https:\/\/www.infokuryr.cz\/n\/wp-json\/wp\/v2\/posts"}],"about":[{"href":"https:\/\/www.infokuryr.cz\/n\/wp-json\/wp\/v2\/types\/post"}],"author":[{"embeddable":true,"href":"https:\/\/www.infokuryr.cz\/n\/wp-json\/wp\/v2\/users\/2"}],"replies":[{"embeddable":true,"href":"https:\/\/www.infokuryr.cz\/n\/wp-json\/wp\/v2\/comments?post=81728"}],"version-history":[{"count":0,"href":"https:\/\/www.infokuryr.cz\/n\/wp-json\/wp\/v2\/posts\/81728\/revisions"}],"wp:featuredmedia":[{"embeddable":true,"href":"https:\/\/www.infokuryr.cz\/n\/wp-json\/wp\/v2\/media\/81729"}],"wp:attachment":[{"href":"https:\/\/www.infokuryr.cz\/n\/wp-json\/wp\/v2\/media?parent=81728"}],"wp:term":[{"taxonomy":"category","embeddable":true,"href":"https:\/\/www.infokuryr.cz\/n\/wp-json\/wp\/v2\/categories?post=81728"},{"taxonomy":"post_tag","embeddable":true,"href":"https:\/\/www.infokuryr.cz\/n\/wp-json\/wp\/v2\/tags?post=81728"}],"curies":[{"name":"wp","href":"https:\/\/api.w.org\/{rel}","templated":true}]}}